{"id":57160,"date":"2026-03-10T08:00:34","date_gmt":"2026-03-10T14:00:34","guid":{"rendered":"https:\/\/cuernavaca.gob.mx\/?p=57160"},"modified":"2026-03-10T13:09:30","modified_gmt":"2026-03-10T19:09:30","slug":"f185-10-03-26","status":"publish","type":"post","link":"https:\/\/cuernavaca.gob.mx\/?p=57160","title":{"rendered":"F185 10\/03\/26 JOS\u00c9 LUIS URI\u00d3STEGUI REFUERZA V\u00cdNCULO INSTITUCIONAL CON EMPRESARIOS DE LA CONSTRUCCI\u00d3N EN CUERNAVACA"},"content":{"rendered":"<p>El presidente municipal de Cuernavaca, Jos\u00e9 Luis Uri\u00f3stegui Salgado, sostuvo una mesa de di\u00e1logo con el nuevo Comit\u00e9 Directivo de la C\u00e1mara Mexicana de la Industria de la Construcci\u00f3n (CMIC), delegaci\u00f3n Morelos, para el periodo 2026\u20132028, con el objetivo de dar continuidad a la coordinaci\u00f3n institucional que se ha mantenido desde su primera administraci\u00f3n y fortalecer la agenda de infraestructura en la capital morelense.<\/p>\n<p>Durante el encuentro, en el que tambi\u00e9n particip\u00f3 el secretario de Desarrollo Urbano y Obras P\u00fablicas, Demetrio Chavira de la Torre, el comit\u00e9 encabezado por Everardo Garc\u00eda Hern\u00e1ndez, presidente electo, reiter\u00f3 su disposici\u00f3n para colaborar en proyectos estrat\u00e9gicos y en esquemas de capacitaci\u00f3n que contribuyan a consolidar la pol\u00edtica de obra p\u00fablica y el desarrollo urbano del municipio.<\/p>\n<p>Las y los integrantes del organismo reconocieron la apertura del Ayuntamiento para seguir integrando la visi\u00f3n del sector de la construcci\u00f3n en la ejecuci\u00f3n de acciones, subrayando que la CMIC funge como un \u00f3rgano de consulta y colaboraci\u00f3n, aportando experiencia t\u00e9cnica y perspectiva especializada en beneficio de la poblaci\u00f3n.<\/p>\n<p>En el encuentro tambi\u00e9n participaron la presidenta del Consejo Coordinador Empresarial en Morelos, Griselda Hurtado Calder\u00f3n, y el secretario del mismo organismo, Santiago Villegas Nepomuceno.<\/p>\n\n\t\t<style type=\"text\/css\">\n\t\t\t#gallery-1 {\n\t\t\t\tmargin: auto;\n\t\t\t}\n\t\t\t#gallery-1 .gallery-item {\n\t\t\t\tfloat: left;\n\t\t\t\tmargin-top: 10px;\n\t\t\t\ttext-align: center;\n\t\t\t\twidth: 33%;\n\t\t\t}\n\t\t\t#gallery-1 img {\n\t\t\t\tborder: 2px solid #cfcfcf;\n\t\t\t}\n\t\t\t#gallery-1 .gallery-caption {\n\t\t\t\tmargin-left: 0;\n\t\t\t}\n\t\t\t\/* see gallery_shortcode() in wp-includes\/media.php *\/\n\t\t<\/style>\n\t\t<div id='gallery-1' class='gallery galleryid-57160 gallery-columns-3 gallery-size-thumbnail'><dl class='gallery-item'>\n\t\t\t<dt class='gallery-icon landscape'>\n\t\t\t\t<a href='https:\/\/cuernavaca.gob.mx\/?attachment_id=57161'><img width=\"150\" height=\"150\" src=\"https:\/\/cuernavaca.gob.mx\/wp-content\/uploads\/2026\/03\/JOSE\u0301-LUIS-URIO\u0301STEGUI-REFUERZA-VI\u0301NCULO-INSTITUCIONAL-CON-EMPRESARIOS-DE-LA-CONSTRUCCIO\u0301N-EN-CUERNAVACA-1-150x150.jpg\" class=\"attachment-thumbnail size-thumbnail\" alt=\"\" loading=\"lazy\" \/><\/a>\n\t\t\t<\/dt><\/dl><dl class='gallery-item'>\n\t\t\t<dt class='gallery-icon landscape'>\n\t\t\t\t<a href='https:\/\/cuernavaca.gob.mx\/?attachment_id=57162'><img width=\"150\" height=\"150\" src=\"https:\/\/cuernavaca.gob.mx\/wp-content\/uploads\/2026\/03\/JOSE\u0301-LUIS-URIO\u0301STEGUI-REFUERZA-VI\u0301NCULO-INSTITUCIONAL-CON-EMPRESARIOS-DE-LA-CONSTRUCCIO\u0301N-EN-CUERNAVACA-2-150x150.jpg\" class=\"attachment-thumbnail size-thumbnail\" alt=\"\" loading=\"lazy\" \/><\/a>\n\t\t\t<\/dt><\/dl><dl class='gallery-item'>\n\t\t\t<dt class='gallery-icon landscape'>\n\t\t\t\t<a href='https:\/\/cuernavaca.gob.mx\/?attachment_id=57163'><img width=\"150\" height=\"150\" src=\"https:\/\/cuernavaca.gob.mx\/wp-content\/uploads\/2026\/03\/JOSE\u0301-LUIS-URIO\u0301STEGUI-REFUERZA-VI\u0301NCULO-INSTITUCIONAL-CON-EMPRESARIOS-DE-LA-CONSTRUCCIO\u0301N-EN-CUERNAVACA-3-150x150.jpg\" class=\"attachment-thumbnail size-thumbnail\" alt=\"\" loading=\"lazy\" \/><\/a>\n\t\t\t<\/dt><\/dl><br style=\"clear: both\" \/>\n\t\t<\/div>\n\n","protected":false},"excerpt":{"rendered":"<p>El presidente municipal de Cuernavaca, Jos\u00e9 Luis Uri\u00f3stegui Salgado, sostuvo una mesa de di\u00e1logo con el nuevo Comit\u00e9 Directivo de la C\u00e1mara Mexicana de la Industria de la Construcci\u00f3n (CMIC), delegaci\u00f3n Morelos, para el periodo 2026\u20132028, con el objetivo de dar continuidad a la coordinaci\u00f3n institucional que se ha mantenido desde su primera administraci\u00f3n y [&hellip;]<\/p>\n","protected":false},"author":1,"featured_media":57161,"comment_status":"closed","ping_status":"open","sticky":false,"template":"","format":"standard","meta":[],"categories":[20],"tags":[],"aioseo_notices":[],"_links":{"self":[{"href":"https:\/\/cuernavaca.gob.mx\/index.php?rest_route=\/wp\/v2\/posts\/57160"}],"collection":[{"href":"https:\/\/cuernavaca.gob.mx\/index.php?rest_route=\/wp\/v2\/posts"}],"about":[{"href":"https:\/\/cuernavaca.gob.mx\/index.php?rest_route=\/wp\/v2\/types\/post"}],"author":[{"embeddable":true,"href":"https:\/\/cuernavaca.gob.mx\/index.php?rest_route=\/wp\/v2\/users\/1"}],"replies":[{"embeddable":true,"href":"https:\/\/cuernavaca.gob.mx\/index.php?rest_route=%2Fwp%2Fv2%2Fcomments&post=57160"}],"version-history":[{"count":2,"href":"https:\/\/cuernavaca.gob.mx\/index.php?rest_route=\/wp\/v2\/posts\/57160\/revisions"}],"predecessor-version":[{"id":57165,"href":"https:\/\/cuernavaca.gob.mx\/index.php?rest_route=\/wp\/v2\/posts\/57160\/revisions\/57165"}],"wp:featuredmedia":[{"embeddable":true,"href":"https:\/\/cuernavaca.gob.mx\/index.php?rest_route=\/wp\/v2\/media\/57161"}],"wp:attachment":[{"href":"https:\/\/cuernavaca.gob.mx\/index.php?rest_route=%2Fwp%2Fv2%2Fmedia&parent=57160"}],"wp:term":[{"taxonomy":"category","embeddable":true,"href":"https:\/\/cuernavaca.gob.mx\/index.php?rest_route=%2Fwp%2Fv2%2Fcategories&post=57160"},{"taxonomy":"post_tag","embeddable":true,"href":"https:\/\/cuernavaca.gob.mx\/index.php?rest_route=%2Fwp%2Fv2%2Ftags&post=57160"}],"curies":[{"name":"wp","href":"https:\/\/api.w.org\/{rel}","templated":true}]}}