{"id":57166,"date":"2026-03-10T08:35:44","date_gmt":"2026-03-10T14:35:44","guid":{"rendered":"https:\/\/cuernavaca.gob.mx\/?p=57166"},"modified":"2026-03-10T13:12:04","modified_gmt":"2026-03-10T19:12:04","slug":"b999-10-03-26-culminacion-exitosa-del-taller-de-primeros-auxilios-en-el-imc-una-comunidad-mas-fuerte-y-preparada","status":"publish","type":"post","link":"https:\/\/cuernavaca.gob.mx\/?p=57166","title":{"rendered":"B999 10\/03\/26 CULMINACI\u00d3N EXITOSA DEL TALLER DE PRIMEROS AUXILIOS EN EL IMC: UNA COMUNIDAD M\u00c1S FUERTE Y PREPARADA"},"content":{"rendered":"<p><strong>* Participantes concluyen 30 horas de formaci\u00f3n te\u00f3rico-pr\u00e1ctica<\/strong><\/p>\n<p><strong>* Se fortalecen capacidades comunitarias para la atenci\u00f3n de emergencias<\/strong><\/p>\n<p>Con \u00e9xito concluy\u00f3 el Taller de Primeros Auxilios del Instituto de la Mujer de Cuernavaca (IMC), un espacio que no solo brind\u00f3 herramientas pr\u00e1cticas para actuar ante emergencias, sino que tambi\u00e9n fortaleci\u00f3 la comunidad, la solidaridad y el empoderamiento de las participantes.<\/p>\n<p>Durante 10 sesiones intensivas de trabajo, que sumaron 30 horas de aprendizaje te\u00f3rico y pr\u00e1ctico, las participantes se comprometieron con un objetivo claro: prepararse para proteger la vida. Al concluir este proceso formativo, recibieron sus constancias, s\u00edmbolo no solo de asistencia, sino de dedicaci\u00f3n, esfuerzo y responsabilidad social.<\/p>\n<p>A lo largo del taller, cada sesi\u00f3n fortaleci\u00f3 el conocimiento y la confianza de las asistentes. Adquirieron herramientas esenciales para actuar con seguridad, rapidez y eficacia ante situaciones de emergencia, comprendiendo que estar preparadas puede marcar la diferencia en momentos cr\u00edticos. Con cada pr\u00e1ctica y simulaci\u00f3n reafirmaron su capacidad para responder cuando m\u00e1s se les necesita.<\/p>\n<p>El taller fue impartido por la enfermera Ang\u00e9lica Thanayri S\u00e1nchez Ortiz, de la Brigada de Educaci\u00f3n para el Desarrollo Rural No. 94, a quien se extiende un reconocimiento por su entrega, profesionalismo y compromiso en la formaci\u00f3n de las participantes.<\/p>\n<p>Entre los temas abordados se incluyeron contenidos fundamentales como: RCP b\u00e1sico, Vendajes y curaci\u00f3n de heridas, Manejo de fracturas e inmovilizaci\u00f3n, y Protocolo ante emergencias (hemorragias, asfixia y quemaduras). Cada uno de estos conocimientos representa hoy una herramienta concreta al servicio de la comunidad.<\/p>\n<p>El IMC reconoce tambi\u00e9n el respaldo de la Brigada de Educaci\u00f3n para el Desarrollo Rural No. 94 por sumar esfuerzos y hacer posible esta iniciativa. Gracias a esta colaboraci\u00f3n interinstitucional, m\u00e1s mujeres cuentan ahora con formaci\u00f3n en temas vitales para su bienestar y el de quienes las rodean.<\/p>\n<p>Estas 30 horas de dedicaci\u00f3n se traducen en una comunidad m\u00e1s fuerte, emp\u00e1tica y preparada. Las participantes se convierten en agentes de cambio y en una red de apoyo comprometida, lista para actuar con responsabilidad y confianza ante cualquier emergencia.<\/p>\n<p>\ud83d\udccd Instituto de la Mujer de Cuernavaca<br \/>\nAv. Emiliano Zapata 715, Col. Tlaltenango<br \/>\n\ud83d\udcde 777 144 0067 | \ud83d\udcf2 WhatsApp 777 367 4447<\/p>\n\n\t\t<style type=\"text\/css\">\n\t\t\t#gallery-1 {\n\t\t\t\tmargin: auto;\n\t\t\t}\n\t\t\t#gallery-1 .gallery-item {\n\t\t\t\tfloat: left;\n\t\t\t\tmargin-top: 10px;\n\t\t\t\ttext-align: center;\n\t\t\t\twidth: 33%;\n\t\t\t}\n\t\t\t#gallery-1 img {\n\t\t\t\tborder: 2px solid #cfcfcf;\n\t\t\t}\n\t\t\t#gallery-1 .gallery-caption {\n\t\t\t\tmargin-left: 0;\n\t\t\t}\n\t\t\t\/* see gallery_shortcode() in wp-includes\/media.php *\/\n\t\t<\/style>\n\t\t<div id='gallery-1' class='gallery galleryid-57166 gallery-columns-3 gallery-size-thumbnail'><dl class='gallery-item'>\n\t\t\t<dt class='gallery-icon portrait'>\n\t\t\t\t<a href='https:\/\/cuernavaca.gob.mx\/?attachment_id=57167'><img width=\"150\" height=\"150\" src=\"https:\/\/cuernavaca.gob.mx\/wp-content\/uploads\/2026\/03\/CULMINACIO\u0301N-EXITOSA-DEL-TALLER-DE-PRIMEROS-AUXILIOS-EN-EL-IMC-1-150x150.jpg\" class=\"attachment-thumbnail size-thumbnail\" alt=\"\" loading=\"lazy\" \/><\/a>\n\t\t\t<\/dt><\/dl><dl class='gallery-item'>\n\t\t\t<dt class='gallery-icon portrait'>\n\t\t\t\t<a href='https:\/\/cuernavaca.gob.mx\/?attachment_id=57168'><img width=\"150\" height=\"150\" src=\"https:\/\/cuernavaca.gob.mx\/wp-content\/uploads\/2026\/03\/CULMINACIO\u0301N-EXITOSA-DEL-TALLER-DE-PRIMEROS-AUXILIOS-EN-EL-IMC-2-150x150.jpg\" class=\"attachment-thumbnail size-thumbnail\" alt=\"\" loading=\"lazy\" \/><\/a>\n\t\t\t<\/dt><\/dl><dl class='gallery-item'>\n\t\t\t<dt class='gallery-icon portrait'>\n\t\t\t\t<a href='https:\/\/cuernavaca.gob.mx\/?attachment_id=57169'><img width=\"150\" height=\"150\" src=\"https:\/\/cuernavaca.gob.mx\/wp-content\/uploads\/2026\/03\/CULMINACIO\u0301N-EXITOSA-DEL-TALLER-DE-PRIMEROS-AUXILIOS-EN-EL-IMC-3-150x150.jpg\" class=\"attachment-thumbnail size-thumbnail\" alt=\"\" loading=\"lazy\" \/><\/a>\n\t\t\t<\/dt><\/dl><br style=\"clear: both\" \/><dl class='gallery-item'>\n\t\t\t<dt class='gallery-icon portrait'>\n\t\t\t\t<a href='https:\/\/cuernavaca.gob.mx\/?attachment_id=57170'><img width=\"150\" height=\"150\" src=\"https:\/\/cuernavaca.gob.mx\/wp-content\/uploads\/2026\/03\/CULMINACIO\u0301N-EXITOSA-DEL-TALLER-DE-PRIMEROS-AUXILIOS-EN-EL-IMC-4-150x150.jpg\" class=\"attachment-thumbnail size-thumbnail\" alt=\"\" loading=\"lazy\" \/><\/a>\n\t\t\t<\/dt><\/dl>\n\t\t\t<br style='clear: both' \/>\n\t\t<\/div>\n\n","protected":false},"excerpt":{"rendered":"<p>* Participantes concluyen 30 horas de formaci\u00f3n te\u00f3rico-pr\u00e1ctica * Se fortalecen capacidades comunitarias para la atenci\u00f3n de emergencias Con \u00e9xito concluy\u00f3 el Taller de Primeros Auxilios del Instituto de la Mujer de Cuernavaca (IMC), un espacio que no solo brind\u00f3 herramientas pr\u00e1cticas para actuar ante emergencias, sino que tambi\u00e9n fortaleci\u00f3 la comunidad, la solidaridad y [&hellip;]<\/p>\n","protected":false},"author":1,"featured_media":57169,"comment_status":"closed","ping_status":"open","sticky":false,"template":"","format":"standard","meta":[],"categories":[280],"tags":[],"aioseo_notices":[],"_links":{"self":[{"href":"https:\/\/cuernavaca.gob.mx\/index.php?rest_route=\/wp\/v2\/posts\/57166"}],"collection":[{"href":"https:\/\/cuernavaca.gob.mx\/index.php?rest_route=\/wp\/v2\/posts"}],"about":[{"href":"https:\/\/cuernavaca.gob.mx\/index.php?rest_route=\/wp\/v2\/types\/post"}],"author":[{"embeddable":true,"href":"https:\/\/cuernavaca.gob.mx\/index.php?rest_route=\/wp\/v2\/users\/1"}],"replies":[{"embeddable":true,"href":"https:\/\/cuernavaca.gob.mx\/index.php?rest_route=%2Fwp%2Fv2%2Fcomments&post=57166"}],"version-history":[{"count":1,"href":"https:\/\/cuernavaca.gob.mx\/index.php?rest_route=\/wp\/v2\/posts\/57166\/revisions"}],"predecessor-version":[{"id":57171,"href":"https:\/\/cuernavaca.gob.mx\/index.php?rest_route=\/wp\/v2\/posts\/57166\/revisions\/57171"}],"wp:featuredmedia":[{"embeddable":true,"href":"https:\/\/cuernavaca.gob.mx\/index.php?rest_route=\/wp\/v2\/media\/57169"}],"wp:attachment":[{"href":"https:\/\/cuernavaca.gob.mx\/index.php?rest_route=%2Fwp%2Fv2%2Fmedia&parent=57166"}],"wp:term":[{"taxonomy":"category","embeddable":true,"href":"https:\/\/cuernavaca.gob.mx\/index.php?rest_route=%2Fwp%2Fv2%2Fcategories&post=57166"},{"taxonomy":"post_tag","embeddable":true,"href":"https:\/\/cuernavaca.gob.mx\/index.php?rest_route=%2Fwp%2Fv2%2Ftags&post=57166"}],"curies":[{"name":"wp","href":"https:\/\/api.w.org\/{rel}","templated":true}]}}