{"id":57190,"date":"2026-03-11T09:00:12","date_gmt":"2026-03-11T15:00:12","guid":{"rendered":"https:\/\/cuernavaca.gob.mx\/?p=57190"},"modified":"2026-03-11T10:39:51","modified_gmt":"2026-03-11T16:39:51","slug":"b1003-11-03-26-cuernavaca-fortalece-su-marco-legal-para-garantizar-una-ciudad-libre-de-discriminacion","status":"publish","type":"post","link":"https:\/\/cuernavaca.gob.mx\/?p=57190","title":{"rendered":"B1003 11\/03\/26 CUERNAVACA FORTALECE SU MARCO LEGAL PARA GARANTIZAR UNA CIUDAD LIBRE DE DISCRIMINACI\u00d3N"},"content":{"rendered":"<p><strong>\u2022 Cabildo aprueba reformas al Bando de Polic\u00eda y Buen Gobierno que consolidan una cl\u00e1usula antidiscriminatoria y promueven la capacitaci\u00f3n del personal municipal<\/strong><\/p>\n<p>Con el objetivo de garantizar el respeto a la dignidad humana y fortalecer la convivencia social basada en la igualdad, el Ayuntamiento de Cuernavaca, encabezado por el presidente municipal Jos\u00e9 Luis Uri\u00f3stegui Salgado, aprob\u00f3 en sesi\u00f3n ordinaria de Cabildo la reforma al art\u00edculo 4o y adiciones al art\u00edculo 4o Bis del Bando de Polic\u00eda y Buen Gobierno del Municipio, con lo que se incorpora una cl\u00e1usula antidiscriminatoria que refuerza el marco normativo municipal.<\/p>\n<p>La iniciativa, presentada por la regidora Erika Lastra Jaimes, surge del di\u00e1logo con distintos sectores de la poblaci\u00f3n, entre ellos colectivos ciudadanos, j\u00f3venes, mujeres, personas de la diversidad sexual, as\u00ed como integrantes de comunidades ind\u00edgenas y afromexicanas, quienes coincidieron en la importancia de contar con reglas claras que garanticen un trato digno e igualitario en todos los espacios del municipio.<\/p>\n<p>Durante la discusi\u00f3n del punto, la regidora explic\u00f3 que esta reforma incorpora definiciones actualizadas sobre discriminaci\u00f3n, adem\u00e1s de establecer la obligaci\u00f3n de impulsar procesos de capacitaci\u00f3n para el personal municipal, con el prop\u00f3sito de fortalecer una cultura institucional basada en el respeto, la inclusi\u00f3n y la igualdad.<\/p>\n<p>Destac\u00f3 que esta modificaci\u00f3n normativa env\u00eda un mensaje claro a la ciudadan\u00eda: en Cuernavaca nadie puede ser excluido por su identidad, orientaci\u00f3n, origen, condici\u00f3n social o cualquier caracter\u00edstica personal, reafirmando el compromiso de la administraci\u00f3n municipal con el respeto pleno a los derechos humanos.<\/p>\n<p>Por su lado, la regidora Paz Hern\u00e1ndez Pardo, presidenta de la Comisi\u00f3n de Gobernaci\u00f3n y Reglamentos, subray\u00f3 que con esta reforma el Ayuntamiento fortalece su marco jur\u00eddico para que la inclusi\u00f3n y la igualdad no dependan de decisiones moment\u00e1neas, sino que queden establecidas como principios permanentes en la actuaci\u00f3n del Gobierno Municipal.<\/p>\n<p>El Ayuntamiento de Cuernavaca reafirma su compromiso de consolidar una ciudad donde la dignidad humana sea el eje de las pol\u00edticas p\u00fablicas, promoviendo una convivencia basada en el respeto, la igualdad y la inclusi\u00f3n.<\/p>\n\n\t\t<style type=\"text\/css\">\n\t\t\t#gallery-1 {\n\t\t\t\tmargin: auto;\n\t\t\t}\n\t\t\t#gallery-1 .gallery-item {\n\t\t\t\tfloat: left;\n\t\t\t\tmargin-top: 10px;\n\t\t\t\ttext-align: center;\n\t\t\t\twidth: 33%;\n\t\t\t}\n\t\t\t#gallery-1 img {\n\t\t\t\tborder: 2px solid #cfcfcf;\n\t\t\t}\n\t\t\t#gallery-1 .gallery-caption {\n\t\t\t\tmargin-left: 0;\n\t\t\t}\n\t\t\t\/* see gallery_shortcode() in wp-includes\/media.php *\/\n\t\t<\/style>\n\t\t<div id='gallery-1' class='gallery galleryid-57190 gallery-columns-3 gallery-size-thumbnail'><dl class='gallery-item'>\n\t\t\t<dt class='gallery-icon landscape'>\n\t\t\t\t<a href='https:\/\/cuernavaca.gob.mx\/?attachment_id=57191'><img width=\"150\" height=\"150\" src=\"https:\/\/cuernavaca.gob.mx\/wp-content\/uploads\/2026\/03\/CUERNAVACA-FORTALECE-SU-MARCO-LEGAL-PARA-GARANTIZAR-UNA-CIUDAD-LIBRE-DE-DISCRIMINACIO\u0301N-1-150x150.jpg\" class=\"attachment-thumbnail size-thumbnail\" alt=\"\" loading=\"lazy\" \/><\/a>\n\t\t\t<\/dt><\/dl><dl class='gallery-item'>\n\t\t\t<dt class='gallery-icon landscape'>\n\t\t\t\t<a href='https:\/\/cuernavaca.gob.mx\/?attachment_id=57192'><img width=\"150\" height=\"150\" src=\"https:\/\/cuernavaca.gob.mx\/wp-content\/uploads\/2026\/03\/CUERNAVACA-FORTALECE-SU-MARCO-LEGAL-PARA-GARANTIZAR-UNA-CIUDAD-LIBRE-DE-DISCRIMINACIO\u0301N-2-150x150.jpg\" class=\"attachment-thumbnail size-thumbnail\" alt=\"\" loading=\"lazy\" \/><\/a>\n\t\t\t<\/dt><\/dl><dl class='gallery-item'>\n\t\t\t<dt class='gallery-icon landscape'>\n\t\t\t\t<a href='https:\/\/cuernavaca.gob.mx\/?attachment_id=57193'><img width=\"150\" height=\"150\" src=\"https:\/\/cuernavaca.gob.mx\/wp-content\/uploads\/2026\/03\/CUERNAVACA-FORTALECE-SU-MARCO-LEGAL-PARA-GARANTIZAR-UNA-CIUDAD-LIBRE-DE-DISCRIMINACIO\u0301N-3-150x150.jpg\" class=\"attachment-thumbnail size-thumbnail\" alt=\"\" loading=\"lazy\" \/><\/a>\n\t\t\t<\/dt><\/dl><br style=\"clear: both\" \/><dl class='gallery-item'>\n\t\t\t<dt class='gallery-icon landscape'>\n\t\t\t\t<a href='https:\/\/cuernavaca.gob.mx\/?attachment_id=57194'><img width=\"150\" height=\"150\" src=\"https:\/\/cuernavaca.gob.mx\/wp-content\/uploads\/2026\/03\/CUERNAVACA-FORTALECE-SU-MARCO-LEGAL-PARA-GARANTIZAR-UNA-CIUDAD-LIBRE-DE-DISCRIMINACIO\u0301N-5-150x150.jpg\" class=\"attachment-thumbnail size-thumbnail\" alt=\"\" loading=\"lazy\" \/><\/a>\n\t\t\t<\/dt><\/dl>\n\t\t\t<br style='clear: both' \/>\n\t\t<\/div>\n\n","protected":false},"excerpt":{"rendered":"<p>\u2022 Cabildo aprueba reformas al Bando de Polic\u00eda y Buen Gobierno que consolidan una cl\u00e1usula antidiscriminatoria y promueven la capacitaci\u00f3n del personal municipal Con el objetivo de garantizar el respeto a la dignidad humana y fortalecer la convivencia social basada en la igualdad, el Ayuntamiento de Cuernavaca, encabezado por el presidente municipal Jos\u00e9 Luis Uri\u00f3stegui [&hellip;]<\/p>\n","protected":false},"author":1,"featured_media":57191,"comment_status":"closed","ping_status":"open","sticky":false,"template":"","format":"standard","meta":[],"categories":[3047],"tags":[],"aioseo_notices":[],"_links":{"self":[{"href":"https:\/\/cuernavaca.gob.mx\/index.php?rest_route=\/wp\/v2\/posts\/57190"}],"collection":[{"href":"https:\/\/cuernavaca.gob.mx\/index.php?rest_route=\/wp\/v2\/posts"}],"about":[{"href":"https:\/\/cuernavaca.gob.mx\/index.php?rest_route=\/wp\/v2\/types\/post"}],"author":[{"embeddable":true,"href":"https:\/\/cuernavaca.gob.mx\/index.php?rest_route=\/wp\/v2\/users\/1"}],"replies":[{"embeddable":true,"href":"https:\/\/cuernavaca.gob.mx\/index.php?rest_route=%2Fwp%2Fv2%2Fcomments&post=57190"}],"version-history":[{"count":1,"href":"https:\/\/cuernavaca.gob.mx\/index.php?rest_route=\/wp\/v2\/posts\/57190\/revisions"}],"predecessor-version":[{"id":57195,"href":"https:\/\/cuernavaca.gob.mx\/index.php?rest_route=\/wp\/v2\/posts\/57190\/revisions\/57195"}],"wp:featuredmedia":[{"embeddable":true,"href":"https:\/\/cuernavaca.gob.mx\/index.php?rest_route=\/wp\/v2\/media\/57191"}],"wp:attachment":[{"href":"https:\/\/cuernavaca.gob.mx\/index.php?rest_route=%2Fwp%2Fv2%2Fmedia&parent=57190"}],"wp:term":[{"taxonomy":"category","embeddable":true,"href":"https:\/\/cuernavaca.gob.mx\/index.php?rest_route=%2Fwp%2Fv2%2Fcategories&post=57190"},{"taxonomy":"post_tag","embeddable":true,"href":"https:\/\/cuernavaca.gob.mx\/index.php?rest_route=%2Fwp%2Fv2%2Ftags&post=57190"}],"curies":[{"name":"wp","href":"https:\/\/api.w.org\/{rel}","templated":true}]}}