{"id":57196,"date":"2026-03-11T10:00:13","date_gmt":"2026-03-11T16:00:13","guid":{"rendered":"https:\/\/cuernavaca.gob.mx\/?p=57196"},"modified":"2026-03-11T10:43:15","modified_gmt":"2026-03-11T16:43:15","slug":"b1004-11-03-26-gobierno-de-cuernavaca-fortalece-la-orientacion-ciudadana-con-taller-sobre-movilidad-internacional","status":"publish","type":"post","link":"https:\/\/cuernavaca.gob.mx\/?p=57196","title":{"rendered":"B1004 11\/03\/26 GOBIERNO DE CUERNAVACA FORTALECE LA ORIENTACI\u00d3N CIUDADANA CON TALLER SOBRE MOVILIDAD INTERNACIONAL"},"content":{"rendered":"<p><strong>\u2022 La actividad brind\u00f3 informaci\u00f3n confiable para prevenir la desinformaci\u00f3n y promover viajes internacionales seguros<\/strong><\/p>\n<p><strong>\u2022 A trav\u00e9s de especialistas y fuentes oficiales, el taller abord\u00f3 derechos migratorios y recomendaciones para evitar fraudes o asesor\u00edas irregulares<\/strong><\/p>\n<p>Con el objetivo de brindar herramientas informativas y prevenir la desinformaci\u00f3n en temas migratorios, el Ayuntamiento de Cuernavaca, a trav\u00e9s de la Secretar\u00eda de Desarrollo Humano y Participaci\u00f3n Social (SDHyPS) y la Direcci\u00f3n de Asuntos Migratorios y Religiosos, llev\u00f3 a cabo el taller \u201cTurismo Familiar: Gu\u00eda para un ingreso seguro a Estados Unidos de Am\u00e9rica\u201d, dirigido a personas interesadas en conocer los procedimientos y derechos relacionados con la movilidad internacional.<\/p>\n<p>El taller se realiz\u00f3 en modalidad presencial y virtual desde las instalaciones de la Biblioteca P\u00fablica Municipal \u201cDr. Jos\u00e9 F\u00e9lix Fr\u00edas S\u00e1nchez\u201d, lo que permiti\u00f3 ampliar el acceso a la informaci\u00f3n para un mayor n\u00famero de participantes.<\/p>\n<p>La actividad cont\u00f3 con la colaboraci\u00f3n de la organizaci\u00f3n Bi-National Group Inc., que brind\u00f3 informaci\u00f3n especializada sobre el contexto actual de la pol\u00edtica migratoria en Estados Unidos, as\u00ed como recomendaciones pr\u00e1cticas para quienes planean viajar al extranjero por motivos tur\u00edsticos, familiares o personales.<\/p>\n<p>Durante la sesi\u00f3n se abordaron temas relacionados con los derechos de las personas migrantes, las medidas de seguridad para el ingreso a territorio estadounidense y la importancia de recurrir a fuentes oficiales de informaci\u00f3n, con el prop\u00f3sito de evitar fraudes, intermediarios irregulares o asesor\u00edas sin sustento legal.<\/p>\n<p>Asimismo, se destac\u00f3 la importancia de que la ciudadan\u00eda conozca los procedimientos migratorios vigentes, los requisitos de ingreso y las medidas preventivas necesarias para garantizar viajes seguros, especialmente en un contexto internacional donde las pol\u00edticas migratorias pueden presentar actualizaciones.<\/p>\n<p>Jorge Iv\u00e1n Cordero Flores, titular de la Direcci\u00f3n de Asuntos Migratorios y Religiosos, destac\u00f3 que la orientaci\u00f3n oportuna permite que las y los ciudadanos tomen decisiones informadas y seguras.<\/p>\n<p>Con este tipo de iniciativas, el Gobierno Municipal de Cuernavaca reafirma su compromiso de acompa\u00f1ar y orientar a la poblaci\u00f3n en temas migratorios, promoviendo el acceso a informaci\u00f3n confiable que contribuya a proteger los derechos y la seguridad de las personas que viajan o mantienen lazos familiares fuera del pa\u00eds.<\/p>\n\n\t\t<style type=\"text\/css\">\n\t\t\t#gallery-1 {\n\t\t\t\tmargin: auto;\n\t\t\t}\n\t\t\t#gallery-1 .gallery-item {\n\t\t\t\tfloat: left;\n\t\t\t\tmargin-top: 10px;\n\t\t\t\ttext-align: center;\n\t\t\t\twidth: 33%;\n\t\t\t}\n\t\t\t#gallery-1 img {\n\t\t\t\tborder: 2px solid #cfcfcf;\n\t\t\t}\n\t\t\t#gallery-1 .gallery-caption {\n\t\t\t\tmargin-left: 0;\n\t\t\t}\n\t\t\t\/* see gallery_shortcode() in wp-includes\/media.php *\/\n\t\t<\/style>\n\t\t<div id='gallery-1' class='gallery galleryid-57196 gallery-columns-3 gallery-size-thumbnail'><dl class='gallery-item'>\n\t\t\t<dt class='gallery-icon portrait'>\n\t\t\t\t<a href='https:\/\/cuernavaca.gob.mx\/?attachment_id=57197'><img width=\"150\" height=\"150\" src=\"https:\/\/cuernavaca.gob.mx\/wp-content\/uploads\/2026\/03\/GOBIERNO-DE-CUERNAVACA-FORTALECE-LA-ORIENTACIO\u0301N-CIUDADANA-CON-TALLER-SOBRE-MOVILIDAD-INTERNACIONAL-1-150x150.jpg\" class=\"attachment-thumbnail size-thumbnail\" alt=\"\" loading=\"lazy\" \/><\/a>\n\t\t\t<\/dt><\/dl><dl class='gallery-item'>\n\t\t\t<dt class='gallery-icon portrait'>\n\t\t\t\t<a href='https:\/\/cuernavaca.gob.mx\/?attachment_id=57198'><img width=\"150\" height=\"150\" src=\"https:\/\/cuernavaca.gob.mx\/wp-content\/uploads\/2026\/03\/GOBIERNO-DE-CUERNAVACA-FORTALECE-LA-ORIENTACIO\u0301N-CIUDADANA-CON-TALLER-SOBRE-MOVILIDAD-INTERNACIONAL-2-150x150.jpg\" class=\"attachment-thumbnail size-thumbnail\" alt=\"\" loading=\"lazy\" \/><\/a>\n\t\t\t<\/dt><\/dl>\n\t\t\t<br style='clear: both' \/>\n\t\t<\/div>\n\n","protected":false},"excerpt":{"rendered":"<p>\u2022 La actividad brind\u00f3 informaci\u00f3n confiable para prevenir la desinformaci\u00f3n y promover viajes internacionales seguros \u2022 A trav\u00e9s de especialistas y fuentes oficiales, el taller abord\u00f3 derechos migratorios y recomendaciones para evitar fraudes o asesor\u00edas irregulares Con el objetivo de brindar herramientas informativas y prevenir la desinformaci\u00f3n en temas migratorios, el Ayuntamiento de Cuernavaca, a [&hellip;]<\/p>\n","protected":false},"author":1,"featured_media":57198,"comment_status":"closed","ping_status":"open","sticky":false,"template":"","format":"standard","meta":[],"categories":[862],"tags":[],"aioseo_notices":[],"_links":{"self":[{"href":"https:\/\/cuernavaca.gob.mx\/index.php?rest_route=\/wp\/v2\/posts\/57196"}],"collection":[{"href":"https:\/\/cuernavaca.gob.mx\/index.php?rest_route=\/wp\/v2\/posts"}],"about":[{"href":"https:\/\/cuernavaca.gob.mx\/index.php?rest_route=\/wp\/v2\/types\/post"}],"author":[{"embeddable":true,"href":"https:\/\/cuernavaca.gob.mx\/index.php?rest_route=\/wp\/v2\/users\/1"}],"replies":[{"embeddable":true,"href":"https:\/\/cuernavaca.gob.mx\/index.php?rest_route=%2Fwp%2Fv2%2Fcomments&post=57196"}],"version-history":[{"count":1,"href":"https:\/\/cuernavaca.gob.mx\/index.php?rest_route=\/wp\/v2\/posts\/57196\/revisions"}],"predecessor-version":[{"id":57199,"href":"https:\/\/cuernavaca.gob.mx\/index.php?rest_route=\/wp\/v2\/posts\/57196\/revisions\/57199"}],"wp:featuredmedia":[{"embeddable":true,"href":"https:\/\/cuernavaca.gob.mx\/index.php?rest_route=\/wp\/v2\/media\/57198"}],"wp:attachment":[{"href":"https:\/\/cuernavaca.gob.mx\/index.php?rest_route=%2Fwp%2Fv2%2Fmedia&parent=57196"}],"wp:term":[{"taxonomy":"category","embeddable":true,"href":"https:\/\/cuernavaca.gob.mx\/index.php?rest_route=%2Fwp%2Fv2%2Fcategories&post=57196"},{"taxonomy":"post_tag","embeddable":true,"href":"https:\/\/cuernavaca.gob.mx\/index.php?rest_route=%2Fwp%2Fv2%2Ftags&post=57196"}],"curies":[{"name":"wp","href":"https:\/\/api.w.org\/{rel}","templated":true}]}}