{"id":57201,"date":"2026-03-11T11:35:50","date_gmt":"2026-03-11T17:35:50","guid":{"rendered":"https:\/\/cuernavaca.gob.mx\/?p=57201"},"modified":"2026-03-11T14:06:00","modified_gmt":"2026-03-11T20:06:00","slug":"f187-11-03-26-refrenda-jose-luis-uriostegui-compromiso-con-la-paz-en-jornada-de-destruccion-de-armas-de-la-sedena","status":"publish","type":"post","link":"https:\/\/cuernavaca.gob.mx\/?p=57201","title":{"rendered":"F187 11\/03\/26 REFRENDA JOS\u00c9 LUIS URI\u00d3STEGUI COMPROMISO CON LA PAZ EN JORNADA DE DESTRUCCI\u00d3N DE ARMAS DE LA SEDENA"},"content":{"rendered":"<p>Como parte de las acciones coordinadas para fortalecer la seguridad en la entidad, el presidente municipal de Cuernavaca, Jos\u00e9 Luis Uri\u00f3stegui Salgado, particip\u00f3 este mi\u00e9rcoles en la Ceremonia de Destrucci\u00f3n de Armamento Asegurado, encabezada por la Secretar\u00eda de la Defensa Nacional (SEDENA), a trav\u00e9s de la 24\/a Zona Militar, donde reiter\u00f3 la disposici\u00f3n del Ayuntamiento de continuar colaborando con las autoridades federales y estatales para avanzar en la construcci\u00f3n de paz en la capital morelense.<\/p>\n<p>La ceremonia se realiz\u00f3 en las instalaciones del 21\/o. Batall\u00f3n de Infanter\u00eda, con la presencia de la gobernadora Margarita Gonz\u00e1lez Saravia; el General Brigadier de Estado Mayor Juan Jos\u00e9 Montiel Maldonado, comandante de la 24\/a Zona Militar; y el General Brigadier de Estado Mayor Ra\u00fal Meneses Castrej\u00f3n, coordinador estatal de la Guardia Nacional en Morelos, adem\u00e1s de representantes de los poderes Legislativo y Judicial, as\u00ed como autoridades de seguridad de los distintos niveles de gobierno.<\/p>\n<p>Durante el acto se efectu\u00f3 la destrucci\u00f3n de 78 armas, 103 cargadores y 16 mil 518 cartuchos de diferentes calibres, armamento que fue previamente asegurado y puesto a disposici\u00f3n de la SEDENA. La inhabilitaci\u00f3n de este material forma parte de las estrategias para retirar de circulaci\u00f3n instrumentos que pudieran ser utilizados en actividades delictivas y contribuir a la prevenci\u00f3n de la violencia.<\/p>\n<p>En sinton\u00eda con estas medidas, hasta el 16 de marzo se lleva a cabo en Cuernavaca el Programa de Canje de Armas de Fuego 2026, iniciativa impulsada por la SEDENA en coordinaci\u00f3n con el Gobierno Municipal. Con la implementaci\u00f3n de este programa, la ciudadan\u00eda puede entregar armas de manera an\u00f3nima a cambio de una compensaci\u00f3n econ\u00f3mica, contribuyendo as\u00ed a disminuir riesgos en los hogares y en la v\u00eda p\u00fablica. Las sedes y horarios pueden consultarse en las redes sociales oficiales del Municipio de Cuernavaca.<\/p>\n\n\t\t<style type=\"text\/css\">\n\t\t\t#gallery-1 {\n\t\t\t\tmargin: auto;\n\t\t\t}\n\t\t\t#gallery-1 .gallery-item {\n\t\t\t\tfloat: left;\n\t\t\t\tmargin-top: 10px;\n\t\t\t\ttext-align: center;\n\t\t\t\twidth: 33%;\n\t\t\t}\n\t\t\t#gallery-1 img {\n\t\t\t\tborder: 2px solid #cfcfcf;\n\t\t\t}\n\t\t\t#gallery-1 .gallery-caption {\n\t\t\t\tmargin-left: 0;\n\t\t\t}\n\t\t\t\/* see gallery_shortcode() in wp-includes\/media.php *\/\n\t\t<\/style>\n\t\t<div id='gallery-1' class='gallery galleryid-57201 gallery-columns-3 gallery-size-thumbnail'><dl class='gallery-item'>\n\t\t\t<dt class='gallery-icon landscape'>\n\t\t\t\t<a href='https:\/\/cuernavaca.gob.mx\/?attachment_id=57202'><img width=\"150\" height=\"150\" src=\"https:\/\/cuernavaca.gob.mx\/wp-content\/uploads\/2026\/03\/REFRENDA-JOSE\u0301-LUIS-URIO\u0301STEGUI-COMPROMISO-CON-LA-PAZ-EN-JORNADA-DE-DESTRUCCIO\u0301N-DE-ARMAS-DE-LA-SEDENA-1-150x150.jpg\" class=\"attachment-thumbnail size-thumbnail\" alt=\"\" loading=\"lazy\" \/><\/a>\n\t\t\t<\/dt><\/dl><dl class='gallery-item'>\n\t\t\t<dt class='gallery-icon landscape'>\n\t\t\t\t<a href='https:\/\/cuernavaca.gob.mx\/?attachment_id=57203'><img width=\"150\" height=\"150\" src=\"https:\/\/cuernavaca.gob.mx\/wp-content\/uploads\/2026\/03\/REFRENDA-JOSE\u0301-LUIS-URIO\u0301STEGUI-COMPROMISO-CON-LA-PAZ-EN-JORNADA-DE-DESTRUCCIO\u0301N-DE-ARMAS-DE-LA-SEDENA-2-150x150.jpg\" class=\"attachment-thumbnail size-thumbnail\" alt=\"\" loading=\"lazy\" \/><\/a>\n\t\t\t<\/dt><\/dl><dl class='gallery-item'>\n\t\t\t<dt class='gallery-icon landscape'>\n\t\t\t\t<a href='https:\/\/cuernavaca.gob.mx\/?attachment_id=57204'><img width=\"150\" height=\"150\" src=\"https:\/\/cuernavaca.gob.mx\/wp-content\/uploads\/2026\/03\/REFRENDA-JOSE\u0301-LUIS-URIO\u0301STEGUI-COMPROMISO-CON-LA-PAZ-EN-JORNADA-DE-DESTRUCCIO\u0301N-DE-ARMAS-DE-LA-SEDENA-3-150x150.jpg\" class=\"attachment-thumbnail size-thumbnail\" alt=\"\" loading=\"lazy\" \/><\/a>\n\t\t\t<\/dt><\/dl><br style=\"clear: both\" \/><dl class='gallery-item'>\n\t\t\t<dt class='gallery-icon landscape'>\n\t\t\t\t<a href='https:\/\/cuernavaca.gob.mx\/?attachment_id=57205'><img width=\"150\" height=\"150\" src=\"https:\/\/cuernavaca.gob.mx\/wp-content\/uploads\/2026\/03\/REFRENDA-JOSE\u0301-LUIS-URIO\u0301STEGUI-COMPROMISO-CON-LA-PAZ-EN-JORNADA-DE-DESTRUCCIO\u0301N-DE-ARMAS-DE-LA-SEDENA-4-150x150.jpg\" class=\"attachment-thumbnail size-thumbnail\" alt=\"\" loading=\"lazy\" \/><\/a>\n\t\t\t<\/dt><\/dl><dl class='gallery-item'>\n\t\t\t<dt class='gallery-icon landscape'>\n\t\t\t\t<a href='https:\/\/cuernavaca.gob.mx\/?attachment_id=57206'><img width=\"150\" height=\"150\" src=\"https:\/\/cuernavaca.gob.mx\/wp-content\/uploads\/2026\/03\/REFRENDA-JOSE\u0301-LUIS-URIO\u0301STEGUI-COMPROMISO-CON-LA-PAZ-EN-JORNADA-DE-DESTRUCCIO\u0301N-DE-ARMAS-DE-LA-SEDENA-5-150x150.jpg\" class=\"attachment-thumbnail size-thumbnail\" alt=\"\" loading=\"lazy\" \/><\/a>\n\t\t\t<\/dt><\/dl><dl class='gallery-item'>\n\t\t\t<dt class='gallery-icon landscape'>\n\t\t\t\t<a href='https:\/\/cuernavaca.gob.mx\/?attachment_id=57207'><img width=\"150\" height=\"150\" src=\"https:\/\/cuernavaca.gob.mx\/wp-content\/uploads\/2026\/03\/REFRENDA-JOSE\u0301-LUIS-URIO\u0301STEGUI-COMPROMISO-CON-LA-PAZ-EN-JORNADA-DE-DESTRUCCIO\u0301N-DE-ARMAS-DE-LA-SEDENA-6-150x150.jpg\" class=\"attachment-thumbnail size-thumbnail\" alt=\"\" loading=\"lazy\" \/><\/a>\n\t\t\t<\/dt><\/dl><br style=\"clear: both\" \/><dl class='gallery-item'>\n\t\t\t<dt class='gallery-icon landscape'>\n\t\t\t\t<a href='https:\/\/cuernavaca.gob.mx\/?attachment_id=57208'><img width=\"150\" height=\"150\" src=\"https:\/\/cuernavaca.gob.mx\/wp-content\/uploads\/2026\/03\/REFRENDA-JOSE\u0301-LUIS-URIO\u0301STEGUI-COMPROMISO-CON-LA-PAZ-EN-JORNADA-DE-DESTRUCCIO\u0301N-DE-ARMAS-DE-LA-SEDENA-7-150x150.jpg\" class=\"attachment-thumbnail size-thumbnail\" alt=\"\" loading=\"lazy\" \/><\/a>\n\t\t\t<\/dt><\/dl>\n\t\t\t<br style='clear: both' \/>\n\t\t<\/div>\n\n","protected":false},"excerpt":{"rendered":"<p>Como parte de las acciones coordinadas para fortalecer la seguridad en la entidad, el presidente municipal de Cuernavaca, Jos\u00e9 Luis Uri\u00f3stegui Salgado, particip\u00f3 este mi\u00e9rcoles en la Ceremonia de Destrucci\u00f3n de Armamento Asegurado, encabezada por la Secretar\u00eda de la Defensa Nacional (SEDENA), a trav\u00e9s de la 24\/a Zona Militar, donde reiter\u00f3 la disposici\u00f3n del Ayuntamiento [&hellip;]<\/p>\n","protected":false},"author":1,"featured_media":57205,"comment_status":"closed","ping_status":"open","sticky":false,"template":"","format":"standard","meta":[],"categories":[20],"tags":[],"aioseo_notices":[],"_links":{"self":[{"href":"https:\/\/cuernavaca.gob.mx\/index.php?rest_route=\/wp\/v2\/posts\/57201"}],"collection":[{"href":"https:\/\/cuernavaca.gob.mx\/index.php?rest_route=\/wp\/v2\/posts"}],"about":[{"href":"https:\/\/cuernavaca.gob.mx\/index.php?rest_route=\/wp\/v2\/types\/post"}],"author":[{"embeddable":true,"href":"https:\/\/cuernavaca.gob.mx\/index.php?rest_route=\/wp\/v2\/users\/1"}],"replies":[{"embeddable":true,"href":"https:\/\/cuernavaca.gob.mx\/index.php?rest_route=%2Fwp%2Fv2%2Fcomments&post=57201"}],"version-history":[{"count":1,"href":"https:\/\/cuernavaca.gob.mx\/index.php?rest_route=\/wp\/v2\/posts\/57201\/revisions"}],"predecessor-version":[{"id":57209,"href":"https:\/\/cuernavaca.gob.mx\/index.php?rest_route=\/wp\/v2\/posts\/57201\/revisions\/57209"}],"wp:featuredmedia":[{"embeddable":true,"href":"https:\/\/cuernavaca.gob.mx\/index.php?rest_route=\/wp\/v2\/media\/57205"}],"wp:attachment":[{"href":"https:\/\/cuernavaca.gob.mx\/index.php?rest_route=%2Fwp%2Fv2%2Fmedia&parent=57201"}],"wp:term":[{"taxonomy":"category","embeddable":true,"href":"https:\/\/cuernavaca.gob.mx\/index.php?rest_route=%2Fwp%2Fv2%2Fcategories&post=57201"},{"taxonomy":"post_tag","embeddable":true,"href":"https:\/\/cuernavaca.gob.mx\/index.php?rest_route=%2Fwp%2Fv2%2Ftags&post=57201"}],"curies":[{"name":"wp","href":"https:\/\/api.w.org\/{rel}","templated":true}]}}