{"id":57216,"date":"2026-03-11T15:00:28","date_gmt":"2026-03-11T21:00:28","guid":{"rendered":"https:\/\/cuernavaca.gob.mx\/?p=57216"},"modified":"2026-03-11T16:05:29","modified_gmt":"2026-03-11T22:05:29","slug":"b1005-11-03-26-cuernavaca-avanza-en-infraestructura-hidraulica-y-vial-con-apoyo-de-federacion-y-estado","status":"publish","type":"post","link":"https:\/\/cuernavaca.gob.mx\/?p=57216","title":{"rendered":"B1005 11\/03\/26 CUERNAVACA AVANZA EN INFRAESTRUCTURA HIDR\u00c1ULICA Y VIAL CON APOYO DE FEDERACI\u00d3N Y ESTADO"},"content":{"rendered":"<p><strong>\u2022 El alcalde Jos\u00e9 Luis Uri\u00f3stegui Salgado particip\u00f3 en la inauguraci\u00f3n de obras de alcantarillado y de pavimento en distintas zonas de la ciudad<\/strong><\/p>\n<p><strong>\u2022 Las obras se realizaron a trav\u00e9s de una suma de esfuerzos entre Federaci\u00f3n, Estado y Municipio<\/strong><\/p>\n<p>El presidente municipal de Cuernavaca, Jos\u00e9 Luis Uri\u00f3stegui Salgado, destac\u00f3 que el trabajo coordinado entre el Ayuntamiento, el Gobierno del Estado y la Federaci\u00f3n contin\u00faa generando resultados en beneficio de la ciudadan\u00eda, al concretarse obras que fortalecen la infraestructura hidr\u00e1ulica y vial en la capital morelense.<\/p>\n<p>Durante un acto conjunto, el edil particip\u00f3 en la inauguraci\u00f3n de la quinta etapa de la red de alcantarillado sanitario en la zona oriente de Cuernavaca, obra realizada con recursos del Programa de Agua Potable, Drenaje y Tratamiento (PROAGUA) 2026, con financiamiento federal, a trav\u00e9s de la Comisi\u00f3n Nacional del Agua (Conagua), as\u00ed como aportaciones estatales y municipales.<\/p>\n<p>La obra represent\u00f3 una inversi\u00f3n de seis millones 986 mil 460 pesos y beneficia directamente a 249 habitantes de las colonias Universo y Cerritos, contribuyendo a mejorar el acceso a servicios b\u00e1sicos y el manejo adecuado de aguas residuales.<\/p>\n<p>Asimismo, se hizo entrega de la rehabilitaci\u00f3n con concreto asf\u00e1ltico de la avenida Chapultepec, en la colonia Ampliaci\u00f3n Chapultepec, una vialidad que conecta a los municipios de Cuernavaca y Jiutepec. Esta obra represent\u00f3 una inversi\u00f3n de cinco millones 899 mil 334.54 pesos y beneficia a 341 mil 029 habitantes. Como parte del acompa\u00f1amiento municipal, se repararon tomas de agua potable y descargas de aguas residuales, contribuyendo al correcto funcionamiento de la infraestructura hidr\u00e1ulica en la zona.<\/p>\n<p>En su mensaje, el alcalde Jos\u00e9 Luis Uri\u00f3stegui Salgado se\u00f1al\u00f3 que estas acciones forman parte de una estrategia integral para atender necesidades prioritarias de la ciudad, resaltando que la coordinaci\u00f3n entre los distintos \u00f3rdenes de gobierno permite impulsar proyectos de mayor impacto para la poblaci\u00f3n.<\/p>\n<p>Por su lado, la gobernadora Margarita Gonz\u00e1lez Saravia inform\u00f3 que en la capital morelense se han invertido m\u00e1s de mil 050 millones de pesos en distintos proyectos y programas. Subray\u00f3 que se avanza en una visi\u00f3n metropolitana que integra a Cuernavaca, Jiutepec, Huitzilac, Xochitepec, Temixco, Tepozt\u00e1n y Emiliano Zapata como una gran ciudad, aunque sean municipios separados, con el objetivo de fortalecer la planeaci\u00f3n conjunta en rubros como infraestructura, transporte, seguridad y programas sociales.<\/p>\n<p>El Ayuntamiento de Cuernavaca reiter\u00f3 su compromiso de continuar promoviendo la coordinaci\u00f3n institucional para impulsar obras y acciones que contribuyan al desarrollo ordenado de la ciudad y al bienestar de sus habitantes.<\/p>\n\n\t\t<style type=\"text\/css\">\n\t\t\t#gallery-1 {\n\t\t\t\tmargin: auto;\n\t\t\t}\n\t\t\t#gallery-1 .gallery-item {\n\t\t\t\tfloat: left;\n\t\t\t\tmargin-top: 10px;\n\t\t\t\ttext-align: center;\n\t\t\t\twidth: 33%;\n\t\t\t}\n\t\t\t#gallery-1 img {\n\t\t\t\tborder: 2px solid #cfcfcf;\n\t\t\t}\n\t\t\t#gallery-1 .gallery-caption {\n\t\t\t\tmargin-left: 0;\n\t\t\t}\n\t\t\t\/* see gallery_shortcode() in wp-includes\/media.php *\/\n\t\t<\/style>\n\t\t<div id='gallery-1' class='gallery galleryid-57216 gallery-columns-3 gallery-size-thumbnail'><dl class='gallery-item'>\n\t\t\t<dt class='gallery-icon landscape'>\n\t\t\t\t<a href='https:\/\/cuernavaca.gob.mx\/?attachment_id=57217'><img width=\"150\" height=\"150\" src=\"https:\/\/cuernavaca.gob.mx\/wp-content\/uploads\/2026\/03\/CUERNAVACA-AVANZA-EN-INFRAESTRUCTURA-HIDRA\u0301ULICA-Y-VIAL-CON-APOYO-DE-FEDERACIO\u0301N-Y-ESTADO-1-150x150.jpg\" class=\"attachment-thumbnail size-thumbnail\" alt=\"\" loading=\"lazy\" \/><\/a>\n\t\t\t<\/dt><\/dl><dl class='gallery-item'>\n\t\t\t<dt class='gallery-icon landscape'>\n\t\t\t\t<a href='https:\/\/cuernavaca.gob.mx\/?attachment_id=57218'><img width=\"150\" height=\"150\" src=\"https:\/\/cuernavaca.gob.mx\/wp-content\/uploads\/2026\/03\/CUERNAVACA-AVANZA-EN-INFRAESTRUCTURA-HIDRA\u0301ULICA-Y-VIAL-CON-APOYO-DE-FEDERACIO\u0301N-Y-ESTADO-2-150x150.jpg\" class=\"attachment-thumbnail size-thumbnail\" alt=\"\" loading=\"lazy\" \/><\/a>\n\t\t\t<\/dt><\/dl><dl class='gallery-item'>\n\t\t\t<dt class='gallery-icon landscape'>\n\t\t\t\t<a href='https:\/\/cuernavaca.gob.mx\/?attachment_id=57219'><img width=\"150\" height=\"150\" src=\"https:\/\/cuernavaca.gob.mx\/wp-content\/uploads\/2026\/03\/CUERNAVACA-AVANZA-EN-INFRAESTRUCTURA-HIDRA\u0301ULICA-Y-VIAL-CON-APOYO-DE-FEDERACIO\u0301N-Y-ESTADO-3-150x150.jpg\" class=\"attachment-thumbnail size-thumbnail\" alt=\"\" loading=\"lazy\" \/><\/a>\n\t\t\t<\/dt><\/dl><br style=\"clear: both\" \/><dl class='gallery-item'>\n\t\t\t<dt class='gallery-icon landscape'>\n\t\t\t\t<a href='https:\/\/cuernavaca.gob.mx\/?attachment_id=57220'><img width=\"150\" height=\"150\" src=\"https:\/\/cuernavaca.gob.mx\/wp-content\/uploads\/2026\/03\/CUERNAVACA-AVANZA-EN-INFRAESTRUCTURA-HIDRA\u0301ULICA-Y-VIAL-CON-APOYO-DE-FEDERACIO\u0301N-Y-ESTADO-4-150x150.jpg\" class=\"attachment-thumbnail size-thumbnail\" alt=\"\" loading=\"lazy\" \/><\/a>\n\t\t\t<\/dt><\/dl><dl class='gallery-item'>\n\t\t\t<dt class='gallery-icon landscape'>\n\t\t\t\t<a href='https:\/\/cuernavaca.gob.mx\/?attachment_id=57221'><img width=\"150\" height=\"150\" src=\"https:\/\/cuernavaca.gob.mx\/wp-content\/uploads\/2026\/03\/CUERNAVACA-AVANZA-EN-INFRAESTRUCTURA-HIDRA\u0301ULICA-Y-VIAL-CON-APOYO-DE-FEDERACIO\u0301N-Y-ESTADO-5-150x150.jpg\" class=\"attachment-thumbnail size-thumbnail\" alt=\"\" loading=\"lazy\" \/><\/a>\n\t\t\t<\/dt><\/dl><dl class='gallery-item'>\n\t\t\t<dt class='gallery-icon landscape'>\n\t\t\t\t<a href='https:\/\/cuernavaca.gob.mx\/?attachment_id=57222'><img width=\"150\" height=\"150\" src=\"https:\/\/cuernavaca.gob.mx\/wp-content\/uploads\/2026\/03\/CUERNAVACA-AVANZA-EN-INFRAESTRUCTURA-HIDRA\u0301ULICA-Y-VIAL-CON-APOYO-DE-FEDERACIO\u0301N-Y-ESTADO-6-150x150.jpg\" class=\"attachment-thumbnail size-thumbnail\" alt=\"\" loading=\"lazy\" \/><\/a>\n\t\t\t<\/dt><\/dl><br style=\"clear: both\" \/>\n\t\t<\/div>\n\n","protected":false},"excerpt":{"rendered":"<p>\u2022 El alcalde Jos\u00e9 Luis Uri\u00f3stegui Salgado particip\u00f3 en la inauguraci\u00f3n de obras de alcantarillado y de pavimento en distintas zonas de la ciudad \u2022 Las obras se realizaron a trav\u00e9s de una suma de esfuerzos entre Federaci\u00f3n, Estado y Municipio El presidente municipal de Cuernavaca, Jos\u00e9 Luis Uri\u00f3stegui Salgado, destac\u00f3 que el trabajo coordinado [&hellip;]<\/p>\n","protected":false},"author":1,"featured_media":57220,"comment_status":"closed","ping_status":"open","sticky":false,"template":"","format":"standard","meta":[],"categories":[20],"tags":[],"aioseo_notices":[],"_links":{"self":[{"href":"https:\/\/cuernavaca.gob.mx\/index.php?rest_route=\/wp\/v2\/posts\/57216"}],"collection":[{"href":"https:\/\/cuernavaca.gob.mx\/index.php?rest_route=\/wp\/v2\/posts"}],"about":[{"href":"https:\/\/cuernavaca.gob.mx\/index.php?rest_route=\/wp\/v2\/types\/post"}],"author":[{"embeddable":true,"href":"https:\/\/cuernavaca.gob.mx\/index.php?rest_route=\/wp\/v2\/users\/1"}],"replies":[{"embeddable":true,"href":"https:\/\/cuernavaca.gob.mx\/index.php?rest_route=%2Fwp%2Fv2%2Fcomments&post=57216"}],"version-history":[{"count":3,"href":"https:\/\/cuernavaca.gob.mx\/index.php?rest_route=\/wp\/v2\/posts\/57216\/revisions"}],"predecessor-version":[{"id":57225,"href":"https:\/\/cuernavaca.gob.mx\/index.php?rest_route=\/wp\/v2\/posts\/57216\/revisions\/57225"}],"wp:featuredmedia":[{"embeddable":true,"href":"https:\/\/cuernavaca.gob.mx\/index.php?rest_route=\/wp\/v2\/media\/57220"}],"wp:attachment":[{"href":"https:\/\/cuernavaca.gob.mx\/index.php?rest_route=%2Fwp%2Fv2%2Fmedia&parent=57216"}],"wp:term":[{"taxonomy":"category","embeddable":true,"href":"https:\/\/cuernavaca.gob.mx\/index.php?rest_route=%2Fwp%2Fv2%2Fcategories&post=57216"},{"taxonomy":"post_tag","embeddable":true,"href":"https:\/\/cuernavaca.gob.mx\/index.php?rest_route=%2Fwp%2Fv2%2Ftags&post=57216"}],"curies":[{"name":"wp","href":"https:\/\/api.w.org\/{rel}","templated":true}]}}