{"id":57227,"date":"2026-03-12T08:02:28","date_gmt":"2026-03-12T14:02:28","guid":{"rendered":"https:\/\/cuernavaca.gob.mx\/?p=57227"},"modified":"2026-03-12T11:10:06","modified_gmt":"2026-03-12T17:10:06","slug":"b10006-12-03-26-refuerza-ayuntamiento-de-cuernavaca-alumbrado-en-avenida-universidad-para-fortalecer-la-seguridad","status":"publish","type":"post","link":"https:\/\/cuernavaca.gob.mx\/?p=57227","title":{"rendered":"B10006 12\/03\/26 REFUERZA AYUNTAMIENTO DE CUERNAVACA ALUMBRADO EN AVENIDA UNIVERSIDAD PARA FORTALECER LA SEGURIDAD"},"content":{"rendered":"<p><strong>\u2022 Se realizaron m\u00e1s de 35 acciones entre rehabilitaci\u00f3n, mantenimiento, cambio e instalaci\u00f3n de luminarias<\/strong><\/p>\n<p>Con el objetivo de mejorar la seguridad en el espacio p\u00fablico y optimizar las condiciones de una de las vialidades con mayor flujo en la ciudad, el Ayuntamiento de Cuernavaca, a trav\u00e9s de la Secretar\u00eda de Desarrollo Sustentable y Servicios P\u00fablicos (SDSySP), llev\u00f3 a cabo trabajos integrales de mantenimiento y mejora del alumbrado p\u00fablico en Avenida Universidad.<\/p>\n<p>Durante esta jornada de atenci\u00f3n, personal de la SDSySP realiz\u00f3 m\u00e1s de 35 intervenciones que incluyeron rehabilitaci\u00f3n, mantenimiento, sustituci\u00f3n e instalaci\u00f3n de luminarias, con el prop\u00f3sito de mejorar el funcionamiento del sistema de iluminaci\u00f3n a lo largo de esta importante avenida.<\/p>\n<p>Para ampliar el alcance de los trabajos, brigadas de Servicios Urbanos operaron de manera simult\u00e1nea en distintos tramos de la vialidad, lo que permiti\u00f3 avanzar con mayor eficiencia y atender diversos puntos que requer\u00edan mantenimiento o mejora.<\/p>\n<p>Avenida Universidad representa un punto clave de movilidad para estudiantes, trabajadores, vecinos y usuarios del transporte p\u00fablico, por lo que mantenerla adecuadamente iluminada contribuye a generar entornos m\u00e1s seguros y mejores condiciones para el tr\u00e1nsito cotidiano.<\/p>\n<p>La Secretar\u00eda de Desarrollo Sustentable y Servicios P\u00fablicos reiter\u00f3 que continuar\u00e1 realizando recorridos permanentes en distintas colonias y vialidades del municipio, con el objetivo de atender de manera oportuna los servicios p\u00fablicos y reforzar acciones que contribuyan a una ciudad m\u00e1s segura, ordenada y funcional para todas y todos.<\/p>\n\n\t\t<style type=\"text\/css\">\n\t\t\t#gallery-1 {\n\t\t\t\tmargin: auto;\n\t\t\t}\n\t\t\t#gallery-1 .gallery-item {\n\t\t\t\tfloat: left;\n\t\t\t\tmargin-top: 10px;\n\t\t\t\ttext-align: center;\n\t\t\t\twidth: 33%;\n\t\t\t}\n\t\t\t#gallery-1 img {\n\t\t\t\tborder: 2px solid #cfcfcf;\n\t\t\t}\n\t\t\t#gallery-1 .gallery-caption {\n\t\t\t\tmargin-left: 0;\n\t\t\t}\n\t\t\t\/* see gallery_shortcode() in wp-includes\/media.php *\/\n\t\t<\/style>\n\t\t<div id='gallery-1' class='gallery galleryid-57227 gallery-columns-3 gallery-size-thumbnail'><dl class='gallery-item'>\n\t\t\t<dt class='gallery-icon landscape'>\n\t\t\t\t<a href='https:\/\/cuernavaca.gob.mx\/?attachment_id=57228'><img width=\"150\" height=\"150\" src=\"https:\/\/cuernavaca.gob.mx\/wp-content\/uploads\/2026\/03\/REFUERZA-AYUNTAMIENTO-DE-CUERNAVACA-ALUMBRADO-EN-AVENIDA-UNIVERSIDAD-PARA-FORTALECER-LA-SEGURIDAD-1-150x150.jpg\" class=\"attachment-thumbnail size-thumbnail\" alt=\"\" loading=\"lazy\" \/><\/a>\n\t\t\t<\/dt><\/dl><dl class='gallery-item'>\n\t\t\t<dt class='gallery-icon landscape'>\n\t\t\t\t<a href='https:\/\/cuernavaca.gob.mx\/?attachment_id=57229'><img width=\"150\" height=\"150\" src=\"https:\/\/cuernavaca.gob.mx\/wp-content\/uploads\/2026\/03\/REFUERZA-AYUNTAMIENTO-DE-CUERNAVACA-ALUMBRADO-EN-AVENIDA-UNIVERSIDAD-PARA-FORTALECER-LA-SEGURIDAD-2-150x150.jpg\" class=\"attachment-thumbnail size-thumbnail\" alt=\"\" loading=\"lazy\" \/><\/a>\n\t\t\t<\/dt><\/dl><dl class='gallery-item'>\n\t\t\t<dt class='gallery-icon landscape'>\n\t\t\t\t<a href='https:\/\/cuernavaca.gob.mx\/?attachment_id=57230'><img width=\"150\" height=\"150\" src=\"https:\/\/cuernavaca.gob.mx\/wp-content\/uploads\/2026\/03\/REFUERZA-AYUNTAMIENTO-DE-CUERNAVACA-ALUMBRADO-EN-AVENIDA-UNIVERSIDAD-PARA-FORTALECER-LA-SEGURIDAD-3-150x150.jpg\" class=\"attachment-thumbnail size-thumbnail\" alt=\"\" loading=\"lazy\" \/><\/a>\n\t\t\t<\/dt><\/dl><br style=\"clear: both\" \/><dl class='gallery-item'>\n\t\t\t<dt class='gallery-icon landscape'>\n\t\t\t\t<a href='https:\/\/cuernavaca.gob.mx\/?attachment_id=57231'><img width=\"150\" height=\"150\" src=\"https:\/\/cuernavaca.gob.mx\/wp-content\/uploads\/2026\/03\/REFUERZA-AYUNTAMIENTO-DE-CUERNAVACA-ALUMBRADO-EN-AVENIDA-UNIVERSIDAD-PARA-FORTALECER-LA-SEGURIDAD-4-150x150.jpg\" class=\"attachment-thumbnail size-thumbnail\" alt=\"\" loading=\"lazy\" \/><\/a>\n\t\t\t<\/dt><\/dl><dl class='gallery-item'>\n\t\t\t<dt class='gallery-icon landscape'>\n\t\t\t\t<a href='https:\/\/cuernavaca.gob.mx\/?attachment_id=57232'><img width=\"150\" height=\"150\" src=\"https:\/\/cuernavaca.gob.mx\/wp-content\/uploads\/2026\/03\/REFUERZA-AYUNTAMIENTO-DE-CUERNAVACA-ALUMBRADO-EN-AVENIDA-UNIVERSIDAD-PARA-FORTALECER-LA-SEGURIDAD-5-150x150.jpg\" class=\"attachment-thumbnail size-thumbnail\" alt=\"\" loading=\"lazy\" \/><\/a>\n\t\t\t<\/dt><\/dl><dl class='gallery-item'>\n\t\t\t<dt class='gallery-icon landscape'>\n\t\t\t\t<a href='https:\/\/cuernavaca.gob.mx\/?attachment_id=57233'><img width=\"150\" height=\"150\" src=\"https:\/\/cuernavaca.gob.mx\/wp-content\/uploads\/2026\/03\/REFUERZA-AYUNTAMIENTO-DE-CUERNAVACA-ALUMBRADO-EN-AVENIDA-UNIVERSIDAD-PARA-FORTALECER-LA-SEGURIDAD-6-150x150.jpg\" class=\"attachment-thumbnail size-thumbnail\" alt=\"\" loading=\"lazy\" \/><\/a>\n\t\t\t<\/dt><\/dl><br style=\"clear: both\" \/><dl class='gallery-item'>\n\t\t\t<dt class='gallery-icon landscape'>\n\t\t\t\t<a href='https:\/\/cuernavaca.gob.mx\/?attachment_id=57234'><img width=\"150\" height=\"150\" src=\"https:\/\/cuernavaca.gob.mx\/wp-content\/uploads\/2026\/03\/REFUERZA-AYUNTAMIENTO-DE-CUERNAVACA-ALUMBRADO-EN-AVENIDA-UNIVERSIDAD-PARA-FORTALECER-LA-SEGURIDAD-7-150x150.jpg\" class=\"attachment-thumbnail size-thumbnail\" alt=\"\" loading=\"lazy\" \/><\/a>\n\t\t\t<\/dt><\/dl>\n\t\t\t<br style='clear: both' \/>\n\t\t<\/div>\n\n<p>&nbsp;<\/p>\n","protected":false},"excerpt":{"rendered":"<p>\u2022 Se realizaron m\u00e1s de 35 acciones entre rehabilitaci\u00f3n, mantenimiento, cambio e instalaci\u00f3n de luminarias Con el objetivo de mejorar la seguridad en el espacio p\u00fablico y optimizar las condiciones de una de las vialidades con mayor flujo en la ciudad, el Ayuntamiento de Cuernavaca, a trav\u00e9s de la Secretar\u00eda de Desarrollo Sustentable y Servicios [&hellip;]<\/p>\n","protected":false},"author":1,"featured_media":57232,"comment_status":"closed","ping_status":"open","sticky":false,"template":"","format":"standard","meta":[],"categories":[2271],"tags":[],"aioseo_notices":[],"_links":{"self":[{"href":"https:\/\/cuernavaca.gob.mx\/index.php?rest_route=\/wp\/v2\/posts\/57227"}],"collection":[{"href":"https:\/\/cuernavaca.gob.mx\/index.php?rest_route=\/wp\/v2\/posts"}],"about":[{"href":"https:\/\/cuernavaca.gob.mx\/index.php?rest_route=\/wp\/v2\/types\/post"}],"author":[{"embeddable":true,"href":"https:\/\/cuernavaca.gob.mx\/index.php?rest_route=\/wp\/v2\/users\/1"}],"replies":[{"embeddable":true,"href":"https:\/\/cuernavaca.gob.mx\/index.php?rest_route=%2Fwp%2Fv2%2Fcomments&post=57227"}],"version-history":[{"count":1,"href":"https:\/\/cuernavaca.gob.mx\/index.php?rest_route=\/wp\/v2\/posts\/57227\/revisions"}],"predecessor-version":[{"id":57235,"href":"https:\/\/cuernavaca.gob.mx\/index.php?rest_route=\/wp\/v2\/posts\/57227\/revisions\/57235"}],"wp:featuredmedia":[{"embeddable":true,"href":"https:\/\/cuernavaca.gob.mx\/index.php?rest_route=\/wp\/v2\/media\/57232"}],"wp:attachment":[{"href":"https:\/\/cuernavaca.gob.mx\/index.php?rest_route=%2Fwp%2Fv2%2Fmedia&parent=57227"}],"wp:term":[{"taxonomy":"category","embeddable":true,"href":"https:\/\/cuernavaca.gob.mx\/index.php?rest_route=%2Fwp%2Fv2%2Fcategories&post=57227"},{"taxonomy":"post_tag","embeddable":true,"href":"https:\/\/cuernavaca.gob.mx\/index.php?rest_route=%2Fwp%2Fv2%2Ftags&post=57227"}],"curies":[{"name":"wp","href":"https:\/\/api.w.org\/{rel}","templated":true}]}}