{"id":57239,"date":"2026-03-12T10:00:36","date_gmt":"2026-03-12T16:00:36","guid":{"rendered":"https:\/\/cuernavaca.gob.mx\/?p=57239"},"modified":"2026-03-12T11:33:15","modified_gmt":"2026-03-12T17:33:15","slug":"b1007-12-03-26-inaugura-ayuntamiento-de-cuernavaca-la-exposicion-colectiva-co-art-2026-el-cambio-en-el-museo-de-la-ciudad","status":"publish","type":"post","link":"https:\/\/cuernavaca.gob.mx\/?p=57239","title":{"rendered":"B1007 12\/03\/26 INAUGURA AYUNTAMIENTO DE CUERNAVACA LA EXPOSICI\u00d3N COLECTIVA &#8220;CO-ART 2026: EL CAMBIO&#8221; EN EL MUSEO DE LA CIUDAD"},"content":{"rendered":"<p><strong>\u2022 La muestra presenta obras de artistas contempor\u00e1neos que exploran, a trav\u00e9s de la creatividad visual, la transformaci\u00f3n social, emocional y cultural de nuestras comunidades<\/strong><\/p>\n<p>En seguimiento a su compromiso de promover el arte, la cultura y los espacios de convivencia comunitaria, el Ayuntamiento de Cuernavaca, a trav\u00e9s de la Secretar\u00eda de Desarrollo Humano y Participaci\u00f3n Social (SDHyPS) y el Instituto de Cultura de Cuernavaca (ICC), inaugur\u00f3 la exposici\u00f3n colectiva &#8220;CO-ART 2026: El cambio&#8221; en el Museo de la Ciudad.<\/p>\n<p>La muestra re\u00fane el trabajo de artistas contempor\u00e1neos que, mediante diversas propuestas visuales, reflexionan sobre los procesos de transformaci\u00f3n social, emocional y cultural presentes en nuestras comunidades.<\/p>\n<p>La inauguraci\u00f3n se realiz\u00f3 en un ambiente de convivencia entre creadores, p\u00fablico y promotores culturales, quienes compartieron una tarde marcada por el di\u00e1logo, la creatividad y la reflexi\u00f3n en torno al papel del arte como veh\u00edculo de expresi\u00f3n y pensamiento cr\u00edtico.<\/p>\n<p>La exposici\u00f3n presenta una diversidad de t\u00e9cnicas, estilos y narrativas visuales que invitan a las y los visitantes a explorar distintas perspectivas sobre el cambio, entendido como un proceso constante que se manifiesta tanto en el entorno social como en la experiencia personal.<\/p>\n<p>Las obras que integran esta muestra se encuentran exhibidas en las salas 6 y 7 del Museo de la Ciudad de Cuernavaca, donde el p\u00fablico podr\u00e1 recorrer una propuesta art\u00edstica que celebra el talento contempor\u00e1neo y promueve el intercambio cultural dentro de la ciudad.<\/p>\n<p>Con este tipo de actividades, el Ayuntamiento de Cuernavaca, por medio de sus espacios culturales, contin\u00faa impulsando iniciativas que promueven el acceso a la cultura, el reconocimiento del talento art\u00edstico y la participaci\u00f3n de la comunidad en la vida cultural de la ciudad.<\/p>\n<p>La exposici\u00f3n &#8220;CO-ART 2026: El cambio&#8221; ya se encuentra abierta al p\u00fablico, por lo que se invita a la ciudadan\u00eda y a visitantes a recorrer esta muestra y ser parte de una experiencia art\u00edstica que celebra la creatividad y la diversidad de miradas del arte contempor\u00e1neo.<\/p>\n\n\t\t<style type=\"text\/css\">\n\t\t\t#gallery-1 {\n\t\t\t\tmargin: auto;\n\t\t\t}\n\t\t\t#gallery-1 .gallery-item {\n\t\t\t\tfloat: left;\n\t\t\t\tmargin-top: 10px;\n\t\t\t\ttext-align: center;\n\t\t\t\twidth: 33%;\n\t\t\t}\n\t\t\t#gallery-1 img {\n\t\t\t\tborder: 2px solid #cfcfcf;\n\t\t\t}\n\t\t\t#gallery-1 .gallery-caption {\n\t\t\t\tmargin-left: 0;\n\t\t\t}\n\t\t\t\/* see gallery_shortcode() in wp-includes\/media.php *\/\n\t\t<\/style>\n\t\t<div id='gallery-1' class='gallery galleryid-57239 gallery-columns-3 gallery-size-thumbnail'><dl class='gallery-item'>\n\t\t\t<dt class='gallery-icon landscape'>\n\t\t\t\t<a href='https:\/\/cuernavaca.gob.mx\/?attachment_id=57240'><img width=\"150\" height=\"150\" src=\"https:\/\/cuernavaca.gob.mx\/wp-content\/uploads\/2026\/03\/NAUGURA-AYUNTAMIENTO-DE-CUERNAVACA-LA-EXPOSICIO\u0301N-COLECTIVA-22CO-ART-2026-1-150x150.jpg\" class=\"attachment-thumbnail size-thumbnail\" alt=\"\" loading=\"lazy\" \/><\/a>\n\t\t\t<\/dt><\/dl><dl class='gallery-item'>\n\t\t\t<dt class='gallery-icon landscape'>\n\t\t\t\t<a href='https:\/\/cuernavaca.gob.mx\/?attachment_id=57241'><img width=\"150\" height=\"150\" src=\"https:\/\/cuernavaca.gob.mx\/wp-content\/uploads\/2026\/03\/NAUGURA-AYUNTAMIENTO-DE-CUERNAVACA-LA-EXPOSICIO\u0301N-COLECTIVA-22CO-ART-2026-2-150x150.jpg\" class=\"attachment-thumbnail size-thumbnail\" alt=\"\" loading=\"lazy\" \/><\/a>\n\t\t\t<\/dt><\/dl><dl class='gallery-item'>\n\t\t\t<dt class='gallery-icon landscape'>\n\t\t\t\t<a href='https:\/\/cuernavaca.gob.mx\/?attachment_id=57242'><img width=\"150\" height=\"150\" src=\"https:\/\/cuernavaca.gob.mx\/wp-content\/uploads\/2026\/03\/NAUGURA-AYUNTAMIENTO-DE-CUERNAVACA-LA-EXPOSICIO\u0301N-COLECTIVA-22CO-ART-2026-3-150x150.jpg\" class=\"attachment-thumbnail size-thumbnail\" alt=\"\" loading=\"lazy\" \/><\/a>\n\t\t\t<\/dt><\/dl><br style=\"clear: both\" \/><dl class='gallery-item'>\n\t\t\t<dt class='gallery-icon portrait'>\n\t\t\t\t<a href='https:\/\/cuernavaca.gob.mx\/?attachment_id=57243'><img width=\"150\" height=\"150\" src=\"https:\/\/cuernavaca.gob.mx\/wp-content\/uploads\/2026\/03\/NAUGURA-AYUNTAMIENTO-DE-CUERNAVACA-LA-EXPOSICIO\u0301N-COLECTIVA-22CO-ART-2026-4-150x150.jpg\" class=\"attachment-thumbnail size-thumbnail\" alt=\"\" loading=\"lazy\" \/><\/a>\n\t\t\t<\/dt><\/dl>\n\t\t\t<br style='clear: both' \/>\n\t\t<\/div>\n\n","protected":false},"excerpt":{"rendered":"<p>\u2022 La muestra presenta obras de artistas contempor\u00e1neos que exploran, a trav\u00e9s de la creatividad visual, la transformaci\u00f3n social, emocional y cultural de nuestras comunidades En seguimiento a su compromiso de promover el arte, la cultura y los espacios de convivencia comunitaria, el Ayuntamiento de Cuernavaca, a trav\u00e9s de la Secretar\u00eda de Desarrollo Humano y [&hellip;]<\/p>\n","protected":false},"author":1,"featured_media":57242,"comment_status":"closed","ping_status":"open","sticky":false,"template":"","format":"standard","meta":[],"categories":[2292],"tags":[],"aioseo_notices":[],"_links":{"self":[{"href":"https:\/\/cuernavaca.gob.mx\/index.php?rest_route=\/wp\/v2\/posts\/57239"}],"collection":[{"href":"https:\/\/cuernavaca.gob.mx\/index.php?rest_route=\/wp\/v2\/posts"}],"about":[{"href":"https:\/\/cuernavaca.gob.mx\/index.php?rest_route=\/wp\/v2\/types\/post"}],"author":[{"embeddable":true,"href":"https:\/\/cuernavaca.gob.mx\/index.php?rest_route=\/wp\/v2\/users\/1"}],"replies":[{"embeddable":true,"href":"https:\/\/cuernavaca.gob.mx\/index.php?rest_route=%2Fwp%2Fv2%2Fcomments&post=57239"}],"version-history":[{"count":1,"href":"https:\/\/cuernavaca.gob.mx\/index.php?rest_route=\/wp\/v2\/posts\/57239\/revisions"}],"predecessor-version":[{"id":57244,"href":"https:\/\/cuernavaca.gob.mx\/index.php?rest_route=\/wp\/v2\/posts\/57239\/revisions\/57244"}],"wp:featuredmedia":[{"embeddable":true,"href":"https:\/\/cuernavaca.gob.mx\/index.php?rest_route=\/wp\/v2\/media\/57242"}],"wp:attachment":[{"href":"https:\/\/cuernavaca.gob.mx\/index.php?rest_route=%2Fwp%2Fv2%2Fmedia&parent=57239"}],"wp:term":[{"taxonomy":"category","embeddable":true,"href":"https:\/\/cuernavaca.gob.mx\/index.php?rest_route=%2Fwp%2Fv2%2Fcategories&post=57239"},{"taxonomy":"post_tag","embeddable":true,"href":"https:\/\/cuernavaca.gob.mx\/index.php?rest_route=%2Fwp%2Fv2%2Ftags&post=57239"}],"curies":[{"name":"wp","href":"https:\/\/api.w.org\/{rel}","templated":true}]}}