{"id":57245,"date":"2026-03-12T12:09:55","date_gmt":"2026-03-12T18:09:55","guid":{"rendered":"https:\/\/cuernavaca.gob.mx\/?p=57245"},"modified":"2026-03-12T12:09:55","modified_gmt":"2026-03-12T18:09:55","slug":"f189-12-03-26-impulsa-secretaria-de-desarrollo-sustentable-adopcion-del-parque-farolito-en-amatitlan","status":"publish","type":"post","link":"https:\/\/cuernavaca.gob.mx\/?p=57245","title":{"rendered":"F189 12\/03\/26 IMPULSA SECRETAR\u00cdA DE DESARROLLO SUSTENTABLE ADOPCI\u00d3N DEL PARQUE FAROLITO EN AMATITL\u00c1N"},"content":{"rendered":"<p>La Secretar\u00eda de Desarrollo Sustentable y Servicios P\u00fablicos (SDSySP) del Ayuntamiento de Cuernavaca, a trav\u00e9s del programa de Adopci\u00f3n de Espacios P\u00fablicos, firm\u00f3 un convenio de colaboraci\u00f3n con la Ayudant\u00eda del poblado de Amatitl\u00e1n para la adopci\u00f3n del emblem\u00e1tico Parque Farolito.<\/p>\n<p>Como parte de este acuerdo, la ayudante municipal del poblado de Amatitl\u00e1n, Lorena Margarita Brito Lambaren, asumi\u00f3 el compromiso de participar activamente en el cuidado, mantenimiento y preservaci\u00f3n de este parque, ubicado en la intersecci\u00f3n de la avenida Cuauht\u00e9moc y avenida Atlacomulco.<\/p>\n<p>El Parque Farolito es sede de diversas actividades recreativas y de convivencia para las y los habitantes de la comunidad, por lo que su conservaci\u00f3n resulta fundamental para fortalecer la vida comunitaria y promover el uso adecuado de las \u00e1reas p\u00fablicas.<\/p>\n<p>Por medio del programa de Adopci\u00f3n de Espacios P\u00fablicos, el Ayuntamiento de Cuernavaca fomenta la participaci\u00f3n ciudadana y la corresponsabilidad social en el cuidado de parques y espacios comunitarios, contribuyendo a mantener entornos m\u00e1s limpios, ordenados y dignos para todas y todos.<\/p>\n\n\t\t<style type=\"text\/css\">\n\t\t\t#gallery-1 {\n\t\t\t\tmargin: auto;\n\t\t\t}\n\t\t\t#gallery-1 .gallery-item {\n\t\t\t\tfloat: left;\n\t\t\t\tmargin-top: 10px;\n\t\t\t\ttext-align: center;\n\t\t\t\twidth: 33%;\n\t\t\t}\n\t\t\t#gallery-1 img {\n\t\t\t\tborder: 2px solid #cfcfcf;\n\t\t\t}\n\t\t\t#gallery-1 .gallery-caption {\n\t\t\t\tmargin-left: 0;\n\t\t\t}\n\t\t\t\/* see gallery_shortcode() in wp-includes\/media.php *\/\n\t\t<\/style>\n\t\t<div id='gallery-1' class='gallery galleryid-57245 gallery-columns-3 gallery-size-thumbnail'><dl class='gallery-item'>\n\t\t\t<dt class='gallery-icon landscape'>\n\t\t\t\t<a href='https:\/\/cuernavaca.gob.mx\/?attachment_id=57246'><img width=\"150\" height=\"150\" src=\"https:\/\/cuernavaca.gob.mx\/wp-content\/uploads\/2026\/03\/IMPULSA-SECRETARI\u0301A-DE-DESARROLLO-SUSTENTABLE-ADOPCIO\u0301N-DEL-PARQUE-FAROLITO-EN-AMATITLA\u0301N-1-150x150.jpg\" class=\"attachment-thumbnail size-thumbnail\" alt=\"\" loading=\"lazy\" \/><\/a>\n\t\t\t<\/dt><\/dl><dl class='gallery-item'>\n\t\t\t<dt class='gallery-icon landscape'>\n\t\t\t\t<a href='https:\/\/cuernavaca.gob.mx\/?attachment_id=57247'><img width=\"150\" height=\"150\" src=\"https:\/\/cuernavaca.gob.mx\/wp-content\/uploads\/2026\/03\/IMPULSA-SECRETARI\u0301A-DE-DESARROLLO-SUSTENTABLE-ADOPCIO\u0301N-DEL-PARQUE-FAROLITO-EN-AMATITLA\u0301N-2-150x150.jpg\" class=\"attachment-thumbnail size-thumbnail\" alt=\"\" loading=\"lazy\" \/><\/a>\n\t\t\t<\/dt><\/dl><dl class='gallery-item'>\n\t\t\t<dt class='gallery-icon landscape'>\n\t\t\t\t<a href='https:\/\/cuernavaca.gob.mx\/?attachment_id=57248'><img width=\"150\" height=\"150\" src=\"https:\/\/cuernavaca.gob.mx\/wp-content\/uploads\/2026\/03\/IMPULSA-SECRETARI\u0301A-DE-DESARROLLO-SUSTENTABLE-ADOPCIO\u0301N-DEL-PARQUE-FAROLITO-EN-AMATITLA\u0301N-3-150x150.jpg\" class=\"attachment-thumbnail size-thumbnail\" alt=\"\" loading=\"lazy\" \/><\/a>\n\t\t\t<\/dt><\/dl><br style=\"clear: both\" \/>\n\t\t<\/div>\n\n","protected":false},"excerpt":{"rendered":"<p>La Secretar\u00eda de Desarrollo Sustentable y Servicios P\u00fablicos (SDSySP) del Ayuntamiento de Cuernavaca, a trav\u00e9s del programa de Adopci\u00f3n de Espacios P\u00fablicos, firm\u00f3 un convenio de colaboraci\u00f3n con la Ayudant\u00eda del poblado de Amatitl\u00e1n para la adopci\u00f3n del emblem\u00e1tico Parque Farolito. Como parte de este acuerdo, la ayudante municipal del poblado de Amatitl\u00e1n, Lorena Margarita [&hellip;]<\/p>\n","protected":false},"author":1,"featured_media":57246,"comment_status":"closed","ping_status":"open","sticky":false,"template":"","format":"standard","meta":[],"categories":[2271],"tags":[],"aioseo_notices":[],"_links":{"self":[{"href":"https:\/\/cuernavaca.gob.mx\/index.php?rest_route=\/wp\/v2\/posts\/57245"}],"collection":[{"href":"https:\/\/cuernavaca.gob.mx\/index.php?rest_route=\/wp\/v2\/posts"}],"about":[{"href":"https:\/\/cuernavaca.gob.mx\/index.php?rest_route=\/wp\/v2\/types\/post"}],"author":[{"embeddable":true,"href":"https:\/\/cuernavaca.gob.mx\/index.php?rest_route=\/wp\/v2\/users\/1"}],"replies":[{"embeddable":true,"href":"https:\/\/cuernavaca.gob.mx\/index.php?rest_route=%2Fwp%2Fv2%2Fcomments&post=57245"}],"version-history":[{"count":1,"href":"https:\/\/cuernavaca.gob.mx\/index.php?rest_route=\/wp\/v2\/posts\/57245\/revisions"}],"predecessor-version":[{"id":57249,"href":"https:\/\/cuernavaca.gob.mx\/index.php?rest_route=\/wp\/v2\/posts\/57245\/revisions\/57249"}],"wp:featuredmedia":[{"embeddable":true,"href":"https:\/\/cuernavaca.gob.mx\/index.php?rest_route=\/wp\/v2\/media\/57246"}],"wp:attachment":[{"href":"https:\/\/cuernavaca.gob.mx\/index.php?rest_route=%2Fwp%2Fv2%2Fmedia&parent=57245"}],"wp:term":[{"taxonomy":"category","embeddable":true,"href":"https:\/\/cuernavaca.gob.mx\/index.php?rest_route=%2Fwp%2Fv2%2Fcategories&post=57245"},{"taxonomy":"post_tag","embeddable":true,"href":"https:\/\/cuernavaca.gob.mx\/index.php?rest_route=%2Fwp%2Fv2%2Ftags&post=57245"}],"curies":[{"name":"wp","href":"https:\/\/api.w.org\/{rel}","templated":true}]}}