{"id":57250,"date":"2026-03-12T12:53:07","date_gmt":"2026-03-12T18:53:07","guid":{"rendered":"https:\/\/cuernavaca.gob.mx\/?p=57250"},"modified":"2026-03-12T12:53:07","modified_gmt":"2026-03-12T18:53:07","slug":"b1008-12-03-26-cuernavaca-fortalece-acciones-para-reconstruir-el-tejido-social-desde-las-comunidades-con-feria-de-paz","status":"publish","type":"post","link":"https:\/\/cuernavaca.gob.mx\/?p=57250","title":{"rendered":"B1008 12\/03\/26 CUERNAVACA FORTALECE ACCIONES PARA RECONSTRUIR EL TEJIDO SOCIAL DESDE LAS COMUNIDADES CON FERIA DE PAZ"},"content":{"rendered":"<p><strong>\u2022 Con la Feria de Paz &#8220;Atenci\u00f3n a las Causas&#8221;, autoridades federales, estatales y municipales acercaron m\u00e1s de 30 servicios a habitantes de Santa Mar\u00eda Ahuacatitl\u00e1n<\/strong><\/p>\n<p><strong>\u2022 El alcalde Jos\u00e9 Luis Uri\u00f3stegui afirm\u00f3 que estas iniciativas permiten responder de manera directa a las necesidades m\u00e1s apremiantes de la poblaci\u00f3n<\/strong><\/p>\n<p>Con el prop\u00f3sito de robustecer el acercamiento de programas y atenci\u00f3n institucional a la poblaci\u00f3n, este jueves se llev\u00f3 a cabo en Cuernavaca la Feria de la Paz &#8220;Atenci\u00f3n a las Causas&#8221;, una estrategia que articula la participaci\u00f3n de dependencias de los tres \u00f3rdenes de gobierno para fortalecer la prevenci\u00f3n de la violencia y contribuir a la reconstrucci\u00f3n del tejido social desde las comunidades.<\/p>\n<p>La jornada tuvo lugar en la Ayudant\u00eda Municipal del poblado de Santa Mar\u00eda Ahuacatitl\u00e1n, donde el presidente municipal de Cuernavaca, Jos\u00e9 Luis Uri\u00f3stegui Salgado, dio la bienvenida a representantes federales y estatales, subrayando que estas iniciativas permiten responder de manera directa a las necesidades m\u00e1s apremiantes de la ciudadan\u00eda.<\/p>\n<p>El alcalde explic\u00f3 que la realizaci\u00f3n de esta feria forma parte de las pol\u00edticas impulsadas a nivel nacional para atender los factores que originan la violencia, tema abordado recientemente durante una reuni\u00f3n con la presidenta Claudia Sheinbaum Pardo, en la que participaron tambi\u00e9n alcaldesas y alcaldes de distintas regiones del pa\u00eds.<\/p>\n<p>Para la organizaci\u00f3n de esta actividad, personal de la Secretar\u00eda de Desarrollo Humano y Participaci\u00f3n Social del Ayuntamiento de Cuernavaca, en coordinaci\u00f3n con la Secretar\u00eda de Gobernaci\u00f3n, realiz\u00f3 previamente recorridos en el poblado para identificar las principales demandas de las y los vecinos, lo que permiti\u00f3 acercar apoyos en \u00e1reas como salud, educaci\u00f3n, cultura, deporte, asesor\u00eda jur\u00eddica y programas sociales.<\/p>\n<p>Durante la feria, habitantes de Santa Mar\u00eda Ahuacatitl\u00e1n tuvieron acceso a cerca de 35 atenciones y tr\u00e1mites proporcionados por dependencias federales, estatales y municipales, facilitando orientaci\u00f3n directa y apoyo a las familias del lugar.<\/p>\n<p>En este contexto tambi\u00e9n se llev\u00f3 a cabo la toma de protesta del Comit\u00e9 de Paz, integrado por vecinas y vecinos del poblado, quienes colaborar\u00e1n con las autoridades en la promoci\u00f3n de iniciativas comunitarias orientadas a fortalecer la convivencia pac\u00edfica y el bienestar social.<\/p>\n<p>La directora general de Vinculaci\u00f3n con Organizaciones de la Sociedad Civil y Desarrollo Democr\u00e1tico de la Secretar\u00eda de Gobernaci\u00f3n, Mar\u00eda Carmina Ceballos Mart\u00ednez, agradeci\u00f3 al alcalde Jos\u00e9 Luis Uri\u00f3stegui Salgado por las facilidades otorgadas para la realizaci\u00f3n de esta primera Feria de la Paz en el municipio y en el estado de Morelos.<\/p>\n<p>En representaci\u00f3n de la gobernadora del Estado, Margarita Gonz\u00e1lez Saravia, la directora general de Asuntos Religiosos del Gobierno del Estado, Marisol Rovira Castillo, resalt\u00f3 la importancia de promover una cultura de paz basada en la corresponsabilidad entre autoridades y sociedad para fortalecer la reconstrucci\u00f3n del tejido comunitario, siendo la Feria de Paz una muestra de ello.<\/p>\n<p>Al evento tambi\u00e9n asistieron la regidora Paz Hern\u00e1ndez Pardo y autoridades auxiliares del poblado, encabezadas por Carmelo Maya de Paz, ayudante municipal de Santa Mar\u00eda Ahuacatitl\u00e1n, quien particip\u00f3 en la toma de protesta del Comit\u00e9 de Paz y reiter\u00f3 la disposici\u00f3n de la comunidad para trabajar de manera coordinada con las instituciones en favor del bienestar de sus habitantes.<\/p>\n\n\t\t<style type=\"text\/css\">\n\t\t\t#gallery-1 {\n\t\t\t\tmargin: auto;\n\t\t\t}\n\t\t\t#gallery-1 .gallery-item {\n\t\t\t\tfloat: left;\n\t\t\t\tmargin-top: 10px;\n\t\t\t\ttext-align: center;\n\t\t\t\twidth: 33%;\n\t\t\t}\n\t\t\t#gallery-1 img {\n\t\t\t\tborder: 2px solid #cfcfcf;\n\t\t\t}\n\t\t\t#gallery-1 .gallery-caption {\n\t\t\t\tmargin-left: 0;\n\t\t\t}\n\t\t\t\/* see gallery_shortcode() in wp-includes\/media.php *\/\n\t\t<\/style>\n\t\t<div id='gallery-1' class='gallery galleryid-57250 gallery-columns-3 gallery-size-thumbnail'><dl class='gallery-item'>\n\t\t\t<dt class='gallery-icon landscape'>\n\t\t\t\t<a href='https:\/\/cuernavaca.gob.mx\/?attachment_id=57251'><img width=\"150\" height=\"150\" src=\"https:\/\/cuernavaca.gob.mx\/wp-content\/uploads\/2026\/03\/CUERNAVACA-FORTALECE-ACCIONES-PARA-RECONSTRUIR-EL-TEJIDO-SOCIAL-DESDE-LAS-COMUNIDADES-CON-FERIA-DE-PAZ-1-150x150.jpg\" class=\"attachment-thumbnail size-thumbnail\" alt=\"\" loading=\"lazy\" \/><\/a>\n\t\t\t<\/dt><\/dl><dl class='gallery-item'>\n\t\t\t<dt class='gallery-icon landscape'>\n\t\t\t\t<a href='https:\/\/cuernavaca.gob.mx\/?attachment_id=57252'><img width=\"150\" height=\"150\" src=\"https:\/\/cuernavaca.gob.mx\/wp-content\/uploads\/2026\/03\/CUERNAVACA-FORTALECE-ACCIONES-PARA-RECONSTRUIR-EL-TEJIDO-SOCIAL-DESDE-LAS-COMUNIDADES-CON-FERIA-DE-PAZ-2-150x150.jpg\" class=\"attachment-thumbnail size-thumbnail\" alt=\"\" loading=\"lazy\" \/><\/a>\n\t\t\t<\/dt><\/dl><dl class='gallery-item'>\n\t\t\t<dt class='gallery-icon landscape'>\n\t\t\t\t<a href='https:\/\/cuernavaca.gob.mx\/?attachment_id=57253'><img width=\"150\" height=\"150\" src=\"https:\/\/cuernavaca.gob.mx\/wp-content\/uploads\/2026\/03\/CUERNAVACA-FORTALECE-ACCIONES-PARA-RECONSTRUIR-EL-TEJIDO-SOCIAL-DESDE-LAS-COMUNIDADES-CON-FERIA-DE-PAZ-3-150x150.jpg\" class=\"attachment-thumbnail size-thumbnail\" alt=\"\" loading=\"lazy\" \/><\/a>\n\t\t\t<\/dt><\/dl><br style=\"clear: both\" \/><dl class='gallery-item'>\n\t\t\t<dt class='gallery-icon landscape'>\n\t\t\t\t<a href='https:\/\/cuernavaca.gob.mx\/?attachment_id=57254'><img width=\"150\" height=\"150\" src=\"https:\/\/cuernavaca.gob.mx\/wp-content\/uploads\/2026\/03\/CUERNAVACA-FORTALECE-ACCIONES-PARA-RECONSTRUIR-EL-TEJIDO-SOCIAL-DESDE-LAS-COMUNIDADES-CON-FERIA-DE-PAZ-4-150x150.jpg\" class=\"attachment-thumbnail size-thumbnail\" alt=\"\" loading=\"lazy\" \/><\/a>\n\t\t\t<\/dt><\/dl><dl class='gallery-item'>\n\t\t\t<dt class='gallery-icon landscape'>\n\t\t\t\t<a href='https:\/\/cuernavaca.gob.mx\/?attachment_id=57255'><img width=\"150\" height=\"150\" src=\"https:\/\/cuernavaca.gob.mx\/wp-content\/uploads\/2026\/03\/CUERNAVACA-FORTALECE-ACCIONES-PARA-RECONSTRUIR-EL-TEJIDO-SOCIAL-DESDE-LAS-COMUNIDADES-CON-FERIA-DE-PAZ-5-150x150.jpg\" class=\"attachment-thumbnail size-thumbnail\" alt=\"\" loading=\"lazy\" \/><\/a>\n\t\t\t<\/dt><\/dl><dl class='gallery-item'>\n\t\t\t<dt class='gallery-icon landscape'>\n\t\t\t\t<a href='https:\/\/cuernavaca.gob.mx\/?attachment_id=57256'><img width=\"150\" height=\"150\" src=\"https:\/\/cuernavaca.gob.mx\/wp-content\/uploads\/2026\/03\/CUERNAVACA-FORTALECE-ACCIONES-PARA-RECONSTRUIR-EL-TEJIDO-SOCIAL-DESDE-LAS-COMUNIDADES-CON-FERIA-DE-PAZ-6-150x150.jpg\" class=\"attachment-thumbnail size-thumbnail\" alt=\"\" loading=\"lazy\" \/><\/a>\n\t\t\t<\/dt><\/dl><br style=\"clear: both\" \/>\n\t\t<\/div>\n\n","protected":false},"excerpt":{"rendered":"<p>\u2022 Con la Feria de Paz &#8220;Atenci\u00f3n a las Causas&#8221;, autoridades federales, estatales y municipales acercaron m\u00e1s de 30 servicios a habitantes de Santa Mar\u00eda Ahuacatitl\u00e1n \u2022 El alcalde Jos\u00e9 Luis Uri\u00f3stegui afirm\u00f3 que estas iniciativas permiten responder de manera directa a las necesidades m\u00e1s apremiantes de la poblaci\u00f3n Con el prop\u00f3sito de robustecer el [&hellip;]<\/p>\n","protected":false},"author":1,"featured_media":57255,"comment_status":"closed","ping_status":"open","sticky":false,"template":"","format":"standard","meta":[],"categories":[20],"tags":[],"aioseo_notices":[],"_links":{"self":[{"href":"https:\/\/cuernavaca.gob.mx\/index.php?rest_route=\/wp\/v2\/posts\/57250"}],"collection":[{"href":"https:\/\/cuernavaca.gob.mx\/index.php?rest_route=\/wp\/v2\/posts"}],"about":[{"href":"https:\/\/cuernavaca.gob.mx\/index.php?rest_route=\/wp\/v2\/types\/post"}],"author":[{"embeddable":true,"href":"https:\/\/cuernavaca.gob.mx\/index.php?rest_route=\/wp\/v2\/users\/1"}],"replies":[{"embeddable":true,"href":"https:\/\/cuernavaca.gob.mx\/index.php?rest_route=%2Fwp%2Fv2%2Fcomments&post=57250"}],"version-history":[{"count":1,"href":"https:\/\/cuernavaca.gob.mx\/index.php?rest_route=\/wp\/v2\/posts\/57250\/revisions"}],"predecessor-version":[{"id":57257,"href":"https:\/\/cuernavaca.gob.mx\/index.php?rest_route=\/wp\/v2\/posts\/57250\/revisions\/57257"}],"wp:featuredmedia":[{"embeddable":true,"href":"https:\/\/cuernavaca.gob.mx\/index.php?rest_route=\/wp\/v2\/media\/57255"}],"wp:attachment":[{"href":"https:\/\/cuernavaca.gob.mx\/index.php?rest_route=%2Fwp%2Fv2%2Fmedia&parent=57250"}],"wp:term":[{"taxonomy":"category","embeddable":true,"href":"https:\/\/cuernavaca.gob.mx\/index.php?rest_route=%2Fwp%2Fv2%2Fcategories&post=57250"},{"taxonomy":"post_tag","embeddable":true,"href":"https:\/\/cuernavaca.gob.mx\/index.php?rest_route=%2Fwp%2Fv2%2Ftags&post=57250"}],"curies":[{"name":"wp","href":"https:\/\/api.w.org\/{rel}","templated":true}]}}