{"id":57261,"date":"2026-03-12T14:08:22","date_gmt":"2026-03-12T20:08:22","guid":{"rendered":"https:\/\/cuernavaca.gob.mx\/?p=57261"},"modified":"2026-03-12T14:08:22","modified_gmt":"2026-03-12T20:08:22","slug":"b1010-12-03-26-seprac-llama-a-la-poblacion-a-tomar-precauciones-ante-rachas-de-viento-registradas-en-cuernavaca","status":"publish","type":"post","link":"https:\/\/cuernavaca.gob.mx\/?p=57261","title":{"rendered":"B1010 12\/03\/26 SEPRAC LLAMA A LA POBLACI\u00d3N A TOMAR PRECAUCIONES ANTE RACHAS DE VIENTO REGISTRADAS EN CUERNAVACA"},"content":{"rendered":"<p><strong>\u2022 Hasta el momento no se reportan da\u00f1os en el municipio; autoridades exhortan a la ciudadan\u00eda a mantenerse informada por canales oficiales<\/strong><\/p>\n<p>La Secretar\u00eda de Protecci\u00f3n y Auxilio Ciudadano (SEPRAC), a trav\u00e9s de la Coordinaci\u00f3n Municipal de Protecci\u00f3n Civil de Cuernavaca, informa que, de acuerdo con el reporte emitido por la Coordinaci\u00f3n Nacional de Protecci\u00f3n Civil, durante este jueves se han registrado en el municipio vientos con una velocidad aproximada de 30 kil\u00f3metros por hora, con rachas que oscilan entre los 40 y 60 kil\u00f3metros por hora.<\/p>\n<p>Hasta el momento, la SEPRAC informa que no se tiene registro de da\u00f1os en el municipio de Cuernavaca derivados de estas condiciones climatol\u00f3gicas.<\/p>\n<p>El coordinador municipal de Protecci\u00f3n Civil, Enrique Clement Gallardo, hizo un llamado a la poblaci\u00f3n a mantenerse informada y tomar medidas preventivas para evitar situaciones de riesgo, entre ellas:<\/p>\n<p>\u2022 Mantenerse alerta al transitar por avenidas principales o zonas donde existan \u00e1rboles, espectaculares o estructuras que pudieran representar alg\u00fan riesgo.<\/p>\n<p>\u2022 En viviendas con techos de l\u00e1mina de asbesto o galvanizada, verificar que se encuentren debidamente asegurados.<\/p>\n<p>\u2022 En caso de salir de casa, utilizar cubrebocas para prevenir afectaciones respiratorias derivadas del polvo en el ambiente.<\/p>\n<p>\u2022 Evitar la quema de basura o pastizales en terrenos bald\u00edos, ya que las rachas de viento pueden propiciar que el fuego se salga de control.<\/p>\n<p>\u2022 Si conduce, hacerlo con precauci\u00f3n ante posibles tolvaneras o condiciones que reduzcan la visibilidad; de ser necesario, detenerse en un lugar seguro, lejos de \u00e1rboles, cables el\u00e9ctricos o anuncios espectaculares.<\/p>\n<p>La SEPRAC exhorta a la ciudadan\u00eda a reportar cualquier situaci\u00f3n de riesgo, mantenerse atenta a la informaci\u00f3n oficial y evitar difundir datos no verificados. Ante cualquier emergencia, la poblaci\u00f3n puede comunicarse al C4 Cuernavaca al tel\u00e9fono 777 312 12 74.<\/p>\n\n\t\t<style type=\"text\/css\">\n\t\t\t#gallery-1 {\n\t\t\t\tmargin: auto;\n\t\t\t}\n\t\t\t#gallery-1 .gallery-item {\n\t\t\t\tfloat: left;\n\t\t\t\tmargin-top: 10px;\n\t\t\t\ttext-align: center;\n\t\t\t\twidth: 33%;\n\t\t\t}\n\t\t\t#gallery-1 img {\n\t\t\t\tborder: 2px solid #cfcfcf;\n\t\t\t}\n\t\t\t#gallery-1 .gallery-caption {\n\t\t\t\tmargin-left: 0;\n\t\t\t}\n\t\t\t\/* see gallery_shortcode() in wp-includes\/media.php *\/\n\t\t<\/style>\n\t\t<div id='gallery-1' class='gallery galleryid-57261 gallery-columns-3 gallery-size-thumbnail'><dl class='gallery-item'>\n\t\t\t<dt class='gallery-icon portrait'>\n\t\t\t\t<a href='https:\/\/cuernavaca.gob.mx\/?attachment_id=57262'><img width=\"150\" height=\"150\" src=\"https:\/\/cuernavaca.gob.mx\/wp-content\/uploads\/2026\/03\/SEPRAC-LLAMA-A-LA-POBLACIO\u0301N-A-TOMAR-PRECAUCIONES-ANTE-RACHAS-DE-VIENTO-REGISTRADAS-EN-CUERNAVACA-150x150.jpg\" class=\"attachment-thumbnail size-thumbnail\" alt=\"\" loading=\"lazy\" \/><\/a>\n\t\t\t<\/dt><\/dl>\n\t\t\t<br style='clear: both' \/>\n\t\t<\/div>\n\n","protected":false},"excerpt":{"rendered":"<p>\u2022 Hasta el momento no se reportan da\u00f1os en el municipio; autoridades exhortan a la ciudadan\u00eda a mantenerse informada por canales oficiales La Secretar\u00eda de Protecci\u00f3n y Auxilio Ciudadano (SEPRAC), a trav\u00e9s de la Coordinaci\u00f3n Municipal de Protecci\u00f3n Civil de Cuernavaca, informa que, de acuerdo con el reporte emitido por la Coordinaci\u00f3n Nacional de Protecci\u00f3n [&hellip;]<\/p>\n","protected":false},"author":1,"featured_media":57262,"comment_status":"closed","ping_status":"open","sticky":false,"template":"","format":"standard","meta":[],"categories":[17],"tags":[],"aioseo_notices":[],"_links":{"self":[{"href":"https:\/\/cuernavaca.gob.mx\/index.php?rest_route=\/wp\/v2\/posts\/57261"}],"collection":[{"href":"https:\/\/cuernavaca.gob.mx\/index.php?rest_route=\/wp\/v2\/posts"}],"about":[{"href":"https:\/\/cuernavaca.gob.mx\/index.php?rest_route=\/wp\/v2\/types\/post"}],"author":[{"embeddable":true,"href":"https:\/\/cuernavaca.gob.mx\/index.php?rest_route=\/wp\/v2\/users\/1"}],"replies":[{"embeddable":true,"href":"https:\/\/cuernavaca.gob.mx\/index.php?rest_route=%2Fwp%2Fv2%2Fcomments&post=57261"}],"version-history":[{"count":1,"href":"https:\/\/cuernavaca.gob.mx\/index.php?rest_route=\/wp\/v2\/posts\/57261\/revisions"}],"predecessor-version":[{"id":57263,"href":"https:\/\/cuernavaca.gob.mx\/index.php?rest_route=\/wp\/v2\/posts\/57261\/revisions\/57263"}],"wp:featuredmedia":[{"embeddable":true,"href":"https:\/\/cuernavaca.gob.mx\/index.php?rest_route=\/wp\/v2\/media\/57262"}],"wp:attachment":[{"href":"https:\/\/cuernavaca.gob.mx\/index.php?rest_route=%2Fwp%2Fv2%2Fmedia&parent=57261"}],"wp:term":[{"taxonomy":"category","embeddable":true,"href":"https:\/\/cuernavaca.gob.mx\/index.php?rest_route=%2Fwp%2Fv2%2Fcategories&post=57261"},{"taxonomy":"post_tag","embeddable":true,"href":"https:\/\/cuernavaca.gob.mx\/index.php?rest_route=%2Fwp%2Fv2%2Ftags&post=57261"}],"curies":[{"name":"wp","href":"https:\/\/api.w.org\/{rel}","templated":true}]}}