{"id":57264,"date":"2026-03-13T12:22:37","date_gmt":"2026-03-13T18:22:37","guid":{"rendered":"https:\/\/cuernavaca.gob.mx\/?p=57264"},"modified":"2026-03-13T12:22:37","modified_gmt":"2026-03-13T18:22:37","slug":"b1011-13-03-2026-ayuntamiento-de-cuernavaca-impulsa-cultura-de-prevencion-con-el-primer-foro-de-espacios-cardioprotegidos","status":"publish","type":"post","link":"https:\/\/cuernavaca.gob.mx\/?p=57264","title":{"rendered":"B1011 13\/03\/2026 AYUNTAMIENTO DE CUERNAVACA IMPULSA CULTURA DE PREVENCI\u00d3N CON EL PRIMER FORO DE ESPACIOS CARDIOPROTEGIDOS"},"content":{"rendered":"<p>* La SDHyPS impulsa la instalaci\u00f3n de desfibriladores en puntos estrat\u00e9gicos de la ciudad y la capacitaci\u00f3n ciudadana para fortalecer la prevenci\u00f3n ante emergencias card\u00edacas<\/p>\n<p>El Ayuntamiento de Cuernavaca, a trav\u00e9s de la Secretar\u00eda de Desarrollo Humano y Participaci\u00f3n Social (SDHyPS) y la Direcci\u00f3n de Salud y Educaci\u00f3n, llev\u00f3 a cabo con \u00e9xito el Primer Foro de Espacios Cardioprotegidos, una iniciativa orientada a sensibilizar y capacitar a la poblaci\u00f3n sobre la importancia de actuar de manera inmediata ante un paro card\u00edaco.<\/p>\n<p>La titular de la SDHyPS, Sandra Adelina Pinz\u00f3n S\u00e1nchez, destac\u00f3 el inter\u00e9s por fortalecer la seguridad y el bienestar de la poblaci\u00f3n, promoviendo en una primera etapa, la instalaci\u00f3n de desfibriladores en puntos estrat\u00e9gicos de la ciudad y la realizaci\u00f3n de talleres permanentes para capacitar a la ciudadan\u00eda en primeros auxilios y atenci\u00f3n de emergencias cardiacas.<\/p>\n<p>El foro reuni\u00f3 a especialistas en salud, autoridades municipales y ciudadan\u00eda interesada en adquirir herramientas b\u00e1sicas que pueden salvar vidas. Entre los ponentes estuvieron el doctor Aurelio Cruz, investigador del Instituto Nacional de Salud P\u00fablica; el doctor David Mart\u00ednez Duncker; y el TAMP Erick Cruz, quienes compartieron conocimiento, experiencias y recomendaciones sobre atenci\u00f3n inicial ante emergencias card\u00edacas.<\/p>\n<p>Como parte de la programaci\u00f3n, se llev\u00f3 a cabo una capacitaci\u00f3n te\u00f3rico-pr\u00e1ctica, en la que las y los asistentes aprendieron maniobras de reanimaci\u00f3n cardiopulmonar (RCP) y el uso adecuado del Desfibrilador Externo Autom\u00e1tico (DEA), herramientas importantes para restablecer el ritmo card\u00edaco en situaciones de paro s\u00fabito.<\/p>\n<p>En su intervenci\u00f3n, David Mart\u00ednez Duncker destac\u00f3 que una de cada cinco personas est\u00e1 en riesgo de sufrir una muerte s\u00fabita, y que en aproximadamente el 70% de los casos, el uso oportuno de un desfibrilador puede marcar la diferencia entre la vida y la muerte.<\/p>\n<p>Entre los asistentes estuvieron autoridades municipales, representantes del sector salud, especialistas en emergencias m\u00e9dicas y la diputada local Andy Gordillo.<\/p>\n<p>Con estas acciones, el Gobierno municipal reafirma su compromiso con la prevenci\u00f3n, la salud p\u00fablica y la corresponsabilidad ciudadana, impulsando estrategias que contribuyan a salvar vidas y fortalecer la seguridad en los espacios p\u00fablicos y comunitarios.<\/p>\n\n\t\t<style type=\"text\/css\">\n\t\t\t#gallery-1 {\n\t\t\t\tmargin: auto;\n\t\t\t}\n\t\t\t#gallery-1 .gallery-item {\n\t\t\t\tfloat: left;\n\t\t\t\tmargin-top: 10px;\n\t\t\t\ttext-align: center;\n\t\t\t\twidth: 33%;\n\t\t\t}\n\t\t\t#gallery-1 img {\n\t\t\t\tborder: 2px solid #cfcfcf;\n\t\t\t}\n\t\t\t#gallery-1 .gallery-caption {\n\t\t\t\tmargin-left: 0;\n\t\t\t}\n\t\t\t\/* see gallery_shortcode() in wp-includes\/media.php *\/\n\t\t<\/style>\n\t\t<div id='gallery-1' class='gallery galleryid-57264 gallery-columns-3 gallery-size-thumbnail'><dl class='gallery-item'>\n\t\t\t<dt class='gallery-icon landscape'>\n\t\t\t\t<a href='https:\/\/cuernavaca.gob.mx\/wp-content\/uploads\/2026\/03\/WhatsApp-Image-2026-03-13-at-10.30.32-AM-1.jpeg'><img width=\"150\" height=\"150\" src=\"https:\/\/cuernavaca.gob.mx\/wp-content\/uploads\/2026\/03\/WhatsApp-Image-2026-03-13-at-10.30.32-AM-1-150x150.jpeg\" class=\"attachment-thumbnail size-thumbnail\" alt=\"\" loading=\"lazy\" \/><\/a>\n\t\t\t<\/dt><\/dl><dl class='gallery-item'>\n\t\t\t<dt class='gallery-icon landscape'>\n\t\t\t\t<a href='https:\/\/cuernavaca.gob.mx\/wp-content\/uploads\/2026\/03\/WhatsApp-Image-2026-03-13-at-10.30.32-AM-2.jpeg'><img width=\"150\" height=\"150\" src=\"https:\/\/cuernavaca.gob.mx\/wp-content\/uploads\/2026\/03\/WhatsApp-Image-2026-03-13-at-10.30.32-AM-2-150x150.jpeg\" class=\"attachment-thumbnail size-thumbnail\" alt=\"\" loading=\"lazy\" \/><\/a>\n\t\t\t<\/dt><\/dl><dl class='gallery-item'>\n\t\t\t<dt class='gallery-icon landscape'>\n\t\t\t\t<a href='https:\/\/cuernavaca.gob.mx\/wp-content\/uploads\/2026\/03\/WhatsApp-Image-2026-03-13-at-10.30.32-AM-3.jpeg'><img width=\"150\" height=\"150\" src=\"https:\/\/cuernavaca.gob.mx\/wp-content\/uploads\/2026\/03\/WhatsApp-Image-2026-03-13-at-10.30.32-AM-3-150x150.jpeg\" class=\"attachment-thumbnail size-thumbnail\" alt=\"\" loading=\"lazy\" \/><\/a>\n\t\t\t<\/dt><\/dl><br style=\"clear: both\" \/><dl class='gallery-item'>\n\t\t\t<dt class='gallery-icon landscape'>\n\t\t\t\t<a href='https:\/\/cuernavaca.gob.mx\/wp-content\/uploads\/2026\/03\/WhatsApp-Image-2026-03-13-at-10.30.32-AM-4.jpeg'><img width=\"150\" height=\"150\" src=\"https:\/\/cuernavaca.gob.mx\/wp-content\/uploads\/2026\/03\/WhatsApp-Image-2026-03-13-at-10.30.32-AM-4-150x150.jpeg\" class=\"attachment-thumbnail size-thumbnail\" alt=\"\" loading=\"lazy\" \/><\/a>\n\t\t\t<\/dt><\/dl><dl class='gallery-item'>\n\t\t\t<dt class='gallery-icon landscape'>\n\t\t\t\t<a href='https:\/\/cuernavaca.gob.mx\/wp-content\/uploads\/2026\/03\/WhatsApp-Image-2026-03-13-at-10.30.32-AM-5.jpeg'><img width=\"150\" height=\"150\" src=\"https:\/\/cuernavaca.gob.mx\/wp-content\/uploads\/2026\/03\/WhatsApp-Image-2026-03-13-at-10.30.32-AM-5-150x150.jpeg\" class=\"attachment-thumbnail size-thumbnail\" alt=\"\" loading=\"lazy\" \/><\/a>\n\t\t\t<\/dt><\/dl><dl class='gallery-item'>\n\t\t\t<dt class='gallery-icon landscape'>\n\t\t\t\t<a href='https:\/\/cuernavaca.gob.mx\/wp-content\/uploads\/2026\/03\/WhatsApp-Image-2026-03-13-at-10.30.32-AM.jpeg'><img width=\"150\" height=\"150\" src=\"https:\/\/cuernavaca.gob.mx\/wp-content\/uploads\/2026\/03\/WhatsApp-Image-2026-03-13-at-10.30.32-AM-150x150.jpeg\" class=\"attachment-thumbnail size-thumbnail\" alt=\"\" loading=\"lazy\" \/><\/a>\n\t\t\t<\/dt><\/dl><br style=\"clear: both\" \/>\n\t\t<\/div>\n\n","protected":false},"excerpt":{"rendered":"<p>* La SDHyPS impulsa la instalaci\u00f3n de desfibriladores en puntos estrat\u00e9gicos de la ciudad y la capacitaci\u00f3n ciudadana para fortalecer la prevenci\u00f3n ante emergencias card\u00edacas El Ayuntamiento de Cuernavaca, a trav\u00e9s de la Secretar\u00eda de Desarrollo Humano y Participaci\u00f3n Social (SDHyPS) y la Direcci\u00f3n de Salud y Educaci\u00f3n, llev\u00f3 a cabo con \u00e9xito el Primer [&hellip;]<\/p>\n","protected":false},"author":1,"featured_media":57270,"comment_status":"closed","ping_status":"open","sticky":false,"template":"","format":"standard","meta":[],"categories":[862],"tags":[],"aioseo_notices":[],"_links":{"self":[{"href":"https:\/\/cuernavaca.gob.mx\/index.php?rest_route=\/wp\/v2\/posts\/57264"}],"collection":[{"href":"https:\/\/cuernavaca.gob.mx\/index.php?rest_route=\/wp\/v2\/posts"}],"about":[{"href":"https:\/\/cuernavaca.gob.mx\/index.php?rest_route=\/wp\/v2\/types\/post"}],"author":[{"embeddable":true,"href":"https:\/\/cuernavaca.gob.mx\/index.php?rest_route=\/wp\/v2\/users\/1"}],"replies":[{"embeddable":true,"href":"https:\/\/cuernavaca.gob.mx\/index.php?rest_route=%2Fwp%2Fv2%2Fcomments&post=57264"}],"version-history":[{"count":2,"href":"https:\/\/cuernavaca.gob.mx\/index.php?rest_route=\/wp\/v2\/posts\/57264\/revisions"}],"predecessor-version":[{"id":57272,"href":"https:\/\/cuernavaca.gob.mx\/index.php?rest_route=\/wp\/v2\/posts\/57264\/revisions\/57272"}],"wp:featuredmedia":[{"embeddable":true,"href":"https:\/\/cuernavaca.gob.mx\/index.php?rest_route=\/wp\/v2\/media\/57270"}],"wp:attachment":[{"href":"https:\/\/cuernavaca.gob.mx\/index.php?rest_route=%2Fwp%2Fv2%2Fmedia&parent=57264"}],"wp:term":[{"taxonomy":"category","embeddable":true,"href":"https:\/\/cuernavaca.gob.mx\/index.php?rest_route=%2Fwp%2Fv2%2Fcategories&post=57264"},{"taxonomy":"post_tag","embeddable":true,"href":"https:\/\/cuernavaca.gob.mx\/index.php?rest_route=%2Fwp%2Fv2%2Ftags&post=57264"}],"curies":[{"name":"wp","href":"https:\/\/api.w.org\/{rel}","templated":true}]}}