{"id":57273,"date":"2026-03-13T12:38:10","date_gmt":"2026-03-13T18:38:10","guid":{"rendered":"https:\/\/cuernavaca.gob.mx\/?p=57273"},"modified":"2026-03-13T12:38:10","modified_gmt":"2026-03-13T18:38:10","slug":"b1012-13-03-2026-impulsa-ayuntamiento-de-cuernavaca-educacion-ambiental-entre-las-nuevas-generaciones","status":"publish","type":"post","link":"https:\/\/cuernavaca.gob.mx\/?p=57273","title":{"rendered":"B1012 13\/03\/2026 IMPULSA AYUNTAMIENTO DE CUERNAVACA EDUCACI\u00d3N AMBIENTAL ENTRE LAS NUEVAS GENERACIONES"},"content":{"rendered":"<p>\u2022 Personal de la Secretar\u00eda de Desarrollo Sustentable y Servicios P\u00fablicos imparti\u00f3 taller sobre cuidado de barrancas y biodiversidad<\/p>\n<p>Con el objetivo de fortalecer la conciencia ambiental entre las nuevas generaciones, el Ayuntamiento de Cuernavaca, a trav\u00e9s de la Secretar\u00eda de Desarrollo Sustentable y Servicios P\u00fablicos (SDSySP), llev\u00f3 a cabo un taller de educaci\u00f3n ambiental dirigido a estudiantes, como parte de las acciones para acercar informaci\u00f3n y herramientas que fomenten el cuidado del entorno natural.<\/p>\n<p>La actividad fue impartida por personal de la Direcci\u00f3n de Desarrollo Sustentable en el Colegio de Cuernavaca, donde se abordaron temas relacionados con la importancia de las barrancas, la biodiversidad local y el papel que juegan estos espacios como corredores biol\u00f3gicos dentro del municipio.<\/p>\n<p>Durante el taller, las y los estudiantes pudieron conocer m\u00e1s sobre las especies end\u00e9micas y nativas que habitan en el municipio, la relevancia de proteger los ecosistemas locales y las acciones que pueden realizar desde su entorno cotidiano para contribuir a su conservaci\u00f3n.<\/p>\n<p>Asimismo, el personal especializado resolvi\u00f3 dudas y promovi\u00f3 el di\u00e1logo con las y los j\u00f3venes sobre temas como el cuidado de las barrancas, la funci\u00f3n de los corredores biol\u00f3gicos y la protecci\u00f3n de la flora y fauna local, reforzando la importancia de generar una cultura ambiental desde edades tempranas.<\/p>\n<p>Con este tipo de actividades, el Ayuntamiento de Cuernavaca contin\u00faa ampliando el alcance de sus programas de educaci\u00f3n ambiental, llevando estos temas no solo a colonias y comunidades, sino tambi\u00e9n a espacios educativos, con el prop\u00f3sito de formar ciudadanos m\u00e1s conscientes y comprometidos con el cuidado del medio ambiente.<\/p>\n\n\t\t<style type=\"text\/css\">\n\t\t\t#gallery-1 {\n\t\t\t\tmargin: auto;\n\t\t\t}\n\t\t\t#gallery-1 .gallery-item {\n\t\t\t\tfloat: left;\n\t\t\t\tmargin-top: 10px;\n\t\t\t\ttext-align: center;\n\t\t\t\twidth: 33%;\n\t\t\t}\n\t\t\t#gallery-1 img {\n\t\t\t\tborder: 2px solid #cfcfcf;\n\t\t\t}\n\t\t\t#gallery-1 .gallery-caption {\n\t\t\t\tmargin-left: 0;\n\t\t\t}\n\t\t\t\/* see gallery_shortcode() in wp-includes\/media.php *\/\n\t\t<\/style>\n\t\t<div id='gallery-1' class='gallery galleryid-57273 gallery-columns-3 gallery-size-thumbnail'><dl class='gallery-item'>\n\t\t\t<dt class='gallery-icon landscape'>\n\t\t\t\t<a href='https:\/\/cuernavaca.gob.mx\/wp-content\/uploads\/2026\/03\/WhatsApp-Image-2026-03-13-at-10.30.32-AM-6.jpeg'><img width=\"150\" height=\"150\" src=\"https:\/\/cuernavaca.gob.mx\/wp-content\/uploads\/2026\/03\/WhatsApp-Image-2026-03-13-at-10.30.32-AM-6-150x150.jpeg\" class=\"attachment-thumbnail size-thumbnail\" alt=\"\" loading=\"lazy\" \/><\/a>\n\t\t\t<\/dt><\/dl><dl class='gallery-item'>\n\t\t\t<dt class='gallery-icon landscape'>\n\t\t\t\t<a href='https:\/\/cuernavaca.gob.mx\/wp-content\/uploads\/2026\/03\/WhatsApp-Image-2026-03-13-at-10.30.33-AM-1.jpeg'><img width=\"150\" height=\"150\" src=\"https:\/\/cuernavaca.gob.mx\/wp-content\/uploads\/2026\/03\/WhatsApp-Image-2026-03-13-at-10.30.33-AM-1-150x150.jpeg\" class=\"attachment-thumbnail size-thumbnail\" alt=\"\" loading=\"lazy\" \/><\/a>\n\t\t\t<\/dt><\/dl><dl class='gallery-item'>\n\t\t\t<dt class='gallery-icon landscape'>\n\t\t\t\t<a href='https:\/\/cuernavaca.gob.mx\/wp-content\/uploads\/2026\/03\/WhatsApp-Image-2026-03-13-at-10.30.33-AM-2.jpeg'><img width=\"150\" height=\"150\" src=\"https:\/\/cuernavaca.gob.mx\/wp-content\/uploads\/2026\/03\/WhatsApp-Image-2026-03-13-at-10.30.33-AM-2-150x150.jpeg\" class=\"attachment-thumbnail size-thumbnail\" alt=\"\" loading=\"lazy\" \/><\/a>\n\t\t\t<\/dt><\/dl><br style=\"clear: both\" \/><dl class='gallery-item'>\n\t\t\t<dt class='gallery-icon landscape'>\n\t\t\t\t<a href='https:\/\/cuernavaca.gob.mx\/wp-content\/uploads\/2026\/03\/WhatsApp-Image-2026-03-13-at-10.30.33-AM.jpeg'><img width=\"150\" height=\"150\" src=\"https:\/\/cuernavaca.gob.mx\/wp-content\/uploads\/2026\/03\/WhatsApp-Image-2026-03-13-at-10.30.33-AM-150x150.jpeg\" class=\"attachment-thumbnail size-thumbnail\" alt=\"\" loading=\"lazy\" \/><\/a>\n\t\t\t<\/dt><\/dl>\n\t\t\t<br style='clear: both' \/>\n\t\t<\/div>\n\n","protected":false},"excerpt":{"rendered":"<p>\u2022 Personal de la Secretar\u00eda de Desarrollo Sustentable y Servicios P\u00fablicos imparti\u00f3 taller sobre cuidado de barrancas y biodiversidad Con el objetivo de fortalecer la conciencia ambiental entre las nuevas generaciones, el Ayuntamiento de Cuernavaca, a trav\u00e9s de la Secretar\u00eda de Desarrollo Sustentable y Servicios P\u00fablicos (SDSySP), llev\u00f3 a cabo un taller de educaci\u00f3n ambiental [&hellip;]<\/p>\n","protected":false},"author":1,"featured_media":57277,"comment_status":"closed","ping_status":"open","sticky":false,"template":"","format":"standard","meta":[],"categories":[2271],"tags":[],"aioseo_notices":[],"_links":{"self":[{"href":"https:\/\/cuernavaca.gob.mx\/index.php?rest_route=\/wp\/v2\/posts\/57273"}],"collection":[{"href":"https:\/\/cuernavaca.gob.mx\/index.php?rest_route=\/wp\/v2\/posts"}],"about":[{"href":"https:\/\/cuernavaca.gob.mx\/index.php?rest_route=\/wp\/v2\/types\/post"}],"author":[{"embeddable":true,"href":"https:\/\/cuernavaca.gob.mx\/index.php?rest_route=\/wp\/v2\/users\/1"}],"replies":[{"embeddable":true,"href":"https:\/\/cuernavaca.gob.mx\/index.php?rest_route=%2Fwp%2Fv2%2Fcomments&post=57273"}],"version-history":[{"count":1,"href":"https:\/\/cuernavaca.gob.mx\/index.php?rest_route=\/wp\/v2\/posts\/57273\/revisions"}],"predecessor-version":[{"id":57278,"href":"https:\/\/cuernavaca.gob.mx\/index.php?rest_route=\/wp\/v2\/posts\/57273\/revisions\/57278"}],"wp:featuredmedia":[{"embeddable":true,"href":"https:\/\/cuernavaca.gob.mx\/index.php?rest_route=\/wp\/v2\/media\/57277"}],"wp:attachment":[{"href":"https:\/\/cuernavaca.gob.mx\/index.php?rest_route=%2Fwp%2Fv2%2Fmedia&parent=57273"}],"wp:term":[{"taxonomy":"category","embeddable":true,"href":"https:\/\/cuernavaca.gob.mx\/index.php?rest_route=%2Fwp%2Fv2%2Fcategories&post=57273"},{"taxonomy":"post_tag","embeddable":true,"href":"https:\/\/cuernavaca.gob.mx\/index.php?rest_route=%2Fwp%2Fv2%2Ftags&post=57273"}],"curies":[{"name":"wp","href":"https:\/\/api.w.org\/{rel}","templated":true}]}}