{"id":57279,"date":"2026-03-13T12:41:18","date_gmt":"2026-03-13T18:41:18","guid":{"rendered":"https:\/\/cuernavaca.gob.mx\/?p=57279"},"modified":"2026-03-13T12:41:18","modified_gmt":"2026-03-13T18:41:18","slug":"b1013-13-03-2026-anuncian-operativo-interinstitucional-por-fin-de-semana-largo-en-morelos","status":"publish","type":"post","link":"https:\/\/cuernavaca.gob.mx\/?p=57279","title":{"rendered":"B1013 13\/03\/2026 ANUNCIAN OPERATIVO INTERINSTITUCIONAL POR FIN DE SEMANA LARGO EN MORELOS"},"content":{"rendered":"<p>\u2022 Del 13 al 16 de marzo se desplegar\u00e1 un operativo coordinado en los 36 municipios de Morelos<\/p>\n<p>\u2022 Se reforzar\u00e1 la vigilancia en zonas comerciales, tur\u00edsticas y principales vialidades para el disfrute seguro de la poblaci\u00f3n y visitantes<\/p>\n<p>Del 13 al 16 de marzo de 2026, integrantes de la Mesa de Coordinaci\u00f3n Estatal para la Construcci\u00f3n de Paz y Seguridad implementar\u00e1n en Morelos el Operativo Interinstitucional &#8220;Fin de semana largo de primavera&#8221;, con presencia en las siete regiones y los 36 municipios del estado, inform\u00f3 el presidente municipal de Cuernavaca, Jos\u00e9 Luis Uri\u00f3stegui Salgado.<\/p>\n<p>El alcalde se\u00f1al\u00f3 que en este dispositivo participar\u00e1n autoridades federales, estatales y municipales para reforzar la vigilancia y proteger a la poblaci\u00f3n, visitantes y turistas, adem\u00e1s de garantizar el desarrollo de la actividad comercial durante estos d\u00edas de mayor movilidad. Como parte de la estrategia, previamente se sostuvo un encuentro con representantes de c\u00e1maras empresariales y organismos del sector productivo para fortalecer la coordinaci\u00f3n.<\/p>\n<p>El despliegue contemplar\u00e1 presencia en zonas comerciales, instituciones bancarias, sitios tur\u00edsticos, centros recreativos y principales v\u00edas de comunicaci\u00f3n, mediante recorridos a pie y patrullajes motorizados, con apoyo de unidades montadas, binomios caninos y vigilancia a\u00e9rea y terrestre, as\u00ed como la participaci\u00f3n del Escuadr\u00f3n de Rescate y Urgencias M\u00e9dicas (ERUM), enlazado mediante radiocomunicaci\u00f3n con el Centro de Control, C\u00f3mputo y Comando (C4) de Cuernavaca y el C5 del estado.<\/p>\n<p>Uri\u00f3stegui Salgado a\u00f1adi\u00f3 que se mantendr\u00e1 coordinaci\u00f3n directa con responsables operativos de cada municipio, al igual que trabajo conjunto con el Ej\u00e9rcito Mexicano, Guardia Nacional, Polic\u00eda Industrial Bancaria y Auxiliar (PIBA) y Protecci\u00f3n Civil, para definir puntos estrat\u00e9gicos, horarios y distribuci\u00f3n del personal.<\/p>\n<p>Finalmente, el edil puso a disposici\u00f3n de la ciudadan\u00eda el n\u00famero de emergencias del C4, 777 312 1274, disponible las 24 horas, junto con la l\u00ednea de Denuncia An\u00f3nima 089 para reportar cualquier delito.<\/p>\n\n\t\t<style type=\"text\/css\">\n\t\t\t#gallery-1 {\n\t\t\t\tmargin: auto;\n\t\t\t}\n\t\t\t#gallery-1 .gallery-item {\n\t\t\t\tfloat: left;\n\t\t\t\tmargin-top: 10px;\n\t\t\t\ttext-align: center;\n\t\t\t\twidth: 33%;\n\t\t\t}\n\t\t\t#gallery-1 img {\n\t\t\t\tborder: 2px solid #cfcfcf;\n\t\t\t}\n\t\t\t#gallery-1 .gallery-caption {\n\t\t\t\tmargin-left: 0;\n\t\t\t}\n\t\t\t\/* see gallery_shortcode() in wp-includes\/media.php *\/\n\t\t<\/style>\n\t\t<div id='gallery-1' class='gallery galleryid-57279 gallery-columns-3 gallery-size-thumbnail'><dl class='gallery-item'>\n\t\t\t<dt class='gallery-icon landscape'>\n\t\t\t\t<a href='https:\/\/cuernavaca.gob.mx\/wp-content\/uploads\/2026\/03\/WhatsApp-Image-2026-03-13-at-10.30.33-AM-3.jpeg'><img width=\"150\" height=\"150\" src=\"https:\/\/cuernavaca.gob.mx\/wp-content\/uploads\/2026\/03\/WhatsApp-Image-2026-03-13-at-10.30.33-AM-3-150x150.jpeg\" class=\"attachment-thumbnail size-thumbnail\" alt=\"\" loading=\"lazy\" \/><\/a>\n\t\t\t<\/dt><\/dl><dl class='gallery-item'>\n\t\t\t<dt class='gallery-icon landscape'>\n\t\t\t\t<a href='https:\/\/cuernavaca.gob.mx\/wp-content\/uploads\/2026\/03\/WhatsApp-Image-2026-03-13-at-10.30.33-AM-4.jpeg'><img width=\"150\" height=\"150\" src=\"https:\/\/cuernavaca.gob.mx\/wp-content\/uploads\/2026\/03\/WhatsApp-Image-2026-03-13-at-10.30.33-AM-4-150x150.jpeg\" class=\"attachment-thumbnail size-thumbnail\" alt=\"\" loading=\"lazy\" \/><\/a>\n\t\t\t<\/dt><\/dl><dl class='gallery-item'>\n\t\t\t<dt class='gallery-icon landscape'>\n\t\t\t\t<a href='https:\/\/cuernavaca.gob.mx\/wp-content\/uploads\/2026\/03\/WhatsApp-Image-2026-03-13-at-10.30.33-AM-5.jpeg'><img width=\"150\" height=\"150\" src=\"https:\/\/cuernavaca.gob.mx\/wp-content\/uploads\/2026\/03\/WhatsApp-Image-2026-03-13-at-10.30.33-AM-5-150x150.jpeg\" class=\"attachment-thumbnail size-thumbnail\" alt=\"\" loading=\"lazy\" \/><\/a>\n\t\t\t<\/dt><\/dl><br style=\"clear: both\" \/><dl class='gallery-item'>\n\t\t\t<dt class='gallery-icon landscape'>\n\t\t\t\t<a href='https:\/\/cuernavaca.gob.mx\/wp-content\/uploads\/2026\/03\/WhatsApp-Image-2026-03-13-at-10.30.33-AM-6.jpeg'><img width=\"150\" height=\"150\" src=\"https:\/\/cuernavaca.gob.mx\/wp-content\/uploads\/2026\/03\/WhatsApp-Image-2026-03-13-at-10.30.33-AM-6-150x150.jpeg\" class=\"attachment-thumbnail size-thumbnail\" alt=\"\" loading=\"lazy\" \/><\/a>\n\t\t\t<\/dt><\/dl><dl class='gallery-item'>\n\t\t\t<dt class='gallery-icon landscape'>\n\t\t\t\t<a href='https:\/\/cuernavaca.gob.mx\/wp-content\/uploads\/2026\/03\/WhatsApp-Image-2026-03-13-at-10.30.33-AM-7.jpeg'><img width=\"150\" height=\"150\" src=\"https:\/\/cuernavaca.gob.mx\/wp-content\/uploads\/2026\/03\/WhatsApp-Image-2026-03-13-at-10.30.33-AM-7-150x150.jpeg\" class=\"attachment-thumbnail size-thumbnail\" alt=\"\" loading=\"lazy\" \/><\/a>\n\t\t\t<\/dt><\/dl>\n\t\t\t<br style='clear: both' \/>\n\t\t<\/div>\n\n","protected":false},"excerpt":{"rendered":"<p>\u2022 Del 13 al 16 de marzo se desplegar\u00e1 un operativo coordinado en los 36 municipios de Morelos \u2022 Se reforzar\u00e1 la vigilancia en zonas comerciales, tur\u00edsticas y principales vialidades para el disfrute seguro de la poblaci\u00f3n y visitantes Del 13 al 16 de marzo de 2026, integrantes de la Mesa de Coordinaci\u00f3n Estatal para [&hellip;]<\/p>\n","protected":false},"author":1,"featured_media":57281,"comment_status":"closed","ping_status":"open","sticky":false,"template":"","format":"standard","meta":[],"categories":[17],"tags":[],"aioseo_notices":[],"_links":{"self":[{"href":"https:\/\/cuernavaca.gob.mx\/index.php?rest_route=\/wp\/v2\/posts\/57279"}],"collection":[{"href":"https:\/\/cuernavaca.gob.mx\/index.php?rest_route=\/wp\/v2\/posts"}],"about":[{"href":"https:\/\/cuernavaca.gob.mx\/index.php?rest_route=\/wp\/v2\/types\/post"}],"author":[{"embeddable":true,"href":"https:\/\/cuernavaca.gob.mx\/index.php?rest_route=\/wp\/v2\/users\/1"}],"replies":[{"embeddable":true,"href":"https:\/\/cuernavaca.gob.mx\/index.php?rest_route=%2Fwp%2Fv2%2Fcomments&post=57279"}],"version-history":[{"count":1,"href":"https:\/\/cuernavaca.gob.mx\/index.php?rest_route=\/wp\/v2\/posts\/57279\/revisions"}],"predecessor-version":[{"id":57285,"href":"https:\/\/cuernavaca.gob.mx\/index.php?rest_route=\/wp\/v2\/posts\/57279\/revisions\/57285"}],"wp:featuredmedia":[{"embeddable":true,"href":"https:\/\/cuernavaca.gob.mx\/index.php?rest_route=\/wp\/v2\/media\/57281"}],"wp:attachment":[{"href":"https:\/\/cuernavaca.gob.mx\/index.php?rest_route=%2Fwp%2Fv2%2Fmedia&parent=57279"}],"wp:term":[{"taxonomy":"category","embeddable":true,"href":"https:\/\/cuernavaca.gob.mx\/index.php?rest_route=%2Fwp%2Fv2%2Fcategories&post=57279"},{"taxonomy":"post_tag","embeddable":true,"href":"https:\/\/cuernavaca.gob.mx\/index.php?rest_route=%2Fwp%2Fv2%2Ftags&post=57279"}],"curies":[{"name":"wp","href":"https:\/\/api.w.org\/{rel}","templated":true}]}}