{"id":57287,"date":"2026-03-13T13:17:01","date_gmt":"2026-03-13T19:17:01","guid":{"rendered":"https:\/\/cuernavaca.gob.mx\/?p=57287"},"modified":"2026-03-13T13:17:01","modified_gmt":"2026-03-13T19:17:01","slug":"f190-13-03-26-seprac-inicia-operativo-transporte-seguro-en-cuernavaca","status":"publish","type":"post","link":"https:\/\/cuernavaca.gob.mx\/?p=57287","title":{"rendered":"F190 13\/03\/26 SEPRAC INICIA OPERATIVO &#8220;TRANSPORTE SEGURO&#8221; EN CUERNAVACA"},"content":{"rendered":"<p>La Secretar\u00eda de Protecci\u00f3n y Auxilio Ciudadano (SEPRAC) puso en marcha el Operativo &#8220;Transporte Seguro&#8221;, en coordinaci\u00f3n con la Secretar\u00eda de Seguridad y Protecci\u00f3n Ciudadana (SSPC), con el objetivo de fortalecer la seguridad de los usuarios del transporte p\u00fablico y prevenir posibles delitos en la capital morelense.<\/p>\n<p>Como parte de estas acciones, se instalaron puntos de revisi\u00f3n estrat\u00e9gicos a la altura del IMSS (Norte\u2013Sur) de la l\u00ednea de autobuses Lasser, en la colonia Ricardo Flores Mag\u00f3n, y sobre la carretera federal Cuernavaca\u2013Taxco, en la colonia Adolfo L\u00f3pez Mateos, donde se realizaron inspecciones preventivas a unidades del transporte p\u00fablico, veh\u00edculos particulares y personas.<\/p>\n<p>Durante el desarrollo del operativo, en la colonia Ricardo Flores Mag\u00f3n se inspeccionaron 9 autobuses y 30 personas, mientras que en la colonia Adolfo L\u00f3pez Mateos se revisaron 5 rutas de transporte, 15 motocicletas, 10 veh\u00edculos y 35 personas. Estas acciones se llevaron a cabo sin novedad, reafirmando el compromiso de SEPRAC y SSPC por garantizar la seguridad de la ciudadan\u00eda y de quienes utilizan el transporte p\u00fablico.<\/p>\n<p>La SEPRAC recuerda que estas acciones forman parte de su estrategia para garantizar la seguridad de los usuarios del transporte p\u00fablico. Adem\u00e1s, pone a disposici\u00f3n de la ciudadan\u00eda el n\u00famero de emergencias del C4 777 312 12 74, para reportar cualquier situaci\u00f3n sospechosa o incidente que ponga en riesgo a los usuarios.<\/p>\n\n\t\t<style type=\"text\/css\">\n\t\t\t#gallery-1 {\n\t\t\t\tmargin: auto;\n\t\t\t}\n\t\t\t#gallery-1 .gallery-item {\n\t\t\t\tfloat: left;\n\t\t\t\tmargin-top: 10px;\n\t\t\t\ttext-align: center;\n\t\t\t\twidth: 33%;\n\t\t\t}\n\t\t\t#gallery-1 img {\n\t\t\t\tborder: 2px solid #cfcfcf;\n\t\t\t}\n\t\t\t#gallery-1 .gallery-caption {\n\t\t\t\tmargin-left: 0;\n\t\t\t}\n\t\t\t\/* see gallery_shortcode() in wp-includes\/media.php *\/\n\t\t<\/style>\n\t\t<div id='gallery-1' class='gallery galleryid-57287 gallery-columns-3 gallery-size-thumbnail'><dl class='gallery-item'>\n\t\t\t<dt class='gallery-icon portrait'>\n\t\t\t\t<a href='https:\/\/cuernavaca.gob.mx\/?attachment_id=57288'><img width=\"150\" height=\"150\" src=\"https:\/\/cuernavaca.gob.mx\/wp-content\/uploads\/2026\/03\/SEPRAC-INICIA-OPERATIVO-22TRANSPORTE-SEGURO22-EN-CUERNAVACA-1-150x150.jpg\" class=\"attachment-thumbnail size-thumbnail\" alt=\"\" loading=\"lazy\" \/><\/a>\n\t\t\t<\/dt><\/dl><dl class='gallery-item'>\n\t\t\t<dt class='gallery-icon portrait'>\n\t\t\t\t<a href='https:\/\/cuernavaca.gob.mx\/?attachment_id=57289'><img width=\"150\" height=\"150\" src=\"https:\/\/cuernavaca.gob.mx\/wp-content\/uploads\/2026\/03\/SEPRAC-INICIA-OPERATIVO-22TRANSPORTE-SEGURO22-EN-CUERNAVACA-2-150x150.jpg\" class=\"attachment-thumbnail size-thumbnail\" alt=\"\" loading=\"lazy\" \/><\/a>\n\t\t\t<\/dt><\/dl><dl class='gallery-item'>\n\t\t\t<dt class='gallery-icon landscape'>\n\t\t\t\t<a href='https:\/\/cuernavaca.gob.mx\/?attachment_id=57290'><img width=\"150\" height=\"150\" src=\"https:\/\/cuernavaca.gob.mx\/wp-content\/uploads\/2026\/03\/SEPRAC-INICIA-OPERATIVO-22TRANSPORTE-SEGURO22-EN-CUERNAVACA-3-150x150.jpg\" class=\"attachment-thumbnail size-thumbnail\" alt=\"\" loading=\"lazy\" \/><\/a>\n\t\t\t<\/dt><\/dl><br style=\"clear: both\" \/><dl class='gallery-item'>\n\t\t\t<dt class='gallery-icon landscape'>\n\t\t\t\t<a href='https:\/\/cuernavaca.gob.mx\/?attachment_id=57291'><img width=\"150\" height=\"150\" src=\"https:\/\/cuernavaca.gob.mx\/wp-content\/uploads\/2026\/03\/SEPRAC-INICIA-OPERATIVO-22TRANSPORTE-SEGURO22-EN-CUERNAVACA-4-150x150.jpg\" class=\"attachment-thumbnail size-thumbnail\" alt=\"\" loading=\"lazy\" \/><\/a>\n\t\t\t<\/dt><\/dl><dl class='gallery-item'>\n\t\t\t<dt class='gallery-icon portrait'>\n\t\t\t\t<a href='https:\/\/cuernavaca.gob.mx\/?attachment_id=57292'><img width=\"150\" height=\"150\" src=\"https:\/\/cuernavaca.gob.mx\/wp-content\/uploads\/2026\/03\/SEPRAC-INICIA-OPERATIVO-22TRANSPORTE-SEGURO22-EN-CUERNAVACA-5-150x150.jpg\" class=\"attachment-thumbnail size-thumbnail\" alt=\"\" loading=\"lazy\" \/><\/a>\n\t\t\t<\/dt><\/dl><dl class='gallery-item'>\n\t\t\t<dt class='gallery-icon landscape'>\n\t\t\t\t<a href='https:\/\/cuernavaca.gob.mx\/?attachment_id=57293'><img width=\"150\" height=\"150\" src=\"https:\/\/cuernavaca.gob.mx\/wp-content\/uploads\/2026\/03\/SEPRAC-INICIA-OPERATIVO-22TRANSPORTE-SEGURO22-EN-CUERNAVACA-6-150x150.jpg\" class=\"attachment-thumbnail size-thumbnail\" alt=\"\" loading=\"lazy\" \/><\/a>\n\t\t\t<\/dt><\/dl><br style=\"clear: both\" \/>\n\t\t<\/div>\n\n","protected":false},"excerpt":{"rendered":"<p>La Secretar\u00eda de Protecci\u00f3n y Auxilio Ciudadano (SEPRAC) puso en marcha el Operativo &#8220;Transporte Seguro&#8221;, en coordinaci\u00f3n con la Secretar\u00eda de Seguridad y Protecci\u00f3n Ciudadana (SSPC), con el objetivo de fortalecer la seguridad de los usuarios del transporte p\u00fablico y prevenir posibles delitos en la capital morelense. Como parte de estas acciones, se instalaron puntos [&hellip;]<\/p>\n","protected":false},"author":1,"featured_media":57290,"comment_status":"closed","ping_status":"open","sticky":false,"template":"","format":"standard","meta":[],"categories":[17],"tags":[],"aioseo_notices":[],"_links":{"self":[{"href":"https:\/\/cuernavaca.gob.mx\/index.php?rest_route=\/wp\/v2\/posts\/57287"}],"collection":[{"href":"https:\/\/cuernavaca.gob.mx\/index.php?rest_route=\/wp\/v2\/posts"}],"about":[{"href":"https:\/\/cuernavaca.gob.mx\/index.php?rest_route=\/wp\/v2\/types\/post"}],"author":[{"embeddable":true,"href":"https:\/\/cuernavaca.gob.mx\/index.php?rest_route=\/wp\/v2\/users\/1"}],"replies":[{"embeddable":true,"href":"https:\/\/cuernavaca.gob.mx\/index.php?rest_route=%2Fwp%2Fv2%2Fcomments&post=57287"}],"version-history":[{"count":1,"href":"https:\/\/cuernavaca.gob.mx\/index.php?rest_route=\/wp\/v2\/posts\/57287\/revisions"}],"predecessor-version":[{"id":57294,"href":"https:\/\/cuernavaca.gob.mx\/index.php?rest_route=\/wp\/v2\/posts\/57287\/revisions\/57294"}],"wp:featuredmedia":[{"embeddable":true,"href":"https:\/\/cuernavaca.gob.mx\/index.php?rest_route=\/wp\/v2\/media\/57290"}],"wp:attachment":[{"href":"https:\/\/cuernavaca.gob.mx\/index.php?rest_route=%2Fwp%2Fv2%2Fmedia&parent=57287"}],"wp:term":[{"taxonomy":"category","embeddable":true,"href":"https:\/\/cuernavaca.gob.mx\/index.php?rest_route=%2Fwp%2Fv2%2Fcategories&post=57287"},{"taxonomy":"post_tag","embeddable":true,"href":"https:\/\/cuernavaca.gob.mx\/index.php?rest_route=%2Fwp%2Fv2%2Ftags&post=57287"}],"curies":[{"name":"wp","href":"https:\/\/api.w.org\/{rel}","templated":true}]}}