{"id":57295,"date":"2026-03-13T15:21:19","date_gmt":"2026-03-13T21:21:19","guid":{"rendered":"https:\/\/cuernavaca.gob.mx\/?p=57295"},"modified":"2026-03-13T15:21:19","modified_gmt":"2026-03-13T21:21:19","slug":"f191-13-03-2026-cuernavaca-se-integra-al-plan-integral-de-seguridad-universitaria","status":"publish","type":"post","link":"https:\/\/cuernavaca.gob.mx\/?p=57295","title":{"rendered":"F191 13\/03\/2026 CUERNAVACA SE INTEGRA AL PLAN INTEGRAL DE SEGURIDAD UNIVERSITARIA"},"content":{"rendered":"<p>Cuernavaca refuerza su compromiso con la protecci\u00f3n de estudiantes y ciudadan\u00eda al sumarse al Plan Integral de Seguridad Universitaria, impulsado por la gobernadora Margarita Gonz\u00e1lez Saravia. El presidente municipal, Jos\u00e9 Luis Uri\u00f3stegui Salgado, destac\u00f3 que esta adhesi\u00f3n permite fortalecer los entornos educativos y p\u00fablicos, ofreciendo espacios m\u00e1s seguros, funcionales y accesibles para toda la comunidad.<\/p>\n<p>Durante la presentaci\u00f3n del proyecto, a cargo del secretario de Gobierno, Edgar Maldonado Ceballos, que reuni\u00f3 a 16 alcaldesas y alcaldes de municipios con alta concentraci\u00f3n estudiantil de nivel superior, Uri\u00f3stegui Salgado subray\u00f3 que la iniciativa estatal complementar\u00e1 las acciones locales sin afectar la autonom\u00eda universitaria, garantizando mayor seguridad y bienestar para todas y todos.<\/p>\n<p>En Cuernavaca, las medidas que ya se aplican y que se alinean con este plan incluyen la modernizaci\u00f3n del alumbrado p\u00fablico en zonas de alta afluencia escolar, como Los Belenes y avenida Universidad; el rescate de espacios p\u00fablicos; el fomento de la cultura como herramienta de convivencia positiva; la coordinaci\u00f3n permanente con autoridades de los tres \u00f3rdenes de gobierno en materia de seguridad; y la pr\u00f3xima construcci\u00f3n de paraderos seguros.<\/p>\n<p>Con esta colaboraci\u00f3n entre municipio y Estado, el Gobierno Municipal refuerza su estrategia de prevenci\u00f3n y seguridad, promoviendo mejores condiciones para la educaci\u00f3n, la movilidad y la vida cotidiana de la comunidad estudiantil y de todos los habitantes de la ciudad.<\/p>\n<p>&nbsp;<\/p>\n\n\t\t<style type=\"text\/css\">\n\t\t\t#gallery-1 {\n\t\t\t\tmargin: auto;\n\t\t\t}\n\t\t\t#gallery-1 .gallery-item {\n\t\t\t\tfloat: left;\n\t\t\t\tmargin-top: 10px;\n\t\t\t\ttext-align: center;\n\t\t\t\twidth: 33%;\n\t\t\t}\n\t\t\t#gallery-1 img {\n\t\t\t\tborder: 2px solid #cfcfcf;\n\t\t\t}\n\t\t\t#gallery-1 .gallery-caption {\n\t\t\t\tmargin-left: 0;\n\t\t\t}\n\t\t\t\/* see gallery_shortcode() in wp-includes\/media.php *\/\n\t\t<\/style>\n\t\t<div id='gallery-1' class='gallery galleryid-57295 gallery-columns-3 gallery-size-thumbnail'><dl class='gallery-item'>\n\t\t\t<dt class='gallery-icon landscape'>\n\t\t\t\t<a href='https:\/\/cuernavaca.gob.mx\/wp-content\/uploads\/2026\/03\/WhatsApp-Image-2026-03-13-at-3.06.11-PM-1.jpeg'><img width=\"150\" height=\"150\" src=\"https:\/\/cuernavaca.gob.mx\/wp-content\/uploads\/2026\/03\/WhatsApp-Image-2026-03-13-at-3.06.11-PM-1-150x150.jpeg\" class=\"attachment-thumbnail size-thumbnail\" alt=\"\" loading=\"lazy\" \/><\/a>\n\t\t\t<\/dt><\/dl><dl class='gallery-item'>\n\t\t\t<dt class='gallery-icon landscape'>\n\t\t\t\t<a href='https:\/\/cuernavaca.gob.mx\/wp-content\/uploads\/2026\/03\/WhatsApp-Image-2026-03-13-at-3.06.11-PM-2.jpeg'><img width=\"150\" height=\"150\" src=\"https:\/\/cuernavaca.gob.mx\/wp-content\/uploads\/2026\/03\/WhatsApp-Image-2026-03-13-at-3.06.11-PM-2-150x150.jpeg\" class=\"attachment-thumbnail size-thumbnail\" alt=\"\" loading=\"lazy\" \/><\/a>\n\t\t\t<\/dt><\/dl><dl class='gallery-item'>\n\t\t\t<dt class='gallery-icon landscape'>\n\t\t\t\t<a href='https:\/\/cuernavaca.gob.mx\/wp-content\/uploads\/2026\/03\/WhatsApp-Image-2026-03-13-at-3.06.11-PM-3.jpeg'><img width=\"150\" height=\"150\" src=\"https:\/\/cuernavaca.gob.mx\/wp-content\/uploads\/2026\/03\/WhatsApp-Image-2026-03-13-at-3.06.11-PM-3-150x150.jpeg\" class=\"attachment-thumbnail size-thumbnail\" alt=\"\" loading=\"lazy\" \/><\/a>\n\t\t\t<\/dt><\/dl><br style=\"clear: both\" \/><dl class='gallery-item'>\n\t\t\t<dt class='gallery-icon landscape'>\n\t\t\t\t<a href='https:\/\/cuernavaca.gob.mx\/wp-content\/uploads\/2026\/03\/WhatsApp-Image-2026-03-13-at-3.06.11-PM.jpeg'><img width=\"150\" height=\"150\" src=\"https:\/\/cuernavaca.gob.mx\/wp-content\/uploads\/2026\/03\/WhatsApp-Image-2026-03-13-at-3.06.11-PM-150x150.jpeg\" class=\"attachment-thumbnail size-thumbnail\" alt=\"\" loading=\"lazy\" \/><\/a>\n\t\t\t<\/dt><\/dl>\n\t\t\t<br style='clear: both' \/>\n\t\t<\/div>\n\n","protected":false},"excerpt":{"rendered":"<p>Cuernavaca refuerza su compromiso con la protecci\u00f3n de estudiantes y ciudadan\u00eda al sumarse al Plan Integral de Seguridad Universitaria, impulsado por la gobernadora Margarita Gonz\u00e1lez Saravia. El presidente municipal, Jos\u00e9 Luis Uri\u00f3stegui Salgado, destac\u00f3 que esta adhesi\u00f3n permite fortalecer los entornos educativos y p\u00fablicos, ofreciendo espacios m\u00e1s seguros, funcionales y accesibles para toda la comunidad. [&hellip;]<\/p>\n","protected":false},"author":1,"featured_media":57297,"comment_status":"closed","ping_status":"open","sticky":false,"template":"","format":"standard","meta":[],"categories":[17],"tags":[],"aioseo_notices":[],"_links":{"self":[{"href":"https:\/\/cuernavaca.gob.mx\/index.php?rest_route=\/wp\/v2\/posts\/57295"}],"collection":[{"href":"https:\/\/cuernavaca.gob.mx\/index.php?rest_route=\/wp\/v2\/posts"}],"about":[{"href":"https:\/\/cuernavaca.gob.mx\/index.php?rest_route=\/wp\/v2\/types\/post"}],"author":[{"embeddable":true,"href":"https:\/\/cuernavaca.gob.mx\/index.php?rest_route=\/wp\/v2\/users\/1"}],"replies":[{"embeddable":true,"href":"https:\/\/cuernavaca.gob.mx\/index.php?rest_route=%2Fwp%2Fv2%2Fcomments&post=57295"}],"version-history":[{"count":1,"href":"https:\/\/cuernavaca.gob.mx\/index.php?rest_route=\/wp\/v2\/posts\/57295\/revisions"}],"predecessor-version":[{"id":57300,"href":"https:\/\/cuernavaca.gob.mx\/index.php?rest_route=\/wp\/v2\/posts\/57295\/revisions\/57300"}],"wp:featuredmedia":[{"embeddable":true,"href":"https:\/\/cuernavaca.gob.mx\/index.php?rest_route=\/wp\/v2\/media\/57297"}],"wp:attachment":[{"href":"https:\/\/cuernavaca.gob.mx\/index.php?rest_route=%2Fwp%2Fv2%2Fmedia&parent=57295"}],"wp:term":[{"taxonomy":"category","embeddable":true,"href":"https:\/\/cuernavaca.gob.mx\/index.php?rest_route=%2Fwp%2Fv2%2Fcategories&post=57295"},{"taxonomy":"post_tag","embeddable":true,"href":"https:\/\/cuernavaca.gob.mx\/index.php?rest_route=%2Fwp%2Fv2%2Ftags&post=57295"}],"curies":[{"name":"wp","href":"https:\/\/api.w.org\/{rel}","templated":true}]}}