{"id":58571,"date":"2026-04-25T14:35:34","date_gmt":"2026-04-25T20:35:34","guid":{"rendered":"https:\/\/cuernavaca.gob.mx\/?p=58571"},"modified":"2026-04-25T17:52:30","modified_gmt":"2026-04-25T23:52:30","slug":"b1132-25-04-26-cuernavaca-apuesta-por-espacios-seguros-y-ordenados-con-la-nueva-glorieta-de-chapultepec","status":"publish","type":"post","link":"https:\/\/cuernavaca.gob.mx\/?p=58571","title":{"rendered":"B1132 25\/04\/26 CUERNAVACA APUESTA POR ESPACIOS SEGUROS Y ORDENADOS CON LA NUEVA GLORIETA DE CHAPULTEPEC"},"content":{"rendered":"<p><strong>* Con una inversi\u00f3n de 5.3 millones de pesos, la obra incluy\u00f3 la ampliaci\u00f3n de \u00e1reas verdes, mobiliario urbano y acciones de infraestructura para mejorar la movilidad y seguridad peatonal<\/strong><\/p>\n<p>Como parte de la estrategia municipal para mejorar la movilidad, recuperar el orden urbano y fortalecer la convivencia social, el presidente municipal de Cuernavaca, Jos\u00e9 Luis Uri\u00f3stegui Salgado, realiz\u00f3 este s\u00e1bado la entrega formal de la glorieta de Chapultepec, antes glorieta de la Luna, a la Secretar\u00eda de Desarrollo Sustentable y Servicios P\u00fablicos para su mantenimiento y operaci\u00f3n.<\/p>\n<p>La obra, realizada con una inversi\u00f3n de cinco millones 345 mil 888.60 pesos del Fondo de Obras de Equipamiento e Infraestructura en Municipios (OEIM), asignado por el Congreso del Estado de Morelos, no solo moderniza la imagen de uno de los puntos m\u00e1s transitados de la ciudad, sino que responde a una visi\u00f3n integral que prioriza la seguridad peatonal, la accesibilidad y el uso ordenado del espacio p\u00fablico.<\/p>\n<p>El secretario de Desarrollo Urbano y Obras P\u00fablicas, Demetrio Chavira De la Torre, explic\u00f3 que la obra incluy\u00f3 la rehabilitaci\u00f3n de banquetas con concreto estampado, guarniciones, balizamiento, adoquinado en pasillos interiores con conexi\u00f3n al puente peatonal, as\u00ed como la instalaci\u00f3n de mobiliario urbano, luminarias, rejillas pluviales que evitar\u00e1n inundaciones y un pergolado met\u00e1lico. Adem\u00e1s, se construyeron ocho locales comerciales con el prop\u00f3sito de reorganizar la actividad econ\u00f3mica en la zona.<\/p>\n<p>En este sentido, el secretario del Ayuntamiento, \u00d3scar Cano Mondrag\u00f3n, destac\u00f3 el trabajo coordinado con comerciantes para avanzar en su regularizaci\u00f3n y permanencia ordenada, garantizando condiciones adecuadas tanto para quienes laboran en el lugar como para la ciudadan\u00eda que transita diariamente por este espacio.<\/p>\n<p>El alcalde Jos\u00e9 Luis Uri\u00f3stegui Salgado subray\u00f3 que la transformaci\u00f3n de este espacio fue posible gracias al respaldo del Poder Legislativo, particularmente del diputado local Daniel Mart\u00ednez Terrazas, y el proyecto incorpora criterios de sustentabilidad mediante acciones como la reforestaci\u00f3n con especies nativas, la ampliaci\u00f3n de \u00e1reas verdes, el retiro de \u00e1rboles en riesgo y la recuperaci\u00f3n del entorno urbano con asesor\u00eda t\u00e9cnica especializada.<\/p>\n<p>Finalmente, instruy\u00f3 a las \u00e1reas correspondientes a construir cuatro pasos peatonales en los alrededores de la glorieta y sobre avenida Plan de Ayala, con el objetivo de mejorar la conectividad, reducir riesgos y consolidar un entorno m\u00e1s seguro y accesible para todas y todos.<\/p>\n<p>En el evento estuvieron presentes el secretario de Desarrollo Sustentable y Servicios P\u00fablicos, Juan Alberto Men\u00e9ndez Serrano; el secretario de Protecci\u00f3n y Auxilio Ciudadano, Pablo Aguilera Casados, as\u00ed como comerciantes de la zona, quienes coincidieron en la importancia de esta obra para fortalecer la seguridad, el orden y la convivencia en la capital morelense.<\/p>\n\n\t\t<style type=\"text\/css\">\n\t\t\t#gallery-1 {\n\t\t\t\tmargin: auto;\n\t\t\t}\n\t\t\t#gallery-1 .gallery-item {\n\t\t\t\tfloat: left;\n\t\t\t\tmargin-top: 10px;\n\t\t\t\ttext-align: center;\n\t\t\t\twidth: 33%;\n\t\t\t}\n\t\t\t#gallery-1 img {\n\t\t\t\tborder: 2px solid #cfcfcf;\n\t\t\t}\n\t\t\t#gallery-1 .gallery-caption {\n\t\t\t\tmargin-left: 0;\n\t\t\t}\n\t\t\t\/* see gallery_shortcode() in wp-includes\/media.php *\/\n\t\t<\/style>\n\t\t<div id='gallery-1' class='gallery galleryid-58571 gallery-columns-3 gallery-size-thumbnail'><dl class='gallery-item'>\n\t\t\t<dt class='gallery-icon landscape'>\n\t\t\t\t<a href='https:\/\/cuernavaca.gob.mx\/?attachment_id=58572'><img width=\"150\" height=\"150\" src=\"https:\/\/cuernavaca.gob.mx\/wp-content\/uploads\/2026\/04\/CUERNAVACA-APUESTA-POR-ESPACIOS-SEGUROS-Y-ORDENADOS-CON-LA-NUEVA-GLORIETA-DE-CHAPULTEPEC-1-150x150.jpg\" class=\"attachment-thumbnail size-thumbnail\" alt=\"\" loading=\"lazy\" \/><\/a>\n\t\t\t<\/dt><\/dl><dl class='gallery-item'>\n\t\t\t<dt class='gallery-icon landscape'>\n\t\t\t\t<a href='https:\/\/cuernavaca.gob.mx\/?attachment_id=58573'><img width=\"150\" height=\"150\" src=\"https:\/\/cuernavaca.gob.mx\/wp-content\/uploads\/2026\/04\/CUERNAVACA-APUESTA-POR-ESPACIOS-SEGUROS-Y-ORDENADOS-CON-LA-NUEVA-GLORIETA-DE-CHAPULTEPEC-2-150x150.jpg\" class=\"attachment-thumbnail size-thumbnail\" alt=\"\" loading=\"lazy\" \/><\/a>\n\t\t\t<\/dt><\/dl><dl class='gallery-item'>\n\t\t\t<dt class='gallery-icon landscape'>\n\t\t\t\t<a href='https:\/\/cuernavaca.gob.mx\/?attachment_id=58574'><img width=\"150\" height=\"150\" src=\"https:\/\/cuernavaca.gob.mx\/wp-content\/uploads\/2026\/04\/CUERNAVACA-APUESTA-POR-ESPACIOS-SEGUROS-Y-ORDENADOS-CON-LA-NUEVA-GLORIETA-DE-CHAPULTEPEC-3-150x150.jpg\" class=\"attachment-thumbnail size-thumbnail\" alt=\"\" loading=\"lazy\" \/><\/a>\n\t\t\t<\/dt><\/dl><br style=\"clear: both\" \/><dl class='gallery-item'>\n\t\t\t<dt class='gallery-icon landscape'>\n\t\t\t\t<a href='https:\/\/cuernavaca.gob.mx\/?attachment_id=58575'><img width=\"150\" height=\"150\" src=\"https:\/\/cuernavaca.gob.mx\/wp-content\/uploads\/2026\/04\/CUERNAVACA-APUESTA-POR-ESPACIOS-SEGUROS-Y-ORDENADOS-CON-LA-NUEVA-GLORIETA-DE-CHAPULTEPEC-4-150x150.jpg\" class=\"attachment-thumbnail size-thumbnail\" alt=\"\" loading=\"lazy\" \/><\/a>\n\t\t\t<\/dt><\/dl><dl class='gallery-item'>\n\t\t\t<dt class='gallery-icon landscape'>\n\t\t\t\t<a href='https:\/\/cuernavaca.gob.mx\/?attachment_id=58576'><img width=\"150\" height=\"150\" src=\"https:\/\/cuernavaca.gob.mx\/wp-content\/uploads\/2026\/04\/CUERNAVACA-APUESTA-POR-ESPACIOS-SEGUROS-Y-ORDENADOS-CON-LA-NUEVA-GLORIETA-DE-CHAPULTEPEC-5-150x150.jpg\" class=\"attachment-thumbnail size-thumbnail\" alt=\"\" loading=\"lazy\" \/><\/a>\n\t\t\t<\/dt><\/dl><dl class='gallery-item'>\n\t\t\t<dt class='gallery-icon landscape'>\n\t\t\t\t<a href='https:\/\/cuernavaca.gob.mx\/?attachment_id=58577'><img width=\"150\" height=\"150\" src=\"https:\/\/cuernavaca.gob.mx\/wp-content\/uploads\/2026\/04\/CUERNAVACA-APUESTA-POR-ESPACIOS-SEGUROS-Y-ORDENADOS-CON-LA-NUEVA-GLORIETA-DE-CHAPULTEPEC-6-150x150.jpg\" class=\"attachment-thumbnail size-thumbnail\" alt=\"\" loading=\"lazy\" \/><\/a>\n\t\t\t<\/dt><\/dl><br style=\"clear: both\" \/><dl class='gallery-item'>\n\t\t\t<dt class='gallery-icon landscape'>\n\t\t\t\t<a href='https:\/\/cuernavaca.gob.mx\/?attachment_id=58578'><img width=\"150\" height=\"150\" src=\"https:\/\/cuernavaca.gob.mx\/wp-content\/uploads\/2026\/04\/CUERNAVACA-APUESTA-POR-ESPACIOS-SEGUROS-Y-ORDENADOS-CON-LA-NUEVA-GLORIETA-DE-CHAPULTEPEC-7-150x150.jpg\" class=\"attachment-thumbnail size-thumbnail\" alt=\"\" loading=\"lazy\" \/><\/a>\n\t\t\t<\/dt><\/dl><dl class='gallery-item'>\n\t\t\t<dt class='gallery-icon landscape'>\n\t\t\t\t<a href='https:\/\/cuernavaca.gob.mx\/?attachment_id=58579'><img width=\"150\" height=\"150\" src=\"https:\/\/cuernavaca.gob.mx\/wp-content\/uploads\/2026\/04\/CUERNAVACA-APUESTA-POR-ESPACIOS-SEGUROS-Y-ORDENADOS-CON-LA-NUEVA-GLORIETA-DE-CHAPULTEPEC-8-150x150.jpg\" class=\"attachment-thumbnail size-thumbnail\" alt=\"\" loading=\"lazy\" \/><\/a>\n\t\t\t<\/dt><\/dl><dl class='gallery-item'>\n\t\t\t<dt class='gallery-icon landscape'>\n\t\t\t\t<a href='https:\/\/cuernavaca.gob.mx\/?attachment_id=58580'><img width=\"150\" height=\"150\" src=\"https:\/\/cuernavaca.gob.mx\/wp-content\/uploads\/2026\/04\/CUERNAVACA-APUESTA-POR-ESPACIOS-SEGUROS-Y-ORDENADOS-CON-LA-NUEVA-GLORIETA-DE-CHAPULTEPEC-9-150x150.jpg\" class=\"attachment-thumbnail size-thumbnail\" alt=\"\" loading=\"lazy\" \/><\/a>\n\t\t\t<\/dt><\/dl><br style=\"clear: both\" \/><dl class='gallery-item'>\n\t\t\t<dt class='gallery-icon landscape'>\n\t\t\t\t<a href='https:\/\/cuernavaca.gob.mx\/?attachment_id=58581'><img width=\"150\" height=\"150\" src=\"https:\/\/cuernavaca.gob.mx\/wp-content\/uploads\/2026\/04\/CUERNAVACA-APUESTA-POR-ESPACIOS-SEGUROS-Y-ORDENADOS-CON-LA-NUEVA-GLORIETA-DE-CHAPULTEPEC-10-150x150.jpg\" class=\"attachment-thumbnail size-thumbnail\" alt=\"\" loading=\"lazy\" \/><\/a>\n\t\t\t<\/dt><\/dl>\n\t\t\t<br style='clear: both' \/>\n\t\t<\/div>\n\n","protected":false},"excerpt":{"rendered":"<p>* Con una inversi\u00f3n de 5.3 millones de pesos, la obra incluy\u00f3 la ampliaci\u00f3n de \u00e1reas verdes, mobiliario urbano y acciones de infraestructura para mejorar la movilidad y seguridad peatonal Como parte de la estrategia municipal para mejorar la movilidad, recuperar el orden urbano y fortalecer la convivencia social, el presidente municipal de Cuernavaca, Jos\u00e9 [&hellip;]<\/p>\n","protected":false},"author":1,"featured_media":58578,"comment_status":"closed","ping_status":"open","sticky":false,"template":"","format":"standard","meta":[],"categories":[18],"tags":[],"aioseo_notices":[],"_links":{"self":[{"href":"https:\/\/cuernavaca.gob.mx\/index.php?rest_route=\/wp\/v2\/posts\/58571"}],"collection":[{"href":"https:\/\/cuernavaca.gob.mx\/index.php?rest_route=\/wp\/v2\/posts"}],"about":[{"href":"https:\/\/cuernavaca.gob.mx\/index.php?rest_route=\/wp\/v2\/types\/post"}],"author":[{"embeddable":true,"href":"https:\/\/cuernavaca.gob.mx\/index.php?rest_route=\/wp\/v2\/users\/1"}],"replies":[{"embeddable":true,"href":"https:\/\/cuernavaca.gob.mx\/index.php?rest_route=%2Fwp%2Fv2%2Fcomments&post=58571"}],"version-history":[{"count":1,"href":"https:\/\/cuernavaca.gob.mx\/index.php?rest_route=\/wp\/v2\/posts\/58571\/revisions"}],"predecessor-version":[{"id":58582,"href":"https:\/\/cuernavaca.gob.mx\/index.php?rest_route=\/wp\/v2\/posts\/58571\/revisions\/58582"}],"wp:featuredmedia":[{"embeddable":true,"href":"https:\/\/cuernavaca.gob.mx\/index.php?rest_route=\/wp\/v2\/media\/58578"}],"wp:attachment":[{"href":"https:\/\/cuernavaca.gob.mx\/index.php?rest_route=%2Fwp%2Fv2%2Fmedia&parent=58571"}],"wp:term":[{"taxonomy":"category","embeddable":true,"href":"https:\/\/cuernavaca.gob.mx\/index.php?rest_route=%2Fwp%2Fv2%2Fcategories&post=58571"},{"taxonomy":"post_tag","embeddable":true,"href":"https:\/\/cuernavaca.gob.mx\/index.php?rest_route=%2Fwp%2Fv2%2Ftags&post=58571"}],"curies":[{"name":"wp","href":"https:\/\/api.w.org\/{rel}","templated":true}]}}