{"id":58583,"date":"2026-04-25T13:00:41","date_gmt":"2026-04-25T19:00:41","guid":{"rendered":"https:\/\/cuernavaca.gob.mx\/?p=58583"},"modified":"2026-04-25T18:18:45","modified_gmt":"2026-04-26T00:18:45","slug":"b1131-25-04-26-cuernavaca-impulsa-la-convivencia-familiar-con-festival-que-pone-a-la-ninez-en-el-centro-de-la-vida-publica","status":"publish","type":"post","link":"https:\/\/cuernavaca.gob.mx\/?p=58583","title":{"rendered":"B1131 25\/04\/26 CUERNAVACA IMPULSA LA CONVIVENCIA FAMILIAR CON FESTIVAL QUE PONE A LA NI\u00d1EZ EN EL CENTRO DE LA VIDA P\u00daBLICA"},"content":{"rendered":"<p><strong>* El Festival de la Ni\u00f1ez 2026 reuni\u00f3 a decenas de familias en una jornada que fortaleci\u00f3 valores, cercan\u00eda ciudadana y el uso positivo de los espacios p\u00fablicos<\/strong><\/p>\n<p>La explanada del Palacio de Cort\u00e9s se convirti\u00f3 este s\u00e1bado en un punto de encuentro para las familias durante el Festival de la Ni\u00f1ez 2026, organizado por el Sistema Municipal DIF Cuernavaca, encabezado por su presidenta, Luz Mar\u00eda Zagal Guzm\u00e1n, en una jornada que puso en el centro a las ni\u00f1as y los ni\u00f1os, as\u00ed como a sus familias.<\/p>\n<p>En el marco del D\u00eda de la Ni\u00f1a y el Ni\u00f1o, las y los asistentes participaron en actividades recreativas, juegos, rifas y din\u00e1micas dise\u00f1adas para fomentar la convivencia, el esparcimiento y el desarrollo en entornos seguros. La nutrida participaci\u00f3n reflej\u00f3 el inter\u00e9s de la ciudadan\u00eda por apropiarse de los espacios p\u00fablicos como lugares de encuentro y bienestar.<\/p>\n<p>El alcalde Jos\u00e9 Luis Uri\u00f3stegui Salgado acompa\u00f1\u00f3 esta celebraci\u00f3n, resaltando que este tipo de iniciativas fortalecen los valores que se construyen desde el n\u00facleo familiar. &#8220;Al reunir a las familias, fortalecemos el tejido social y generamos condiciones para que nuestras ni\u00f1as y ni\u00f1os crezcan en entornos sanos y con mayores oportunidades&#8221;, expres\u00f3.<\/p>\n<p>En este sentido, la s\u00edndica municipal, Paula Trade Hidalgo, subray\u00f3 la importancia de generar momentos de convivencia que contribuyan al desarrollo integral de la ni\u00f1ez, reiterando el compromiso del Ayuntamiento de Cuernavaca de impulsar acciones que favorezcan el bienestar social.<\/p>\n<p>Durante el evento, diversas dependencias municipales participaron con actividades l\u00fadicas y de proximidad, acercando sus funciones a la ciudadan\u00eda y permitiendo que ni\u00f1as y ni\u00f1os conocieran de manera directa el trabajo que se realiza en beneficio de la ciudad. Adem\u00e1s, se cont\u00f3 con la participaci\u00f3n del Papalote Museo del Ni\u00f1o Cuernavaca, del Instituto de Biotecnolog\u00eda de la UNAM y de la Escuela de Belleza Oswely, Despertar con Ciencia, Colectivo de la Sociedad de Cientificos y Batala Tepoztl\u00e1n.<\/p>\n<p>El Festival de la Ni\u00f1ez 2026 reafirm\u00f3 el compromiso del DIF Cuernavaca de generar espacios de encuentro que favorezcan la convivencia, la inclusi\u00f3n y el bienestar de la infancia, consolidando una agenda p\u00fablica que prioriza su desarrollo integral.<\/p>\n<p>El Gobierno Municipal inform\u00f3 que las celebraciones del D\u00eda de la Ni\u00f1a y el Ni\u00f1o continuar\u00e1n este domingo con el concierto gratuito &#8220;La m\u00fasica que abraza a las ni\u00f1as y los ni\u00f1os&#8221;, a cargo de la Academia de M\u00fasica Benning, a las 17:30 horas en la explanada del Palacio de Cort\u00e9s, como parte del programa &#8220;Tardes de Cultura en Cuernavaca&#8221;.<\/p>\n<p><img loading=\"lazy\" class=\"alignnone size-medium wp-image-58584\" src=\"https:\/\/cuernavaca.gob.mx\/wp-content\/uploads\/2026\/04\/CUERNAVACA-IMPULSA-LA-CONVIVENCIA-FAMILIAR-CON-FESTIVAL-QUE-PONE-A-LA-NIN\u0303EZ-EN-EL-CENTRO-DE-LA-VIDA-PU\u0301BLICA-1-300x200.jpg\" alt=\"\" width=\"300\" height=\"200\" srcset=\"https:\/\/cuernavaca.gob.mx\/wp-content\/uploads\/2026\/04\/CUERNAVACA-IMPULSA-LA-CONVIVENCIA-FAMILIAR-CON-FESTIVAL-QUE-PONE-A-LA-NIN\u0303EZ-EN-EL-CENTRO-DE-LA-VIDA-PU\u0301BLICA-1-300x200.jpg 300w, https:\/\/cuernavaca.gob.mx\/wp-content\/uploads\/2026\/04\/CUERNAVACA-IMPULSA-LA-CONVIVENCIA-FAMILIAR-CON-FESTIVAL-QUE-PONE-A-LA-NIN\u0303EZ-EN-EL-CENTRO-DE-LA-VIDA-PU\u0301BLICA-1-1024x683.jpg 1024w, https:\/\/cuernavaca.gob.mx\/wp-content\/uploads\/2026\/04\/CUERNAVACA-IMPULSA-LA-CONVIVENCIA-FAMILIAR-CON-FESTIVAL-QUE-PONE-A-LA-NIN\u0303EZ-EN-EL-CENTRO-DE-LA-VIDA-PU\u0301BLICA-1-768x512.jpg 768w, https:\/\/cuernavaca.gob.mx\/wp-content\/uploads\/2026\/04\/CUERNAVACA-IMPULSA-LA-CONVIVENCIA-FAMILIAR-CON-FESTIVAL-QUE-PONE-A-LA-NIN\u0303EZ-EN-EL-CENTRO-DE-LA-VIDA-PU\u0301BLICA-1-600x400.jpg 600w, https:\/\/cuernavaca.gob.mx\/wp-content\/uploads\/2026\/04\/CUERNAVACA-IMPULSA-LA-CONVIVENCIA-FAMILIAR-CON-FESTIVAL-QUE-PONE-A-LA-NIN\u0303EZ-EN-EL-CENTRO-DE-LA-VIDA-PU\u0301BLICA-1-560x374.jpg 560w, https:\/\/cuernavaca.gob.mx\/wp-content\/uploads\/2026\/04\/CUERNAVACA-IMPULSA-LA-CONVIVENCIA-FAMILIAR-CON-FESTIVAL-QUE-PONE-A-LA-NIN\u0303EZ-EN-EL-CENTRO-DE-LA-VIDA-PU\u0301BLICA-1.jpg 1280w\" sizes=\"(max-width: 300px) 100vw, 300px\" \/> <img loading=\"lazy\" class=\"alignnone size-medium wp-image-58585\" src=\"https:\/\/cuernavaca.gob.mx\/wp-content\/uploads\/2026\/04\/CUERNAVACA-IMPULSA-LA-CONVIVENCIA-FAMILIAR-CON-FESTIVAL-QUE-PONE-A-LA-NIN\u0303EZ-EN-EL-CENTRO-DE-LA-VIDA-PU\u0301BLICA-2-300x200.jpg\" alt=\"\" width=\"300\" height=\"200\" srcset=\"https:\/\/cuernavaca.gob.mx\/wp-content\/uploads\/2026\/04\/CUERNAVACA-IMPULSA-LA-CONVIVENCIA-FAMILIAR-CON-FESTIVAL-QUE-PONE-A-LA-NIN\u0303EZ-EN-EL-CENTRO-DE-LA-VIDA-PU\u0301BLICA-2-300x200.jpg 300w, https:\/\/cuernavaca.gob.mx\/wp-content\/uploads\/2026\/04\/CUERNAVACA-IMPULSA-LA-CONVIVENCIA-FAMILIAR-CON-FESTIVAL-QUE-PONE-A-LA-NIN\u0303EZ-EN-EL-CENTRO-DE-LA-VIDA-PU\u0301BLICA-2-1024x683.jpg 1024w, https:\/\/cuernavaca.gob.mx\/wp-content\/uploads\/2026\/04\/CUERNAVACA-IMPULSA-LA-CONVIVENCIA-FAMILIAR-CON-FESTIVAL-QUE-PONE-A-LA-NIN\u0303EZ-EN-EL-CENTRO-DE-LA-VIDA-PU\u0301BLICA-2-768x512.jpg 768w, https:\/\/cuernavaca.gob.mx\/wp-content\/uploads\/2026\/04\/CUERNAVACA-IMPULSA-LA-CONVIVENCIA-FAMILIAR-CON-FESTIVAL-QUE-PONE-A-LA-NIN\u0303EZ-EN-EL-CENTRO-DE-LA-VIDA-PU\u0301BLICA-2-600x400.jpg 600w, https:\/\/cuernavaca.gob.mx\/wp-content\/uploads\/2026\/04\/CUERNAVACA-IMPULSA-LA-CONVIVENCIA-FAMILIAR-CON-FESTIVAL-QUE-PONE-A-LA-NIN\u0303EZ-EN-EL-CENTRO-DE-LA-VIDA-PU\u0301BLICA-2-560x374.jpg 560w, https:\/\/cuernavaca.gob.mx\/wp-content\/uploads\/2026\/04\/CUERNAVACA-IMPULSA-LA-CONVIVENCIA-FAMILIAR-CON-FESTIVAL-QUE-PONE-A-LA-NIN\u0303EZ-EN-EL-CENTRO-DE-LA-VIDA-PU\u0301BLICA-2.jpg 1280w\" sizes=\"(max-width: 300px) 100vw, 300px\" \/> <img loading=\"lazy\" class=\"alignnone size-medium wp-image-58586\" src=\"https:\/\/cuernavaca.gob.mx\/wp-content\/uploads\/2026\/04\/CUERNAVACA-IMPULSA-LA-CONVIVENCIA-FAMILIAR-CON-FESTIVAL-QUE-PONE-A-LA-NIN\u0303EZ-EN-EL-CENTRO-DE-LA-VIDA-PU\u0301BLICA-3-300x200.jpg\" alt=\"\" width=\"300\" height=\"200\" srcset=\"https:\/\/cuernavaca.gob.mx\/wp-content\/uploads\/2026\/04\/CUERNAVACA-IMPULSA-LA-CONVIVENCIA-FAMILIAR-CON-FESTIVAL-QUE-PONE-A-LA-NIN\u0303EZ-EN-EL-CENTRO-DE-LA-VIDA-PU\u0301BLICA-3-300x200.jpg 300w, https:\/\/cuernavaca.gob.mx\/wp-content\/uploads\/2026\/04\/CUERNAVACA-IMPULSA-LA-CONVIVENCIA-FAMILIAR-CON-FESTIVAL-QUE-PONE-A-LA-NIN\u0303EZ-EN-EL-CENTRO-DE-LA-VIDA-PU\u0301BLICA-3-1024x683.jpg 1024w, https:\/\/cuernavaca.gob.mx\/wp-content\/uploads\/2026\/04\/CUERNAVACA-IMPULSA-LA-CONVIVENCIA-FAMILIAR-CON-FESTIVAL-QUE-PONE-A-LA-NIN\u0303EZ-EN-EL-CENTRO-DE-LA-VIDA-PU\u0301BLICA-3-768x512.jpg 768w, https:\/\/cuernavaca.gob.mx\/wp-content\/uploads\/2026\/04\/CUERNAVACA-IMPULSA-LA-CONVIVENCIA-FAMILIAR-CON-FESTIVAL-QUE-PONE-A-LA-NIN\u0303EZ-EN-EL-CENTRO-DE-LA-VIDA-PU\u0301BLICA-3-600x400.jpg 600w, https:\/\/cuernavaca.gob.mx\/wp-content\/uploads\/2026\/04\/CUERNAVACA-IMPULSA-LA-CONVIVENCIA-FAMILIAR-CON-FESTIVAL-QUE-PONE-A-LA-NIN\u0303EZ-EN-EL-CENTRO-DE-LA-VIDA-PU\u0301BLICA-3-560x374.jpg 560w, https:\/\/cuernavaca.gob.mx\/wp-content\/uploads\/2026\/04\/CUERNAVACA-IMPULSA-LA-CONVIVENCIA-FAMILIAR-CON-FESTIVAL-QUE-PONE-A-LA-NIN\u0303EZ-EN-EL-CENTRO-DE-LA-VIDA-PU\u0301BLICA-3.jpg 1280w\" sizes=\"(max-width: 300px) 100vw, 300px\" \/> <img loading=\"lazy\" class=\"alignnone size-medium wp-image-58587\" src=\"https:\/\/cuernavaca.gob.mx\/wp-content\/uploads\/2026\/04\/CUERNAVACA-IMPULSA-LA-CONVIVENCIA-FAMILIAR-CON-FESTIVAL-QUE-PONE-A-LA-NIN\u0303EZ-EN-EL-CENTRO-DE-LA-VIDA-PU\u0301BLICA-4-300x200.jpg\" alt=\"\" width=\"300\" height=\"200\" srcset=\"https:\/\/cuernavaca.gob.mx\/wp-content\/uploads\/2026\/04\/CUERNAVACA-IMPULSA-LA-CONVIVENCIA-FAMILIAR-CON-FESTIVAL-QUE-PONE-A-LA-NIN\u0303EZ-EN-EL-CENTRO-DE-LA-VIDA-PU\u0301BLICA-4-300x200.jpg 300w, https:\/\/cuernavaca.gob.mx\/wp-content\/uploads\/2026\/04\/CUERNAVACA-IMPULSA-LA-CONVIVENCIA-FAMILIAR-CON-FESTIVAL-QUE-PONE-A-LA-NIN\u0303EZ-EN-EL-CENTRO-DE-LA-VIDA-PU\u0301BLICA-4-1024x683.jpg 1024w, https:\/\/cuernavaca.gob.mx\/wp-content\/uploads\/2026\/04\/CUERNAVACA-IMPULSA-LA-CONVIVENCIA-FAMILIAR-CON-FESTIVAL-QUE-PONE-A-LA-NIN\u0303EZ-EN-EL-CENTRO-DE-LA-VIDA-PU\u0301BLICA-4-768x512.jpg 768w, https:\/\/cuernavaca.gob.mx\/wp-content\/uploads\/2026\/04\/CUERNAVACA-IMPULSA-LA-CONVIVENCIA-FAMILIAR-CON-FESTIVAL-QUE-PONE-A-LA-NIN\u0303EZ-EN-EL-CENTRO-DE-LA-VIDA-PU\u0301BLICA-4-600x400.jpg 600w, https:\/\/cuernavaca.gob.mx\/wp-content\/uploads\/2026\/04\/CUERNAVACA-IMPULSA-LA-CONVIVENCIA-FAMILIAR-CON-FESTIVAL-QUE-PONE-A-LA-NIN\u0303EZ-EN-EL-CENTRO-DE-LA-VIDA-PU\u0301BLICA-4-560x374.jpg 560w, https:\/\/cuernavaca.gob.mx\/wp-content\/uploads\/2026\/04\/CUERNAVACA-IMPULSA-LA-CONVIVENCIA-FAMILIAR-CON-FESTIVAL-QUE-PONE-A-LA-NIN\u0303EZ-EN-EL-CENTRO-DE-LA-VIDA-PU\u0301BLICA-4.jpg 1280w\" sizes=\"(max-width: 300px) 100vw, 300px\" \/> <img loading=\"lazy\" class=\"alignnone size-medium wp-image-58588\" src=\"https:\/\/cuernavaca.gob.mx\/wp-content\/uploads\/2026\/04\/CUERNAVACA-IMPULSA-LA-CONVIVENCIA-FAMILIAR-CON-FESTIVAL-QUE-PONE-A-LA-NIN\u0303EZ-EN-EL-CENTRO-DE-LA-VIDA-PU\u0301BLICA-5-300x200.jpg\" alt=\"\" width=\"300\" height=\"200\" srcset=\"https:\/\/cuernavaca.gob.mx\/wp-content\/uploads\/2026\/04\/CUERNAVACA-IMPULSA-LA-CONVIVENCIA-FAMILIAR-CON-FESTIVAL-QUE-PONE-A-LA-NIN\u0303EZ-EN-EL-CENTRO-DE-LA-VIDA-PU\u0301BLICA-5-300x200.jpg 300w, https:\/\/cuernavaca.gob.mx\/wp-content\/uploads\/2026\/04\/CUERNAVACA-IMPULSA-LA-CONVIVENCIA-FAMILIAR-CON-FESTIVAL-QUE-PONE-A-LA-NIN\u0303EZ-EN-EL-CENTRO-DE-LA-VIDA-PU\u0301BLICA-5-1024x683.jpg 1024w, https:\/\/cuernavaca.gob.mx\/wp-content\/uploads\/2026\/04\/CUERNAVACA-IMPULSA-LA-CONVIVENCIA-FAMILIAR-CON-FESTIVAL-QUE-PONE-A-LA-NIN\u0303EZ-EN-EL-CENTRO-DE-LA-VIDA-PU\u0301BLICA-5-768x512.jpg 768w, https:\/\/cuernavaca.gob.mx\/wp-content\/uploads\/2026\/04\/CUERNAVACA-IMPULSA-LA-CONVIVENCIA-FAMILIAR-CON-FESTIVAL-QUE-PONE-A-LA-NIN\u0303EZ-EN-EL-CENTRO-DE-LA-VIDA-PU\u0301BLICA-5-600x400.jpg 600w, https:\/\/cuernavaca.gob.mx\/wp-content\/uploads\/2026\/04\/CUERNAVACA-IMPULSA-LA-CONVIVENCIA-FAMILIAR-CON-FESTIVAL-QUE-PONE-A-LA-NIN\u0303EZ-EN-EL-CENTRO-DE-LA-VIDA-PU\u0301BLICA-5-560x374.jpg 560w, https:\/\/cuernavaca.gob.mx\/wp-content\/uploads\/2026\/04\/CUERNAVACA-IMPULSA-LA-CONVIVENCIA-FAMILIAR-CON-FESTIVAL-QUE-PONE-A-LA-NIN\u0303EZ-EN-EL-CENTRO-DE-LA-VIDA-PU\u0301BLICA-5.jpg 1280w\" sizes=\"(max-width: 300px) 100vw, 300px\" \/> <img loading=\"lazy\" class=\"alignnone size-medium wp-image-58589\" src=\"https:\/\/cuernavaca.gob.mx\/wp-content\/uploads\/2026\/04\/CUERNAVACA-IMPULSA-LA-CONVIVENCIA-FAMILIAR-CON-FESTIVAL-QUE-PONE-A-LA-NIN\u0303EZ-EN-EL-CENTRO-DE-LA-VIDA-PU\u0301BLICA-6-300x200.jpg\" alt=\"\" width=\"300\" height=\"200\" srcset=\"https:\/\/cuernavaca.gob.mx\/wp-content\/uploads\/2026\/04\/CUERNAVACA-IMPULSA-LA-CONVIVENCIA-FAMILIAR-CON-FESTIVAL-QUE-PONE-A-LA-NIN\u0303EZ-EN-EL-CENTRO-DE-LA-VIDA-PU\u0301BLICA-6-300x200.jpg 300w, https:\/\/cuernavaca.gob.mx\/wp-content\/uploads\/2026\/04\/CUERNAVACA-IMPULSA-LA-CONVIVENCIA-FAMILIAR-CON-FESTIVAL-QUE-PONE-A-LA-NIN\u0303EZ-EN-EL-CENTRO-DE-LA-VIDA-PU\u0301BLICA-6-1024x683.jpg 1024w, https:\/\/cuernavaca.gob.mx\/wp-content\/uploads\/2026\/04\/CUERNAVACA-IMPULSA-LA-CONVIVENCIA-FAMILIAR-CON-FESTIVAL-QUE-PONE-A-LA-NIN\u0303EZ-EN-EL-CENTRO-DE-LA-VIDA-PU\u0301BLICA-6-768x512.jpg 768w, https:\/\/cuernavaca.gob.mx\/wp-content\/uploads\/2026\/04\/CUERNAVACA-IMPULSA-LA-CONVIVENCIA-FAMILIAR-CON-FESTIVAL-QUE-PONE-A-LA-NIN\u0303EZ-EN-EL-CENTRO-DE-LA-VIDA-PU\u0301BLICA-6-600x400.jpg 600w, https:\/\/cuernavaca.gob.mx\/wp-content\/uploads\/2026\/04\/CUERNAVACA-IMPULSA-LA-CONVIVENCIA-FAMILIAR-CON-FESTIVAL-QUE-PONE-A-LA-NIN\u0303EZ-EN-EL-CENTRO-DE-LA-VIDA-PU\u0301BLICA-6-560x374.jpg 560w, https:\/\/cuernavaca.gob.mx\/wp-content\/uploads\/2026\/04\/CUERNAVACA-IMPULSA-LA-CONVIVENCIA-FAMILIAR-CON-FESTIVAL-QUE-PONE-A-LA-NIN\u0303EZ-EN-EL-CENTRO-DE-LA-VIDA-PU\u0301BLICA-6.jpg 1280w\" sizes=\"(max-width: 300px) 100vw, 300px\" \/> <img loading=\"lazy\" class=\"alignnone size-medium wp-image-58590\" src=\"https:\/\/cuernavaca.gob.mx\/wp-content\/uploads\/2026\/04\/CUERNAVACA-IMPULSA-LA-CONVIVENCIA-FAMILIAR-CON-FESTIVAL-QUE-PONE-A-LA-NIN\u0303EZ-EN-EL-CENTRO-DE-LA-VIDA-PU\u0301BLICA-7-300x200.jpg\" alt=\"\" width=\"300\" height=\"200\" srcset=\"https:\/\/cuernavaca.gob.mx\/wp-content\/uploads\/2026\/04\/CUERNAVACA-IMPULSA-LA-CONVIVENCIA-FAMILIAR-CON-FESTIVAL-QUE-PONE-A-LA-NIN\u0303EZ-EN-EL-CENTRO-DE-LA-VIDA-PU\u0301BLICA-7-300x200.jpg 300w, https:\/\/cuernavaca.gob.mx\/wp-content\/uploads\/2026\/04\/CUERNAVACA-IMPULSA-LA-CONVIVENCIA-FAMILIAR-CON-FESTIVAL-QUE-PONE-A-LA-NIN\u0303EZ-EN-EL-CENTRO-DE-LA-VIDA-PU\u0301BLICA-7-1024x683.jpg 1024w, https:\/\/cuernavaca.gob.mx\/wp-content\/uploads\/2026\/04\/CUERNAVACA-IMPULSA-LA-CONVIVENCIA-FAMILIAR-CON-FESTIVAL-QUE-PONE-A-LA-NIN\u0303EZ-EN-EL-CENTRO-DE-LA-VIDA-PU\u0301BLICA-7-768x512.jpg 768w, https:\/\/cuernavaca.gob.mx\/wp-content\/uploads\/2026\/04\/CUERNAVACA-IMPULSA-LA-CONVIVENCIA-FAMILIAR-CON-FESTIVAL-QUE-PONE-A-LA-NIN\u0303EZ-EN-EL-CENTRO-DE-LA-VIDA-PU\u0301BLICA-7-600x400.jpg 600w, https:\/\/cuernavaca.gob.mx\/wp-content\/uploads\/2026\/04\/CUERNAVACA-IMPULSA-LA-CONVIVENCIA-FAMILIAR-CON-FESTIVAL-QUE-PONE-A-LA-NIN\u0303EZ-EN-EL-CENTRO-DE-LA-VIDA-PU\u0301BLICA-7-560x374.jpg 560w, https:\/\/cuernavaca.gob.mx\/wp-content\/uploads\/2026\/04\/CUERNAVACA-IMPULSA-LA-CONVIVENCIA-FAMILIAR-CON-FESTIVAL-QUE-PONE-A-LA-NIN\u0303EZ-EN-EL-CENTRO-DE-LA-VIDA-PU\u0301BLICA-7.jpg 1280w\" sizes=\"(max-width: 300px) 100vw, 300px\" \/> <img loading=\"lazy\" class=\"alignnone size-medium wp-image-58591\" src=\"https:\/\/cuernavaca.gob.mx\/wp-content\/uploads\/2026\/04\/CUERNAVACA-IMPULSA-LA-CONVIVENCIA-FAMILIAR-CON-FESTIVAL-QUE-PONE-A-LA-NIN\u0303EZ-EN-EL-CENTRO-DE-LA-VIDA-PU\u0301BLICA-8-300x200.jpg\" alt=\"\" width=\"300\" height=\"200\" srcset=\"https:\/\/cuernavaca.gob.mx\/wp-content\/uploads\/2026\/04\/CUERNAVACA-IMPULSA-LA-CONVIVENCIA-FAMILIAR-CON-FESTIVAL-QUE-PONE-A-LA-NIN\u0303EZ-EN-EL-CENTRO-DE-LA-VIDA-PU\u0301BLICA-8-300x200.jpg 300w, https:\/\/cuernavaca.gob.mx\/wp-content\/uploads\/2026\/04\/CUERNAVACA-IMPULSA-LA-CONVIVENCIA-FAMILIAR-CON-FESTIVAL-QUE-PONE-A-LA-NIN\u0303EZ-EN-EL-CENTRO-DE-LA-VIDA-PU\u0301BLICA-8-1024x683.jpg 1024w, https:\/\/cuernavaca.gob.mx\/wp-content\/uploads\/2026\/04\/CUERNAVACA-IMPULSA-LA-CONVIVENCIA-FAMILIAR-CON-FESTIVAL-QUE-PONE-A-LA-NIN\u0303EZ-EN-EL-CENTRO-DE-LA-VIDA-PU\u0301BLICA-8-768x512.jpg 768w, https:\/\/cuernavaca.gob.mx\/wp-content\/uploads\/2026\/04\/CUERNAVACA-IMPULSA-LA-CONVIVENCIA-FAMILIAR-CON-FESTIVAL-QUE-PONE-A-LA-NIN\u0303EZ-EN-EL-CENTRO-DE-LA-VIDA-PU\u0301BLICA-8-600x400.jpg 600w, https:\/\/cuernavaca.gob.mx\/wp-content\/uploads\/2026\/04\/CUERNAVACA-IMPULSA-LA-CONVIVENCIA-FAMILIAR-CON-FESTIVAL-QUE-PONE-A-LA-NIN\u0303EZ-EN-EL-CENTRO-DE-LA-VIDA-PU\u0301BLICA-8-560x374.jpg 560w, https:\/\/cuernavaca.gob.mx\/wp-content\/uploads\/2026\/04\/CUERNAVACA-IMPULSA-LA-CONVIVENCIA-FAMILIAR-CON-FESTIVAL-QUE-PONE-A-LA-NIN\u0303EZ-EN-EL-CENTRO-DE-LA-VIDA-PU\u0301BLICA-8.jpg 1280w\" sizes=\"(max-width: 300px) 100vw, 300px\" \/> <img loading=\"lazy\" class=\"alignnone size-medium wp-image-58592\" src=\"https:\/\/cuernavaca.gob.mx\/wp-content\/uploads\/2026\/04\/CUERNAVACA-IMPULSA-LA-CONVIVENCIA-FAMILIAR-CON-FESTIVAL-QUE-PONE-A-LA-NIN\u0303EZ-EN-EL-CENTRO-DE-LA-VIDA-PU\u0301BLICA-9-300x200.jpg\" alt=\"\" width=\"300\" height=\"200\" srcset=\"https:\/\/cuernavaca.gob.mx\/wp-content\/uploads\/2026\/04\/CUERNAVACA-IMPULSA-LA-CONVIVENCIA-FAMILIAR-CON-FESTIVAL-QUE-PONE-A-LA-NIN\u0303EZ-EN-EL-CENTRO-DE-LA-VIDA-PU\u0301BLICA-9-300x200.jpg 300w, https:\/\/cuernavaca.gob.mx\/wp-content\/uploads\/2026\/04\/CUERNAVACA-IMPULSA-LA-CONVIVENCIA-FAMILIAR-CON-FESTIVAL-QUE-PONE-A-LA-NIN\u0303EZ-EN-EL-CENTRO-DE-LA-VIDA-PU\u0301BLICA-9-1024x683.jpg 1024w, https:\/\/cuernavaca.gob.mx\/wp-content\/uploads\/2026\/04\/CUERNAVACA-IMPULSA-LA-CONVIVENCIA-FAMILIAR-CON-FESTIVAL-QUE-PONE-A-LA-NIN\u0303EZ-EN-EL-CENTRO-DE-LA-VIDA-PU\u0301BLICA-9-768x512.jpg 768w, https:\/\/cuernavaca.gob.mx\/wp-content\/uploads\/2026\/04\/CUERNAVACA-IMPULSA-LA-CONVIVENCIA-FAMILIAR-CON-FESTIVAL-QUE-PONE-A-LA-NIN\u0303EZ-EN-EL-CENTRO-DE-LA-VIDA-PU\u0301BLICA-9-600x400.jpg 600w, https:\/\/cuernavaca.gob.mx\/wp-content\/uploads\/2026\/04\/CUERNAVACA-IMPULSA-LA-CONVIVENCIA-FAMILIAR-CON-FESTIVAL-QUE-PONE-A-LA-NIN\u0303EZ-EN-EL-CENTRO-DE-LA-VIDA-PU\u0301BLICA-9-560x374.jpg 560w, https:\/\/cuernavaca.gob.mx\/wp-content\/uploads\/2026\/04\/CUERNAVACA-IMPULSA-LA-CONVIVENCIA-FAMILIAR-CON-FESTIVAL-QUE-PONE-A-LA-NIN\u0303EZ-EN-EL-CENTRO-DE-LA-VIDA-PU\u0301BLICA-9.jpg 1280w\" sizes=\"(max-width: 300px) 100vw, 300px\" \/> <img loading=\"lazy\" class=\"alignnone size-medium wp-image-58593\" src=\"https:\/\/cuernavaca.gob.mx\/wp-content\/uploads\/2026\/04\/CUERNAVACA-IMPULSA-LA-CONVIVENCIA-FAMILIAR-CON-FESTIVAL-QUE-PONE-A-LA-NIN\u0303EZ-EN-EL-CENTRO-DE-LA-VIDA-PU\u0301BLICA-10-300x200.jpg\" alt=\"\" width=\"300\" height=\"200\" srcset=\"https:\/\/cuernavaca.gob.mx\/wp-content\/uploads\/2026\/04\/CUERNAVACA-IMPULSA-LA-CONVIVENCIA-FAMILIAR-CON-FESTIVAL-QUE-PONE-A-LA-NIN\u0303EZ-EN-EL-CENTRO-DE-LA-VIDA-PU\u0301BLICA-10-300x200.jpg 300w, https:\/\/cuernavaca.gob.mx\/wp-content\/uploads\/2026\/04\/CUERNAVACA-IMPULSA-LA-CONVIVENCIA-FAMILIAR-CON-FESTIVAL-QUE-PONE-A-LA-NIN\u0303EZ-EN-EL-CENTRO-DE-LA-VIDA-PU\u0301BLICA-10-1024x683.jpg 1024w, https:\/\/cuernavaca.gob.mx\/wp-content\/uploads\/2026\/04\/CUERNAVACA-IMPULSA-LA-CONVIVENCIA-FAMILIAR-CON-FESTIVAL-QUE-PONE-A-LA-NIN\u0303EZ-EN-EL-CENTRO-DE-LA-VIDA-PU\u0301BLICA-10-768x512.jpg 768w, https:\/\/cuernavaca.gob.mx\/wp-content\/uploads\/2026\/04\/CUERNAVACA-IMPULSA-LA-CONVIVENCIA-FAMILIAR-CON-FESTIVAL-QUE-PONE-A-LA-NIN\u0303EZ-EN-EL-CENTRO-DE-LA-VIDA-PU\u0301BLICA-10-600x400.jpg 600w, https:\/\/cuernavaca.gob.mx\/wp-content\/uploads\/2026\/04\/CUERNAVACA-IMPULSA-LA-CONVIVENCIA-FAMILIAR-CON-FESTIVAL-QUE-PONE-A-LA-NIN\u0303EZ-EN-EL-CENTRO-DE-LA-VIDA-PU\u0301BLICA-10-560x374.jpg 560w, https:\/\/cuernavaca.gob.mx\/wp-content\/uploads\/2026\/04\/CUERNAVACA-IMPULSA-LA-CONVIVENCIA-FAMILIAR-CON-FESTIVAL-QUE-PONE-A-LA-NIN\u0303EZ-EN-EL-CENTRO-DE-LA-VIDA-PU\u0301BLICA-10.jpg 1280w\" sizes=\"(max-width: 300px) 100vw, 300px\" \/> <img loading=\"lazy\" class=\"alignnone size-medium wp-image-58594\" src=\"https:\/\/cuernavaca.gob.mx\/wp-content\/uploads\/2026\/04\/CUERNAVACA-IMPULSA-LA-CONVIVENCIA-FAMILIAR-CON-FESTIVAL-QUE-PONE-A-LA-NIN\u0303EZ-EN-EL-CENTRO-DE-LA-VIDA-PU\u0301BLICA-11-300x200.jpg\" alt=\"\" width=\"300\" height=\"200\" srcset=\"https:\/\/cuernavaca.gob.mx\/wp-content\/uploads\/2026\/04\/CUERNAVACA-IMPULSA-LA-CONVIVENCIA-FAMILIAR-CON-FESTIVAL-QUE-PONE-A-LA-NIN\u0303EZ-EN-EL-CENTRO-DE-LA-VIDA-PU\u0301BLICA-11-300x200.jpg 300w, https:\/\/cuernavaca.gob.mx\/wp-content\/uploads\/2026\/04\/CUERNAVACA-IMPULSA-LA-CONVIVENCIA-FAMILIAR-CON-FESTIVAL-QUE-PONE-A-LA-NIN\u0303EZ-EN-EL-CENTRO-DE-LA-VIDA-PU\u0301BLICA-11-1024x683.jpg 1024w, https:\/\/cuernavaca.gob.mx\/wp-content\/uploads\/2026\/04\/CUERNAVACA-IMPULSA-LA-CONVIVENCIA-FAMILIAR-CON-FESTIVAL-QUE-PONE-A-LA-NIN\u0303EZ-EN-EL-CENTRO-DE-LA-VIDA-PU\u0301BLICA-11-768x512.jpg 768w, https:\/\/cuernavaca.gob.mx\/wp-content\/uploads\/2026\/04\/CUERNAVACA-IMPULSA-LA-CONVIVENCIA-FAMILIAR-CON-FESTIVAL-QUE-PONE-A-LA-NIN\u0303EZ-EN-EL-CENTRO-DE-LA-VIDA-PU\u0301BLICA-11-600x400.jpg 600w, https:\/\/cuernavaca.gob.mx\/wp-content\/uploads\/2026\/04\/CUERNAVACA-IMPULSA-LA-CONVIVENCIA-FAMILIAR-CON-FESTIVAL-QUE-PONE-A-LA-NIN\u0303EZ-EN-EL-CENTRO-DE-LA-VIDA-PU\u0301BLICA-11-560x374.jpg 560w, https:\/\/cuernavaca.gob.mx\/wp-content\/uploads\/2026\/04\/CUERNAVACA-IMPULSA-LA-CONVIVENCIA-FAMILIAR-CON-FESTIVAL-QUE-PONE-A-LA-NIN\u0303EZ-EN-EL-CENTRO-DE-LA-VIDA-PU\u0301BLICA-11.jpg 1280w\" sizes=\"(max-width: 300px) 100vw, 300px\" \/> <img loading=\"lazy\" class=\"alignnone size-medium wp-image-58595\" src=\"https:\/\/cuernavaca.gob.mx\/wp-content\/uploads\/2026\/04\/CUERNAVACA-IMPULSA-LA-CONVIVENCIA-FAMILIAR-CON-FESTIVAL-QUE-PONE-A-LA-NIN\u0303EZ-EN-EL-CENTRO-DE-LA-VIDA-PU\u0301BLICA-12-300x200.jpg\" alt=\"\" width=\"300\" height=\"200\" srcset=\"https:\/\/cuernavaca.gob.mx\/wp-content\/uploads\/2026\/04\/CUERNAVACA-IMPULSA-LA-CONVIVENCIA-FAMILIAR-CON-FESTIVAL-QUE-PONE-A-LA-NIN\u0303EZ-EN-EL-CENTRO-DE-LA-VIDA-PU\u0301BLICA-12-300x200.jpg 300w, https:\/\/cuernavaca.gob.mx\/wp-content\/uploads\/2026\/04\/CUERNAVACA-IMPULSA-LA-CONVIVENCIA-FAMILIAR-CON-FESTIVAL-QUE-PONE-A-LA-NIN\u0303EZ-EN-EL-CENTRO-DE-LA-VIDA-PU\u0301BLICA-12-1024x683.jpg 1024w, https:\/\/cuernavaca.gob.mx\/wp-content\/uploads\/2026\/04\/CUERNAVACA-IMPULSA-LA-CONVIVENCIA-FAMILIAR-CON-FESTIVAL-QUE-PONE-A-LA-NIN\u0303EZ-EN-EL-CENTRO-DE-LA-VIDA-PU\u0301BLICA-12-768x512.jpg 768w, https:\/\/cuernavaca.gob.mx\/wp-content\/uploads\/2026\/04\/CUERNAVACA-IMPULSA-LA-CONVIVENCIA-FAMILIAR-CON-FESTIVAL-QUE-PONE-A-LA-NIN\u0303EZ-EN-EL-CENTRO-DE-LA-VIDA-PU\u0301BLICA-12-600x400.jpg 600w, https:\/\/cuernavaca.gob.mx\/wp-content\/uploads\/2026\/04\/CUERNAVACA-IMPULSA-LA-CONVIVENCIA-FAMILIAR-CON-FESTIVAL-QUE-PONE-A-LA-NIN\u0303EZ-EN-EL-CENTRO-DE-LA-VIDA-PU\u0301BLICA-12-560x374.jpg 560w, https:\/\/cuernavaca.gob.mx\/wp-content\/uploads\/2026\/04\/CUERNAVACA-IMPULSA-LA-CONVIVENCIA-FAMILIAR-CON-FESTIVAL-QUE-PONE-A-LA-NIN\u0303EZ-EN-EL-CENTRO-DE-LA-VIDA-PU\u0301BLICA-12.jpg 1280w\" sizes=\"(max-width: 300px) 100vw, 300px\" \/> <img loading=\"lazy\" class=\"alignnone size-medium wp-image-58596\" src=\"https:\/\/cuernavaca.gob.mx\/wp-content\/uploads\/2026\/04\/CUERNAVACA-IMPULSA-LA-CONVIVENCIA-FAMILIAR-CON-FESTIVAL-QUE-PONE-A-LA-NIN\u0303EZ-EN-EL-CENTRO-DE-LA-VIDA-PU\u0301BLICA-13-300x200.jpg\" alt=\"\" width=\"300\" height=\"200\" srcset=\"https:\/\/cuernavaca.gob.mx\/wp-content\/uploads\/2026\/04\/CUERNAVACA-IMPULSA-LA-CONVIVENCIA-FAMILIAR-CON-FESTIVAL-QUE-PONE-A-LA-NIN\u0303EZ-EN-EL-CENTRO-DE-LA-VIDA-PU\u0301BLICA-13-300x200.jpg 300w, https:\/\/cuernavaca.gob.mx\/wp-content\/uploads\/2026\/04\/CUERNAVACA-IMPULSA-LA-CONVIVENCIA-FAMILIAR-CON-FESTIVAL-QUE-PONE-A-LA-NIN\u0303EZ-EN-EL-CENTRO-DE-LA-VIDA-PU\u0301BLICA-13-1024x683.jpg 1024w, https:\/\/cuernavaca.gob.mx\/wp-content\/uploads\/2026\/04\/CUERNAVACA-IMPULSA-LA-CONVIVENCIA-FAMILIAR-CON-FESTIVAL-QUE-PONE-A-LA-NIN\u0303EZ-EN-EL-CENTRO-DE-LA-VIDA-PU\u0301BLICA-13-768x512.jpg 768w, https:\/\/cuernavaca.gob.mx\/wp-content\/uploads\/2026\/04\/CUERNAVACA-IMPULSA-LA-CONVIVENCIA-FAMILIAR-CON-FESTIVAL-QUE-PONE-A-LA-NIN\u0303EZ-EN-EL-CENTRO-DE-LA-VIDA-PU\u0301BLICA-13-600x400.jpg 600w, https:\/\/cuernavaca.gob.mx\/wp-content\/uploads\/2026\/04\/CUERNAVACA-IMPULSA-LA-CONVIVENCIA-FAMILIAR-CON-FESTIVAL-QUE-PONE-A-LA-NIN\u0303EZ-EN-EL-CENTRO-DE-LA-VIDA-PU\u0301BLICA-13-560x374.jpg 560w, https:\/\/cuernavaca.gob.mx\/wp-content\/uploads\/2026\/04\/CUERNAVACA-IMPULSA-LA-CONVIVENCIA-FAMILIAR-CON-FESTIVAL-QUE-PONE-A-LA-NIN\u0303EZ-EN-EL-CENTRO-DE-LA-VIDA-PU\u0301BLICA-13.jpg 1280w\" sizes=\"(max-width: 300px) 100vw, 300px\" \/> <img loading=\"lazy\" class=\"alignnone size-medium wp-image-58597\" src=\"https:\/\/cuernavaca.gob.mx\/wp-content\/uploads\/2026\/04\/CUERNAVACA-IMPULSA-LA-CONVIVENCIA-FAMILIAR-CON-FESTIVAL-QUE-PONE-A-LA-NIN\u0303EZ-EN-EL-CENTRO-DE-LA-VIDA-PU\u0301BLICA-14-300x200.jpg\" alt=\"\" width=\"300\" height=\"200\" srcset=\"https:\/\/cuernavaca.gob.mx\/wp-content\/uploads\/2026\/04\/CUERNAVACA-IMPULSA-LA-CONVIVENCIA-FAMILIAR-CON-FESTIVAL-QUE-PONE-A-LA-NIN\u0303EZ-EN-EL-CENTRO-DE-LA-VIDA-PU\u0301BLICA-14-300x200.jpg 300w, https:\/\/cuernavaca.gob.mx\/wp-content\/uploads\/2026\/04\/CUERNAVACA-IMPULSA-LA-CONVIVENCIA-FAMILIAR-CON-FESTIVAL-QUE-PONE-A-LA-NIN\u0303EZ-EN-EL-CENTRO-DE-LA-VIDA-PU\u0301BLICA-14-1024x683.jpg 1024w, https:\/\/cuernavaca.gob.mx\/wp-content\/uploads\/2026\/04\/CUERNAVACA-IMPULSA-LA-CONVIVENCIA-FAMILIAR-CON-FESTIVAL-QUE-PONE-A-LA-NIN\u0303EZ-EN-EL-CENTRO-DE-LA-VIDA-PU\u0301BLICA-14-768x512.jpg 768w, https:\/\/cuernavaca.gob.mx\/wp-content\/uploads\/2026\/04\/CUERNAVACA-IMPULSA-LA-CONVIVENCIA-FAMILIAR-CON-FESTIVAL-QUE-PONE-A-LA-NIN\u0303EZ-EN-EL-CENTRO-DE-LA-VIDA-PU\u0301BLICA-14-600x400.jpg 600w, https:\/\/cuernavaca.gob.mx\/wp-content\/uploads\/2026\/04\/CUERNAVACA-IMPULSA-LA-CONVIVENCIA-FAMILIAR-CON-FESTIVAL-QUE-PONE-A-LA-NIN\u0303EZ-EN-EL-CENTRO-DE-LA-VIDA-PU\u0301BLICA-14-560x374.jpg 560w, https:\/\/cuernavaca.gob.mx\/wp-content\/uploads\/2026\/04\/CUERNAVACA-IMPULSA-LA-CONVIVENCIA-FAMILIAR-CON-FESTIVAL-QUE-PONE-A-LA-NIN\u0303EZ-EN-EL-CENTRO-DE-LA-VIDA-PU\u0301BLICA-14.jpg 1280w\" sizes=\"(max-width: 300px) 100vw, 300px\" \/> <img loading=\"lazy\" class=\"alignnone size-medium wp-image-58598\" src=\"https:\/\/cuernavaca.gob.mx\/wp-content\/uploads\/2026\/04\/CUERNAVACA-IMPULSA-LA-CONVIVENCIA-FAMILIAR-CON-FESTIVAL-QUE-PONE-A-LA-NIN\u0303EZ-EN-EL-CENTRO-DE-LA-VIDA-PU\u0301BLICA-15-300x200.jpg\" alt=\"\" width=\"300\" height=\"200\" srcset=\"https:\/\/cuernavaca.gob.mx\/wp-content\/uploads\/2026\/04\/CUERNAVACA-IMPULSA-LA-CONVIVENCIA-FAMILIAR-CON-FESTIVAL-QUE-PONE-A-LA-NIN\u0303EZ-EN-EL-CENTRO-DE-LA-VIDA-PU\u0301BLICA-15-300x200.jpg 300w, https:\/\/cuernavaca.gob.mx\/wp-content\/uploads\/2026\/04\/CUERNAVACA-IMPULSA-LA-CONVIVENCIA-FAMILIAR-CON-FESTIVAL-QUE-PONE-A-LA-NIN\u0303EZ-EN-EL-CENTRO-DE-LA-VIDA-PU\u0301BLICA-15-1024x683.jpg 1024w, https:\/\/cuernavaca.gob.mx\/wp-content\/uploads\/2026\/04\/CUERNAVACA-IMPULSA-LA-CONVIVENCIA-FAMILIAR-CON-FESTIVAL-QUE-PONE-A-LA-NIN\u0303EZ-EN-EL-CENTRO-DE-LA-VIDA-PU\u0301BLICA-15-768x512.jpg 768w, https:\/\/cuernavaca.gob.mx\/wp-content\/uploads\/2026\/04\/CUERNAVACA-IMPULSA-LA-CONVIVENCIA-FAMILIAR-CON-FESTIVAL-QUE-PONE-A-LA-NIN\u0303EZ-EN-EL-CENTRO-DE-LA-VIDA-PU\u0301BLICA-15-600x400.jpg 600w, https:\/\/cuernavaca.gob.mx\/wp-content\/uploads\/2026\/04\/CUERNAVACA-IMPULSA-LA-CONVIVENCIA-FAMILIAR-CON-FESTIVAL-QUE-PONE-A-LA-NIN\u0303EZ-EN-EL-CENTRO-DE-LA-VIDA-PU\u0301BLICA-15-560x374.jpg 560w, https:\/\/cuernavaca.gob.mx\/wp-content\/uploads\/2026\/04\/CUERNAVACA-IMPULSA-LA-CONVIVENCIA-FAMILIAR-CON-FESTIVAL-QUE-PONE-A-LA-NIN\u0303EZ-EN-EL-CENTRO-DE-LA-VIDA-PU\u0301BLICA-15.jpg 1280w\" sizes=\"(max-width: 300px) 100vw, 300px\" \/> <img loading=\"lazy\" class=\"alignnone size-medium wp-image-58599\" src=\"https:\/\/cuernavaca.gob.mx\/wp-content\/uploads\/2026\/04\/CUERNAVACA-IMPULSA-LA-CONVIVENCIA-FAMILIAR-CON-FESTIVAL-QUE-PONE-A-LA-NIN\u0303EZ-EN-EL-CENTRO-DE-LA-VIDA-PU\u0301BLICA-16-300x200.jpg\" alt=\"\" width=\"300\" height=\"200\" srcset=\"https:\/\/cuernavaca.gob.mx\/wp-content\/uploads\/2026\/04\/CUERNAVACA-IMPULSA-LA-CONVIVENCIA-FAMILIAR-CON-FESTIVAL-QUE-PONE-A-LA-NIN\u0303EZ-EN-EL-CENTRO-DE-LA-VIDA-PU\u0301BLICA-16-300x200.jpg 300w, https:\/\/cuernavaca.gob.mx\/wp-content\/uploads\/2026\/04\/CUERNAVACA-IMPULSA-LA-CONVIVENCIA-FAMILIAR-CON-FESTIVAL-QUE-PONE-A-LA-NIN\u0303EZ-EN-EL-CENTRO-DE-LA-VIDA-PU\u0301BLICA-16-1024x683.jpg 1024w, https:\/\/cuernavaca.gob.mx\/wp-content\/uploads\/2026\/04\/CUERNAVACA-IMPULSA-LA-CONVIVENCIA-FAMILIAR-CON-FESTIVAL-QUE-PONE-A-LA-NIN\u0303EZ-EN-EL-CENTRO-DE-LA-VIDA-PU\u0301BLICA-16-768x512.jpg 768w, https:\/\/cuernavaca.gob.mx\/wp-content\/uploads\/2026\/04\/CUERNAVACA-IMPULSA-LA-CONVIVENCIA-FAMILIAR-CON-FESTIVAL-QUE-PONE-A-LA-NIN\u0303EZ-EN-EL-CENTRO-DE-LA-VIDA-PU\u0301BLICA-16-600x400.jpg 600w, https:\/\/cuernavaca.gob.mx\/wp-content\/uploads\/2026\/04\/CUERNAVACA-IMPULSA-LA-CONVIVENCIA-FAMILIAR-CON-FESTIVAL-QUE-PONE-A-LA-NIN\u0303EZ-EN-EL-CENTRO-DE-LA-VIDA-PU\u0301BLICA-16-560x374.jpg 560w, https:\/\/cuernavaca.gob.mx\/wp-content\/uploads\/2026\/04\/CUERNAVACA-IMPULSA-LA-CONVIVENCIA-FAMILIAR-CON-FESTIVAL-QUE-PONE-A-LA-NIN\u0303EZ-EN-EL-CENTRO-DE-LA-VIDA-PU\u0301BLICA-16.jpg 1280w\" sizes=\"(max-width: 300px) 100vw, 300px\" \/> <img loading=\"lazy\" class=\"alignnone size-medium wp-image-58600\" src=\"https:\/\/cuernavaca.gob.mx\/wp-content\/uploads\/2026\/04\/CUERNAVACA-IMPULSA-LA-CONVIVENCIA-FAMILIAR-CON-FESTIVAL-QUE-PONE-A-LA-NIN\u0303EZ-EN-EL-CENTRO-DE-LA-VIDA-PU\u0301BLICA-17-300x200.jpg\" alt=\"\" width=\"300\" height=\"200\" srcset=\"https:\/\/cuernavaca.gob.mx\/wp-content\/uploads\/2026\/04\/CUERNAVACA-IMPULSA-LA-CONVIVENCIA-FAMILIAR-CON-FESTIVAL-QUE-PONE-A-LA-NIN\u0303EZ-EN-EL-CENTRO-DE-LA-VIDA-PU\u0301BLICA-17-300x200.jpg 300w, https:\/\/cuernavaca.gob.mx\/wp-content\/uploads\/2026\/04\/CUERNAVACA-IMPULSA-LA-CONVIVENCIA-FAMILIAR-CON-FESTIVAL-QUE-PONE-A-LA-NIN\u0303EZ-EN-EL-CENTRO-DE-LA-VIDA-PU\u0301BLICA-17-1024x683.jpg 1024w, https:\/\/cuernavaca.gob.mx\/wp-content\/uploads\/2026\/04\/CUERNAVACA-IMPULSA-LA-CONVIVENCIA-FAMILIAR-CON-FESTIVAL-QUE-PONE-A-LA-NIN\u0303EZ-EN-EL-CENTRO-DE-LA-VIDA-PU\u0301BLICA-17-768x512.jpg 768w, https:\/\/cuernavaca.gob.mx\/wp-content\/uploads\/2026\/04\/CUERNAVACA-IMPULSA-LA-CONVIVENCIA-FAMILIAR-CON-FESTIVAL-QUE-PONE-A-LA-NIN\u0303EZ-EN-EL-CENTRO-DE-LA-VIDA-PU\u0301BLICA-17-600x400.jpg 600w, https:\/\/cuernavaca.gob.mx\/wp-content\/uploads\/2026\/04\/CUERNAVACA-IMPULSA-LA-CONVIVENCIA-FAMILIAR-CON-FESTIVAL-QUE-PONE-A-LA-NIN\u0303EZ-EN-EL-CENTRO-DE-LA-VIDA-PU\u0301BLICA-17-560x374.jpg 560w, https:\/\/cuernavaca.gob.mx\/wp-content\/uploads\/2026\/04\/CUERNAVACA-IMPULSA-LA-CONVIVENCIA-FAMILIAR-CON-FESTIVAL-QUE-PONE-A-LA-NIN\u0303EZ-EN-EL-CENTRO-DE-LA-VIDA-PU\u0301BLICA-17.jpg 1280w\" sizes=\"(max-width: 300px) 100vw, 300px\" \/> <img loading=\"lazy\" class=\"alignnone size-medium wp-image-58601\" src=\"https:\/\/cuernavaca.gob.mx\/wp-content\/uploads\/2026\/04\/CUERNAVACA-IMPULSA-LA-CONVIVENCIA-FAMILIAR-CON-FESTIVAL-QUE-PONE-A-LA-NIN\u0303EZ-EN-EL-CENTRO-DE-LA-VIDA-PU\u0301BLICA-18-300x200.jpg\" alt=\"\" width=\"300\" height=\"200\" srcset=\"https:\/\/cuernavaca.gob.mx\/wp-content\/uploads\/2026\/04\/CUERNAVACA-IMPULSA-LA-CONVIVENCIA-FAMILIAR-CON-FESTIVAL-QUE-PONE-A-LA-NIN\u0303EZ-EN-EL-CENTRO-DE-LA-VIDA-PU\u0301BLICA-18-300x200.jpg 300w, https:\/\/cuernavaca.gob.mx\/wp-content\/uploads\/2026\/04\/CUERNAVACA-IMPULSA-LA-CONVIVENCIA-FAMILIAR-CON-FESTIVAL-QUE-PONE-A-LA-NIN\u0303EZ-EN-EL-CENTRO-DE-LA-VIDA-PU\u0301BLICA-18-1024x683.jpg 1024w, https:\/\/cuernavaca.gob.mx\/wp-content\/uploads\/2026\/04\/CUERNAVACA-IMPULSA-LA-CONVIVENCIA-FAMILIAR-CON-FESTIVAL-QUE-PONE-A-LA-NIN\u0303EZ-EN-EL-CENTRO-DE-LA-VIDA-PU\u0301BLICA-18-768x512.jpg 768w, https:\/\/cuernavaca.gob.mx\/wp-content\/uploads\/2026\/04\/CUERNAVACA-IMPULSA-LA-CONVIVENCIA-FAMILIAR-CON-FESTIVAL-QUE-PONE-A-LA-NIN\u0303EZ-EN-EL-CENTRO-DE-LA-VIDA-PU\u0301BLICA-18-600x400.jpg 600w, https:\/\/cuernavaca.gob.mx\/wp-content\/uploads\/2026\/04\/CUERNAVACA-IMPULSA-LA-CONVIVENCIA-FAMILIAR-CON-FESTIVAL-QUE-PONE-A-LA-NIN\u0303EZ-EN-EL-CENTRO-DE-LA-VIDA-PU\u0301BLICA-18-560x374.jpg 560w, https:\/\/cuernavaca.gob.mx\/wp-content\/uploads\/2026\/04\/CUERNAVACA-IMPULSA-LA-CONVIVENCIA-FAMILIAR-CON-FESTIVAL-QUE-PONE-A-LA-NIN\u0303EZ-EN-EL-CENTRO-DE-LA-VIDA-PU\u0301BLICA-18.jpg 1280w\" sizes=\"(max-width: 300px) 100vw, 300px\" \/><\/p>\n<p>&nbsp;<\/p>\n","protected":false},"excerpt":{"rendered":"<p>* El Festival de la Ni\u00f1ez 2026 reuni\u00f3 a decenas de familias en una jornada que fortaleci\u00f3 valores, cercan\u00eda ciudadana y el uso positivo de los espacios p\u00fablicos La explanada del Palacio de Cort\u00e9s se convirti\u00f3 este s\u00e1bado en un punto de encuentro para las familias durante el Festival de la Ni\u00f1ez 2026, organizado por [&hellip;]<\/p>\n","protected":false},"author":1,"featured_media":58599,"comment_status":"closed","ping_status":"open","sticky":false,"template":"","format":"standard","meta":[],"categories":[16],"tags":[],"aioseo_notices":[],"_links":{"self":[{"href":"https:\/\/cuernavaca.gob.mx\/index.php?rest_route=\/wp\/v2\/posts\/58583"}],"collection":[{"href":"https:\/\/cuernavaca.gob.mx\/index.php?rest_route=\/wp\/v2\/posts"}],"about":[{"href":"https:\/\/cuernavaca.gob.mx\/index.php?rest_route=\/wp\/v2\/types\/post"}],"author":[{"embeddable":true,"href":"https:\/\/cuernavaca.gob.mx\/index.php?rest_route=\/wp\/v2\/users\/1"}],"replies":[{"embeddable":true,"href":"https:\/\/cuernavaca.gob.mx\/index.php?rest_route=%2Fwp%2Fv2%2Fcomments&post=58583"}],"version-history":[{"count":3,"href":"https:\/\/cuernavaca.gob.mx\/index.php?rest_route=\/wp\/v2\/posts\/58583\/revisions"}],"predecessor-version":[{"id":58604,"href":"https:\/\/cuernavaca.gob.mx\/index.php?rest_route=\/wp\/v2\/posts\/58583\/revisions\/58604"}],"wp:featuredmedia":[{"embeddable":true,"href":"https:\/\/cuernavaca.gob.mx\/index.php?rest_route=\/wp\/v2\/media\/58599"}],"wp:attachment":[{"href":"https:\/\/cuernavaca.gob.mx\/index.php?rest_route=%2Fwp%2Fv2%2Fmedia&parent=58583"}],"wp:term":[{"taxonomy":"category","embeddable":true,"href":"https:\/\/cuernavaca.gob.mx\/index.php?rest_route=%2Fwp%2Fv2%2Fcategories&post=58583"},{"taxonomy":"post_tag","embeddable":true,"href":"https:\/\/cuernavaca.gob.mx\/index.php?rest_route=%2Fwp%2Fv2%2Ftags&post=58583"}],"curies":[{"name":"wp","href":"https:\/\/api.w.org\/{rel}","templated":true}]}}