{"id":58605,"date":"2026-04-25T10:00:20","date_gmt":"2026-04-25T16:00:20","guid":{"rendered":"https:\/\/cuernavaca.gob.mx\/?p=58605"},"modified":"2026-04-26T11:59:47","modified_gmt":"2026-04-26T17:59:47","slug":"b1129-25-04-26-en-el-marco-del-dia-naranja-el-imc-visibiliza-acciones-para-la-prevencion-y-atencion-de-la-violencia-contra-mujeres-adolescentes-y-ninas","status":"publish","type":"post","link":"https:\/\/cuernavaca.gob.mx\/?p=58605","title":{"rendered":"B1129 25\/04\/26 EN EL MARCO DEL D\u00cdA NARANJA, EL IMC VISIBILIZA ACCIONES PARA LA PREVENCI\u00d3N Y ATENCI\u00d3N DE LA VIOLENCIA CONTRA MUJERES, ADOLESCENTES Y NI\u00d1AS"},"content":{"rendered":"<p>* El IMC ofrece acompa\u00f1amiento psicol\u00f3gico, asesor\u00eda jur\u00eddica y capacitaci\u00f3n para fortalecer la autonom\u00eda de las mujeres y su capacidad de establecer l\u00edmites ante la violencia<\/p>\n<p>En el marco del D\u00eda Naranja, el Instituto de la Mujer de Cuernavaca (IMC) reiter\u00f3 su compromiso de acompa\u00f1ar y respaldar a las mujeres que deciden buscar ayuda para salir de situaciones de violencia.<\/p>\n<p>Durante una sesi\u00f3n del Taller de Yoga IMC realizada en el Parque Tlaltenango, la directora general del IMC, Lorena Elizabeth Castillo Castillo, destac\u00f3 que los espacios y actividades que ofrece el Instituto est\u00e1n dise\u00f1ados para brindar atenci\u00f3n integral, fortaleciendo el bienestar emocional, mental y social de las mujeres.<\/p>\n<p>\u201cLas mujeres que deciden pedir ayuda tienen todo el respaldo del IMC. Aqu\u00ed encuentran acompa\u00f1amiento, orientaci\u00f3n y espacios seguros para iniciar un proceso hacia una vida libre de violencias\u201d, expres\u00f3.<\/p>\n<p>Con m\u00e1s de 250 sesiones, el taller de Yoga se ha consolidado como un espacio clave para la salud mental y emocional, as\u00ed como un canal cercano para difundir los servicios que brinda el IMC, que van desde la contenci\u00f3n y el acompa\u00f1amiento psicol\u00f3gico, hasta asesor\u00edas jur\u00eddicas y capacitaci\u00f3n para el emprendimiento, fortaleciendo la autonom\u00eda de las mujeres y su capacidad para establecer l\u00edmites ante situaciones de violencia.<\/p>\n<p>Desde el Ayuntamiento de Cuernavaca se trabaja de manera permanente para atender la Alerta de Violencia de G\u00e9nero (AVG), generando acciones que permitan a las mujeres identificar, enfrentar y poner un alto a cualquier forma de violencia, ya sea por parte de parejas o exparejas.<\/p>\n<p>En este sentido, la indicaci\u00f3n del alcalde Jos\u00e9 Luis Uri\u00f3stegui Salgado es contundente, &#8220;mantener una labor permanente para atender, prevenir y erradicar cualquier tipo de violencia, brindando respaldo a todas aquellas mujeres que deciden dar el paso y buscar ayuda&#8221;.<\/p>\n<p>Cada d\u00eda 25 es una oportunidad para reforzar el trabajo transversal e integral en favor de una vida libre de violencia para todas.<\/p>\n\n\t\t<style type=\"text\/css\">\n\t\t\t#gallery-1 {\n\t\t\t\tmargin: auto;\n\t\t\t}\n\t\t\t#gallery-1 .gallery-item {\n\t\t\t\tfloat: left;\n\t\t\t\tmargin-top: 10px;\n\t\t\t\ttext-align: center;\n\t\t\t\twidth: 33%;\n\t\t\t}\n\t\t\t#gallery-1 img {\n\t\t\t\tborder: 2px solid #cfcfcf;\n\t\t\t}\n\t\t\t#gallery-1 .gallery-caption {\n\t\t\t\tmargin-left: 0;\n\t\t\t}\n\t\t\t\/* see gallery_shortcode() in wp-includes\/media.php *\/\n\t\t<\/style>\n\t\t<div id='gallery-1' class='gallery galleryid-58605 gallery-columns-3 gallery-size-thumbnail'><dl class='gallery-item'>\n\t\t\t<dt class='gallery-icon landscape'>\n\t\t\t\t<a href='https:\/\/cuernavaca.gob.mx\/?attachment_id=58606'><img width=\"150\" height=\"150\" src=\"https:\/\/cuernavaca.gob.mx\/wp-content\/uploads\/2026\/04\/EN-EL-MARCO-DEL-DI\u0301A-NARANJA-EL-IMC-VISIBILIZA-ACCIONES-PARA-LA-PREVENCIO\u0301N-Y-ATENCIO\u0301N-DE-LA-VIOLENCIA-CONTRA-MUJERES-ADOLESCENTES-Y-NIN\u0303AS-1-150x150.jpg\" class=\"attachment-thumbnail size-thumbnail\" alt=\"\" loading=\"lazy\" \/><\/a>\n\t\t\t<\/dt><\/dl><dl class='gallery-item'>\n\t\t\t<dt class='gallery-icon landscape'>\n\t\t\t\t<a href='https:\/\/cuernavaca.gob.mx\/?attachment_id=58607'><img width=\"150\" height=\"150\" src=\"https:\/\/cuernavaca.gob.mx\/wp-content\/uploads\/2026\/04\/EN-EL-MARCO-DEL-DI\u0301A-NARANJA-EL-IMC-VISIBILIZA-ACCIONES-PARA-LA-PREVENCIO\u0301N-Y-ATENCIO\u0301N-DE-LA-VIOLENCIA-CONTRA-MUJERES-ADOLESCENTES-Y-NIN\u0303AS-2-150x150.jpg\" class=\"attachment-thumbnail size-thumbnail\" alt=\"\" loading=\"lazy\" \/><\/a>\n\t\t\t<\/dt><\/dl>\n\t\t\t<br style='clear: both' \/>\n\t\t<\/div>\n\n","protected":false},"excerpt":{"rendered":"<p>* El IMC ofrece acompa\u00f1amiento psicol\u00f3gico, asesor\u00eda jur\u00eddica y capacitaci\u00f3n para fortalecer la autonom\u00eda de las mujeres y su capacidad de establecer l\u00edmites ante la violencia En el marco del D\u00eda Naranja, el Instituto de la Mujer de Cuernavaca (IMC) reiter\u00f3 su compromiso de acompa\u00f1ar y respaldar a las mujeres que deciden buscar ayuda para [&hellip;]<\/p>\n","protected":false},"author":1,"featured_media":58607,"comment_status":"closed","ping_status":"open","sticky":false,"template":"","format":"standard","meta":[],"categories":[280],"tags":[],"aioseo_notices":[],"_links":{"self":[{"href":"https:\/\/cuernavaca.gob.mx\/index.php?rest_route=\/wp\/v2\/posts\/58605"}],"collection":[{"href":"https:\/\/cuernavaca.gob.mx\/index.php?rest_route=\/wp\/v2\/posts"}],"about":[{"href":"https:\/\/cuernavaca.gob.mx\/index.php?rest_route=\/wp\/v2\/types\/post"}],"author":[{"embeddable":true,"href":"https:\/\/cuernavaca.gob.mx\/index.php?rest_route=\/wp\/v2\/users\/1"}],"replies":[{"embeddable":true,"href":"https:\/\/cuernavaca.gob.mx\/index.php?rest_route=%2Fwp%2Fv2%2Fcomments&post=58605"}],"version-history":[{"count":1,"href":"https:\/\/cuernavaca.gob.mx\/index.php?rest_route=\/wp\/v2\/posts\/58605\/revisions"}],"predecessor-version":[{"id":58608,"href":"https:\/\/cuernavaca.gob.mx\/index.php?rest_route=\/wp\/v2\/posts\/58605\/revisions\/58608"}],"wp:featuredmedia":[{"embeddable":true,"href":"https:\/\/cuernavaca.gob.mx\/index.php?rest_route=\/wp\/v2\/media\/58607"}],"wp:attachment":[{"href":"https:\/\/cuernavaca.gob.mx\/index.php?rest_route=%2Fwp%2Fv2%2Fmedia&parent=58605"}],"wp:term":[{"taxonomy":"category","embeddable":true,"href":"https:\/\/cuernavaca.gob.mx\/index.php?rest_route=%2Fwp%2Fv2%2Fcategories&post=58605"},{"taxonomy":"post_tag","embeddable":true,"href":"https:\/\/cuernavaca.gob.mx\/index.php?rest_route=%2Fwp%2Fv2%2Ftags&post=58605"}],"curies":[{"name":"wp","href":"https:\/\/api.w.org\/{rel}","templated":true}]}}