{"id":58610,"date":"2026-04-25T10:25:56","date_gmt":"2026-04-25T16:25:56","guid":{"rendered":"https:\/\/cuernavaca.gob.mx\/?p=58610"},"modified":"2026-04-26T12:11:04","modified_gmt":"2026-04-26T18:11:04","slug":"b1130-25-04-26-cuernavaca-fortalece-la-educacion-y-creatividad-infantil-con-talleres-de-primavera-en-biblioteca-municipal-dr-jose-felix-frias-sanchez","status":"publish","type":"post","link":"https:\/\/cuernavaca.gob.mx\/?p=58610","title":{"rendered":"B1130 25\/04\/26 CUERNAVACA FORTALECE LA EDUCACI\u00d3N Y CREATIVIDAD INFANTIL CON TALLERES DE PRIMAVERA EN BIBLIOTECA MUNICIPAL \u201cDR. JOS\u00c9 F\u00c9LIX FR\u00cdAS S\u00c1NCHEZ\u201d"},"content":{"rendered":"<p><strong>\u2022 Las actividades incluyeron lectura, investigaci\u00f3n y manualidades para fomentar el desarrollo integral infantil.<\/strong><\/p>\n<p>Con una destacada participaci\u00f3n y entusiasmo por parte de la ni\u00f1ez, el Gobierno Municipal de Cuernavaca, encabezado por el presidente Jos\u00e9 Luis Uri\u00f3stegui Salgado, a trav\u00e9s de la Secretar\u00eda de Desarrollo Humano y Participaci\u00f3n Social (SDHyPS) y la Direcci\u00f3n de Administraci\u00f3n de Centros de Desarrollo Comunitario, Bibliotecas y Espacios P\u00fablicos, concluy\u00f3 con \u00e9xito los Talleres de Primavera en la Biblioteca P\u00fablica Municipal \u201cDr. Jos\u00e9 F\u00e9lix Fr\u00edas S\u00e1nchez\u201d, consolid\u00e1ndose como un espacio formativo que promueve el aprendizaje, la creatividad y el gusto por la lectura.<\/p>\n<p>Durante estas sesiones, ni\u00f1as y ni\u00f1os participaron en diversas actividades dise\u00f1adas para estimular su desarrollo integral y cognitivo, entre las que destacaron din\u00e1micas de investigaci\u00f3n, elaboraci\u00f3n de manualidades y lectura de cuentos, propiciando un entorno l\u00fadico y educativo que impulsa la curiosidad y la imaginaci\u00f3n.<\/p>\n<p>A lo largo de estos talleres, se foment\u00f3 la expresi\u00f3n creativa y el fortalecimiento de habilidades como la comprensi\u00f3n lectora, el trabajo en equipo y la exploraci\u00f3n de nuevos conocimientos.<\/p>\n<p>Este tipo de iniciativas permiten que los espacios bibliotecarios trasciendan su funci\u00f3n tradicional, convirti\u00e9ndose en puntos de encuentro donde la ni\u00f1ez puede aprender, convivir y desarrollar habilidades fundamentales en un ambiente accesible y seguro.<\/p>\n<p>En seguimiento al compromiso con el fortalecimiento de los h\u00e1bitos de lectura en las infancias e impulsando las actividades de la reci\u00e9n reapertura de la Biblioteca P\u00fablica Municipal \u201cDr. Jos\u00e9 F\u00e9lix Fr\u00edas S\u00e1nchez\u201d, se destac\u00f3 la importancia de acercar a las nuevas generaciones a la lectura desde edades tempranas, como una herramienta clave para su formaci\u00f3n acad\u00e9mica y desarrollo personal.<\/p>\n<p>Con estas actividades, el Ayuntamiento de Cuernavaca reafirma su compromiso de impulsar programas que fortalezcan la educaci\u00f3n, la cultura y el bienestar de ni\u00f1as y ni\u00f1os, generando oportunidades de aprendizaje m\u00e1s all\u00e1 del aula.<\/p>\n\n\t\t<style type=\"text\/css\">\n\t\t\t#gallery-1 {\n\t\t\t\tmargin: auto;\n\t\t\t}\n\t\t\t#gallery-1 .gallery-item {\n\t\t\t\tfloat: left;\n\t\t\t\tmargin-top: 10px;\n\t\t\t\ttext-align: center;\n\t\t\t\twidth: 33%;\n\t\t\t}\n\t\t\t#gallery-1 img {\n\t\t\t\tborder: 2px solid #cfcfcf;\n\t\t\t}\n\t\t\t#gallery-1 .gallery-caption {\n\t\t\t\tmargin-left: 0;\n\t\t\t}\n\t\t\t\/* see gallery_shortcode() in wp-includes\/media.php *\/\n\t\t<\/style>\n\t\t<div id='gallery-1' class='gallery galleryid-58610 gallery-columns-3 gallery-size-thumbnail'><dl class='gallery-item'>\n\t\t\t<dt class='gallery-icon landscape'>\n\t\t\t\t<a href='https:\/\/cuernavaca.gob.mx\/?attachment_id=58611'><img width=\"150\" height=\"150\" src=\"https:\/\/cuernavaca.gob.mx\/wp-content\/uploads\/2026\/04\/CUERNAVACA-FORTALECE-LA-EDUCACIO\u0301N-Y-CREATIVIDAD-INFANTIL-CON-TALLERES-DE-PRIMAVERA-EN-BIBLIOTECA-MUNICIPAL-DR.-JOSE\u0301-FE\u0301LIX-FRI\u0301AS-SA\u0301NCHEZ-1-150x150.jpg\" class=\"attachment-thumbnail size-thumbnail\" alt=\"\" loading=\"lazy\" \/><\/a>\n\t\t\t<\/dt><\/dl><dl class='gallery-item'>\n\t\t\t<dt class='gallery-icon portrait'>\n\t\t\t\t<a href='https:\/\/cuernavaca.gob.mx\/?attachment_id=58612'><img width=\"150\" height=\"150\" src=\"https:\/\/cuernavaca.gob.mx\/wp-content\/uploads\/2026\/04\/CUERNAVACA-FORTALECE-LA-EDUCACIO\u0301N-Y-CREATIVIDAD-INFANTIL-CON-TALLERES-DE-PRIMAVERA-EN-BIBLIOTECA-MUNICIPAL-DR.-JOSE\u0301-FE\u0301LIX-FRI\u0301AS-SA\u0301NCHEZ-2-150x150.jpg\" class=\"attachment-thumbnail size-thumbnail\" alt=\"\" loading=\"lazy\" \/><\/a>\n\t\t\t<\/dt><\/dl><dl class='gallery-item'>\n\t\t\t<dt class='gallery-icon portrait'>\n\t\t\t\t<a href='https:\/\/cuernavaca.gob.mx\/?attachment_id=58613'><img width=\"150\" height=\"150\" src=\"https:\/\/cuernavaca.gob.mx\/wp-content\/uploads\/2026\/04\/CUERNAVACA-FORTALECE-LA-EDUCACIO\u0301N-Y-CREATIVIDAD-INFANTIL-CON-TALLERES-DE-PRIMAVERA-EN-BIBLIOTECA-MUNICIPAL-DR.-JOSE\u0301-FE\u0301LIX-FRI\u0301AS-SA\u0301NCHEZ-3-150x150.jpg\" class=\"attachment-thumbnail size-thumbnail\" alt=\"\" loading=\"lazy\" \/><\/a>\n\t\t\t<\/dt><\/dl><br style=\"clear: both\" \/><dl class='gallery-item'>\n\t\t\t<dt class='gallery-icon portrait'>\n\t\t\t\t<a href='https:\/\/cuernavaca.gob.mx\/?attachment_id=58614'><img width=\"150\" height=\"150\" src=\"https:\/\/cuernavaca.gob.mx\/wp-content\/uploads\/2026\/04\/CUERNAVACA-FORTALECE-LA-EDUCACIO\u0301N-Y-CREATIVIDAD-INFANTIL-CON-TALLERES-DE-PRIMAVERA-EN-BIBLIOTECA-MUNICIPAL-DR.-JOSE\u0301-FE\u0301LIX-FRI\u0301AS-SA\u0301NCHEZ-4-150x150.jpg\" class=\"attachment-thumbnail size-thumbnail\" alt=\"\" loading=\"lazy\" \/><\/a>\n\t\t\t<\/dt><\/dl><dl class='gallery-item'>\n\t\t\t<dt class='gallery-icon portrait'>\n\t\t\t\t<a href='https:\/\/cuernavaca.gob.mx\/?attachment_id=58615'><img width=\"150\" height=\"150\" src=\"https:\/\/cuernavaca.gob.mx\/wp-content\/uploads\/2026\/04\/CUERNAVACA-FORTALECE-LA-EDUCACIO\u0301N-Y-CREATIVIDAD-INFANTIL-CON-TALLERES-DE-PRIMAVERA-EN-BIBLIOTECA-MUNICIPAL-DR.-JOSE\u0301-FE\u0301LIX-FRI\u0301AS-SA\u0301NCHEZ-5-150x150.jpg\" class=\"attachment-thumbnail size-thumbnail\" alt=\"\" loading=\"lazy\" \/><\/a>\n\t\t\t<\/dt><\/dl>\n\t\t\t<br style='clear: both' \/>\n\t\t<\/div>\n\n","protected":false},"excerpt":{"rendered":"<p>\u2022 Las actividades incluyeron lectura, investigaci\u00f3n y manualidades para fomentar el desarrollo integral infantil. Con una destacada participaci\u00f3n y entusiasmo por parte de la ni\u00f1ez, el Gobierno Municipal de Cuernavaca, encabezado por el presidente Jos\u00e9 Luis Uri\u00f3stegui Salgado, a trav\u00e9s de la Secretar\u00eda de Desarrollo Humano y Participaci\u00f3n Social (SDHyPS) y la Direcci\u00f3n de Administraci\u00f3n [&hellip;]<\/p>\n","protected":false},"author":1,"featured_media":58613,"comment_status":"closed","ping_status":"open","sticky":false,"template":"","format":"standard","meta":[],"categories":[862],"tags":[],"aioseo_notices":[],"_links":{"self":[{"href":"https:\/\/cuernavaca.gob.mx\/index.php?rest_route=\/wp\/v2\/posts\/58610"}],"collection":[{"href":"https:\/\/cuernavaca.gob.mx\/index.php?rest_route=\/wp\/v2\/posts"}],"about":[{"href":"https:\/\/cuernavaca.gob.mx\/index.php?rest_route=\/wp\/v2\/types\/post"}],"author":[{"embeddable":true,"href":"https:\/\/cuernavaca.gob.mx\/index.php?rest_route=\/wp\/v2\/users\/1"}],"replies":[{"embeddable":true,"href":"https:\/\/cuernavaca.gob.mx\/index.php?rest_route=%2Fwp%2Fv2%2Fcomments&post=58610"}],"version-history":[{"count":1,"href":"https:\/\/cuernavaca.gob.mx\/index.php?rest_route=\/wp\/v2\/posts\/58610\/revisions"}],"predecessor-version":[{"id":58616,"href":"https:\/\/cuernavaca.gob.mx\/index.php?rest_route=\/wp\/v2\/posts\/58610\/revisions\/58616"}],"wp:featuredmedia":[{"embeddable":true,"href":"https:\/\/cuernavaca.gob.mx\/index.php?rest_route=\/wp\/v2\/media\/58613"}],"wp:attachment":[{"href":"https:\/\/cuernavaca.gob.mx\/index.php?rest_route=%2Fwp%2Fv2%2Fmedia&parent=58610"}],"wp:term":[{"taxonomy":"category","embeddable":true,"href":"https:\/\/cuernavaca.gob.mx\/index.php?rest_route=%2Fwp%2Fv2%2Fcategories&post=58610"},{"taxonomy":"post_tag","embeddable":true,"href":"https:\/\/cuernavaca.gob.mx\/index.php?rest_route=%2Fwp%2Fv2%2Ftags&post=58610"}],"curies":[{"name":"wp","href":"https:\/\/api.w.org\/{rel}","templated":true}]}}