{"id":58618,"date":"2026-04-26T10:16:46","date_gmt":"2026-04-26T16:16:46","guid":{"rendered":"https:\/\/cuernavaca.gob.mx\/?p=58618"},"modified":"2026-04-26T12:19:09","modified_gmt":"2026-04-26T18:19:09","slug":"b1133-26-04-26-inaugura-ayuntamiento-de-cuernavaca-muestra-artistica-que-conecta-memoria-identidad-y-comunidad","status":"publish","type":"post","link":"https:\/\/cuernavaca.gob.mx\/?p=58618","title":{"rendered":"B1133 26\/04\/26 INAUGURA AYUNTAMIENTO DE CUERNAVACA MUESTRA ART\u00cdSTICA QUE CONECTA MEMORIA, IDENTIDAD Y COMUNIDAD"},"content":{"rendered":"<p><strong>* La exposici\u00f3n del artista \u00d3scar Cabrera Espinosa permanecer\u00e1 abierta al p\u00fablico hasta el 14 de junio en el Museo de la Ciudad de Cuernavaca<\/strong><\/p>\n<p>En un ambiente de sensibilidad, encuentro y expresi\u00f3n art\u00edstica, el Gobierno municipal de Cuernavaca, a trav\u00e9s de la Secretar\u00eda de Desarrollo Humano y Participaci\u00f3n Social (SDHyPS) y el Instituto de Cultura de Cuernavaca (ICC), llev\u00f3 a cabo la inauguraci\u00f3n de la exposici\u00f3n pict\u00f3rica \u201cMemorias entre puntadas y pigmentos\u201d, del artista \u00d3scar Cabrera Espinosa, en el Museo de la Ciudad de Cuernavaca.<\/p>\n<p>La muestra fue un \u00e9xito, al reunir a decenas de ciudadanas y ciudadanos que se dieron cita para apreciar una propuesta visual que entrelaza memoria, identidad y emociones, generando un espacio de reflexi\u00f3n colectiva a trav\u00e9s del lenguaje art\u00edstico.<\/p>\n<p>Durante la inauguraci\u00f3n, las y los asistentes recorrieron la exposici\u00f3n, dialogaron sobre las obras y compartieron experiencias en torno al valor del arte como medio para fortalecer el tejido social y la convivencia comunitaria.<\/p>\n<p>La exposici\u00f3n destaca por su enfoque sensible y narrativo, donde cada pieza invita a reinterpretar historias y vivencias, consolidando al arte como una herramienta que conecta a las personas con su entorno y su historia.<\/p>\n<p>Asimismo, se reiter\u00f3 la importancia de continuar promoviendo espacios culturales accesibles, que permitan a la ciudadan\u00eda acercarse a distintas expresiones art\u00edsticas y participar activamente en la vida cultural del municipio.<\/p>\n<p>La exposici\u00f3n permanecer\u00e1 abierta al p\u00fablico hasta el 14 de junio, por lo que se extiende la cordial invitaci\u00f3n a residentes del municipio y visitantes, a recorrerla y formar parte de esta experiencia art\u00edstica que enriquece la vida cultural de Cuernavaca.<\/p>\n<p>Con este tipo de actividades, el Ayuntamiento de Cuernavaca fortalece su compromiso con la promoci\u00f3n de la cultura, la identidad y la construcci\u00f3n de comunidad a trav\u00e9s del arte.<\/p>\n\n\t\t<style type=\"text\/css\">\n\t\t\t#gallery-1 {\n\t\t\t\tmargin: auto;\n\t\t\t}\n\t\t\t#gallery-1 .gallery-item {\n\t\t\t\tfloat: left;\n\t\t\t\tmargin-top: 10px;\n\t\t\t\ttext-align: center;\n\t\t\t\twidth: 33%;\n\t\t\t}\n\t\t\t#gallery-1 img {\n\t\t\t\tborder: 2px solid #cfcfcf;\n\t\t\t}\n\t\t\t#gallery-1 .gallery-caption {\n\t\t\t\tmargin-left: 0;\n\t\t\t}\n\t\t\t\/* see gallery_shortcode() in wp-includes\/media.php *\/\n\t\t<\/style>\n\t\t<div id='gallery-1' class='gallery galleryid-58618 gallery-columns-3 gallery-size-thumbnail'><dl class='gallery-item'>\n\t\t\t<dt class='gallery-icon landscape'>\n\t\t\t\t<a href='https:\/\/cuernavaca.gob.mx\/?attachment_id=58619'><img width=\"150\" height=\"150\" src=\"https:\/\/cuernavaca.gob.mx\/wp-content\/uploads\/2026\/04\/INAUGURA-AYUNTAMIENTO-DE-CUERNAVACA-MUESTRA-ARTI\u0301STICA-QUE-CONECTA-MEMORIA-IDENTIDAD-Y-COMUNIDAD-1-150x150.jpg\" class=\"attachment-thumbnail size-thumbnail\" alt=\"\" loading=\"lazy\" srcset=\"https:\/\/cuernavaca.gob.mx\/wp-content\/uploads\/2026\/04\/INAUGURA-AYUNTAMIENTO-DE-CUERNAVACA-MUESTRA-ARTI\u0301STICA-QUE-CONECTA-MEMORIA-IDENTIDAD-Y-COMUNIDAD-1-150x150.jpg 150w, https:\/\/cuernavaca.gob.mx\/wp-content\/uploads\/2026\/04\/INAUGURA-AYUNTAMIENTO-DE-CUERNAVACA-MUESTRA-ARTI\u0301STICA-QUE-CONECTA-MEMORIA-IDENTIDAD-Y-COMUNIDAD-1-300x300.jpg 300w, https:\/\/cuernavaca.gob.mx\/wp-content\/uploads\/2026\/04\/INAUGURA-AYUNTAMIENTO-DE-CUERNAVACA-MUESTRA-ARTI\u0301STICA-QUE-CONECTA-MEMORIA-IDENTIDAD-Y-COMUNIDAD-1-1024x1024.jpg 1024w, https:\/\/cuernavaca.gob.mx\/wp-content\/uploads\/2026\/04\/INAUGURA-AYUNTAMIENTO-DE-CUERNAVACA-MUESTRA-ARTI\u0301STICA-QUE-CONECTA-MEMORIA-IDENTIDAD-Y-COMUNIDAD-1-768x768.jpg 768w, https:\/\/cuernavaca.gob.mx\/wp-content\/uploads\/2026\/04\/INAUGURA-AYUNTAMIENTO-DE-CUERNAVACA-MUESTRA-ARTI\u0301STICA-QUE-CONECTA-MEMORIA-IDENTIDAD-Y-COMUNIDAD-1-600x600.jpg 600w, https:\/\/cuernavaca.gob.mx\/wp-content\/uploads\/2026\/04\/INAUGURA-AYUNTAMIENTO-DE-CUERNAVACA-MUESTRA-ARTI\u0301STICA-QUE-CONECTA-MEMORIA-IDENTIDAD-Y-COMUNIDAD-1-560x560.jpg 560w, https:\/\/cuernavaca.gob.mx\/wp-content\/uploads\/2026\/04\/INAUGURA-AYUNTAMIENTO-DE-CUERNAVACA-MUESTRA-ARTI\u0301STICA-QUE-CONECTA-MEMORIA-IDENTIDAD-Y-COMUNIDAD-1.jpg 1151w\" sizes=\"(max-width: 150px) 100vw, 150px\" \/><\/a>\n\t\t\t<\/dt><\/dl><dl class='gallery-item'>\n\t\t\t<dt class='gallery-icon landscape'>\n\t\t\t\t<a href='https:\/\/cuernavaca.gob.mx\/?attachment_id=58620'><img width=\"150\" height=\"150\" src=\"https:\/\/cuernavaca.gob.mx\/wp-content\/uploads\/2026\/04\/INAUGURA-AYUNTAMIENTO-DE-CUERNAVACA-MUESTRA-ARTI\u0301STICA-QUE-CONECTA-MEMORIA-IDENTIDAD-Y-COMUNIDAD-2-150x150.jpg\" class=\"attachment-thumbnail size-thumbnail\" alt=\"\" loading=\"lazy\" srcset=\"https:\/\/cuernavaca.gob.mx\/wp-content\/uploads\/2026\/04\/INAUGURA-AYUNTAMIENTO-DE-CUERNAVACA-MUESTRA-ARTI\u0301STICA-QUE-CONECTA-MEMORIA-IDENTIDAD-Y-COMUNIDAD-2-150x150.jpg 150w, https:\/\/cuernavaca.gob.mx\/wp-content\/uploads\/2026\/04\/INAUGURA-AYUNTAMIENTO-DE-CUERNAVACA-MUESTRA-ARTI\u0301STICA-QUE-CONECTA-MEMORIA-IDENTIDAD-Y-COMUNIDAD-2-300x300.jpg 300w, https:\/\/cuernavaca.gob.mx\/wp-content\/uploads\/2026\/04\/INAUGURA-AYUNTAMIENTO-DE-CUERNAVACA-MUESTRA-ARTI\u0301STICA-QUE-CONECTA-MEMORIA-IDENTIDAD-Y-COMUNIDAD-2-1024x1024.jpg 1024w, https:\/\/cuernavaca.gob.mx\/wp-content\/uploads\/2026\/04\/INAUGURA-AYUNTAMIENTO-DE-CUERNAVACA-MUESTRA-ARTI\u0301STICA-QUE-CONECTA-MEMORIA-IDENTIDAD-Y-COMUNIDAD-2-768x768.jpg 768w, https:\/\/cuernavaca.gob.mx\/wp-content\/uploads\/2026\/04\/INAUGURA-AYUNTAMIENTO-DE-CUERNAVACA-MUESTRA-ARTI\u0301STICA-QUE-CONECTA-MEMORIA-IDENTIDAD-Y-COMUNIDAD-2-600x600.jpg 600w, https:\/\/cuernavaca.gob.mx\/wp-content\/uploads\/2026\/04\/INAUGURA-AYUNTAMIENTO-DE-CUERNAVACA-MUESTRA-ARTI\u0301STICA-QUE-CONECTA-MEMORIA-IDENTIDAD-Y-COMUNIDAD-2-560x560.jpg 560w, https:\/\/cuernavaca.gob.mx\/wp-content\/uploads\/2026\/04\/INAUGURA-AYUNTAMIENTO-DE-CUERNAVACA-MUESTRA-ARTI\u0301STICA-QUE-CONECTA-MEMORIA-IDENTIDAD-Y-COMUNIDAD-2.jpg 1152w\" sizes=\"(max-width: 150px) 100vw, 150px\" \/><\/a>\n\t\t\t<\/dt><\/dl><dl class='gallery-item'>\n\t\t\t<dt class='gallery-icon landscape'>\n\t\t\t\t<a href='https:\/\/cuernavaca.gob.mx\/?attachment_id=58621'><img width=\"150\" height=\"150\" src=\"https:\/\/cuernavaca.gob.mx\/wp-content\/uploads\/2026\/04\/INAUGURA-AYUNTAMIENTO-DE-CUERNAVACA-MUESTRA-ARTI\u0301STICA-QUE-CONECTA-MEMORIA-IDENTIDAD-Y-COMUNIDAD-3-150x150.jpg\" class=\"attachment-thumbnail size-thumbnail\" alt=\"\" loading=\"lazy\" srcset=\"https:\/\/cuernavaca.gob.mx\/wp-content\/uploads\/2026\/04\/INAUGURA-AYUNTAMIENTO-DE-CUERNAVACA-MUESTRA-ARTI\u0301STICA-QUE-CONECTA-MEMORIA-IDENTIDAD-Y-COMUNIDAD-3-150x150.jpg 150w, https:\/\/cuernavaca.gob.mx\/wp-content\/uploads\/2026\/04\/INAUGURA-AYUNTAMIENTO-DE-CUERNAVACA-MUESTRA-ARTI\u0301STICA-QUE-CONECTA-MEMORIA-IDENTIDAD-Y-COMUNIDAD-3-300x300.jpg 300w, https:\/\/cuernavaca.gob.mx\/wp-content\/uploads\/2026\/04\/INAUGURA-AYUNTAMIENTO-DE-CUERNAVACA-MUESTRA-ARTI\u0301STICA-QUE-CONECTA-MEMORIA-IDENTIDAD-Y-COMUNIDAD-3-1024x1024.jpg 1024w, https:\/\/cuernavaca.gob.mx\/wp-content\/uploads\/2026\/04\/INAUGURA-AYUNTAMIENTO-DE-CUERNAVACA-MUESTRA-ARTI\u0301STICA-QUE-CONECTA-MEMORIA-IDENTIDAD-Y-COMUNIDAD-3-768x768.jpg 768w, https:\/\/cuernavaca.gob.mx\/wp-content\/uploads\/2026\/04\/INAUGURA-AYUNTAMIENTO-DE-CUERNAVACA-MUESTRA-ARTI\u0301STICA-QUE-CONECTA-MEMORIA-IDENTIDAD-Y-COMUNIDAD-3-600x600.jpg 600w, https:\/\/cuernavaca.gob.mx\/wp-content\/uploads\/2026\/04\/INAUGURA-AYUNTAMIENTO-DE-CUERNAVACA-MUESTRA-ARTI\u0301STICA-QUE-CONECTA-MEMORIA-IDENTIDAD-Y-COMUNIDAD-3-560x560.jpg 560w, https:\/\/cuernavaca.gob.mx\/wp-content\/uploads\/2026\/04\/INAUGURA-AYUNTAMIENTO-DE-CUERNAVACA-MUESTRA-ARTI\u0301STICA-QUE-CONECTA-MEMORIA-IDENTIDAD-Y-COMUNIDAD-3.jpg 1152w\" sizes=\"(max-width: 150px) 100vw, 150px\" \/><\/a>\n\t\t\t<\/dt><\/dl><br style=\"clear: both\" \/><dl class='gallery-item'>\n\t\t\t<dt class='gallery-icon landscape'>\n\t\t\t\t<a href='https:\/\/cuernavaca.gob.mx\/?attachment_id=58622'><img width=\"150\" height=\"150\" src=\"https:\/\/cuernavaca.gob.mx\/wp-content\/uploads\/2026\/04\/INAUGURA-AYUNTAMIENTO-DE-CUERNAVACA-MUESTRA-ARTI\u0301STICA-QUE-CONECTA-MEMORIA-IDENTIDAD-Y-COMUNIDAD-4-150x150.jpg\" class=\"attachment-thumbnail size-thumbnail\" alt=\"\" loading=\"lazy\" srcset=\"https:\/\/cuernavaca.gob.mx\/wp-content\/uploads\/2026\/04\/INAUGURA-AYUNTAMIENTO-DE-CUERNAVACA-MUESTRA-ARTI\u0301STICA-QUE-CONECTA-MEMORIA-IDENTIDAD-Y-COMUNIDAD-4-150x150.jpg 150w, https:\/\/cuernavaca.gob.mx\/wp-content\/uploads\/2026\/04\/INAUGURA-AYUNTAMIENTO-DE-CUERNAVACA-MUESTRA-ARTI\u0301STICA-QUE-CONECTA-MEMORIA-IDENTIDAD-Y-COMUNIDAD-4-300x300.jpg 300w, https:\/\/cuernavaca.gob.mx\/wp-content\/uploads\/2026\/04\/INAUGURA-AYUNTAMIENTO-DE-CUERNAVACA-MUESTRA-ARTI\u0301STICA-QUE-CONECTA-MEMORIA-IDENTIDAD-Y-COMUNIDAD-4-768x768.jpg 768w, https:\/\/cuernavaca.gob.mx\/wp-content\/uploads\/2026\/04\/INAUGURA-AYUNTAMIENTO-DE-CUERNAVACA-MUESTRA-ARTI\u0301STICA-QUE-CONECTA-MEMORIA-IDENTIDAD-Y-COMUNIDAD-4-600x600.jpg 600w, https:\/\/cuernavaca.gob.mx\/wp-content\/uploads\/2026\/04\/INAUGURA-AYUNTAMIENTO-DE-CUERNAVACA-MUESTRA-ARTI\u0301STICA-QUE-CONECTA-MEMORIA-IDENTIDAD-Y-COMUNIDAD-4-560x560.jpg 560w, https:\/\/cuernavaca.gob.mx\/wp-content\/uploads\/2026\/04\/INAUGURA-AYUNTAMIENTO-DE-CUERNAVACA-MUESTRA-ARTI\u0301STICA-QUE-CONECTA-MEMORIA-IDENTIDAD-Y-COMUNIDAD-4.jpg 972w\" sizes=\"(max-width: 150px) 100vw, 150px\" \/><\/a>\n\t\t\t<\/dt><\/dl><dl class='gallery-item'>\n\t\t\t<dt class='gallery-icon landscape'>\n\t\t\t\t<a href='https:\/\/cuernavaca.gob.mx\/?attachment_id=58623'><img width=\"150\" height=\"150\" src=\"https:\/\/cuernavaca.gob.mx\/wp-content\/uploads\/2026\/04\/INAUGURA-AYUNTAMIENTO-DE-CUERNAVACA-MUESTRA-ARTI\u0301STICA-QUE-CONECTA-MEMORIA-IDENTIDAD-Y-COMUNIDAD-5-150x150.jpg\" class=\"attachment-thumbnail size-thumbnail\" alt=\"\" loading=\"lazy\" srcset=\"https:\/\/cuernavaca.gob.mx\/wp-content\/uploads\/2026\/04\/INAUGURA-AYUNTAMIENTO-DE-CUERNAVACA-MUESTRA-ARTI\u0301STICA-QUE-CONECTA-MEMORIA-IDENTIDAD-Y-COMUNIDAD-5-150x150.jpg 150w, https:\/\/cuernavaca.gob.mx\/wp-content\/uploads\/2026\/04\/INAUGURA-AYUNTAMIENTO-DE-CUERNAVACA-MUESTRA-ARTI\u0301STICA-QUE-CONECTA-MEMORIA-IDENTIDAD-Y-COMUNIDAD-5-300x300.jpg 300w, https:\/\/cuernavaca.gob.mx\/wp-content\/uploads\/2026\/04\/INAUGURA-AYUNTAMIENTO-DE-CUERNAVACA-MUESTRA-ARTI\u0301STICA-QUE-CONECTA-MEMORIA-IDENTIDAD-Y-COMUNIDAD-5-1024x1024.jpg 1024w, https:\/\/cuernavaca.gob.mx\/wp-content\/uploads\/2026\/04\/INAUGURA-AYUNTAMIENTO-DE-CUERNAVACA-MUESTRA-ARTI\u0301STICA-QUE-CONECTA-MEMORIA-IDENTIDAD-Y-COMUNIDAD-5-768x768.jpg 768w, https:\/\/cuernavaca.gob.mx\/wp-content\/uploads\/2026\/04\/INAUGURA-AYUNTAMIENTO-DE-CUERNAVACA-MUESTRA-ARTI\u0301STICA-QUE-CONECTA-MEMORIA-IDENTIDAD-Y-COMUNIDAD-5-600x600.jpg 600w, https:\/\/cuernavaca.gob.mx\/wp-content\/uploads\/2026\/04\/INAUGURA-AYUNTAMIENTO-DE-CUERNAVACA-MUESTRA-ARTI\u0301STICA-QUE-CONECTA-MEMORIA-IDENTIDAD-Y-COMUNIDAD-5-560x560.jpg 560w, https:\/\/cuernavaca.gob.mx\/wp-content\/uploads\/2026\/04\/INAUGURA-AYUNTAMIENTO-DE-CUERNAVACA-MUESTRA-ARTI\u0301STICA-QUE-CONECTA-MEMORIA-IDENTIDAD-Y-COMUNIDAD-5.jpg 1152w\" sizes=\"(max-width: 150px) 100vw, 150px\" \/><\/a>\n\t\t\t<\/dt><\/dl>\n\t\t\t<br style='clear: both' \/>\n\t\t<\/div>\n\n","protected":false},"excerpt":{"rendered":"<p>* La exposici\u00f3n del artista \u00d3scar Cabrera Espinosa permanecer\u00e1 abierta al p\u00fablico hasta el 14 de junio en el Museo de la Ciudad de Cuernavaca En un ambiente de sensibilidad, encuentro y expresi\u00f3n art\u00edstica, el Gobierno municipal de Cuernavaca, a trav\u00e9s de la Secretar\u00eda de Desarrollo Humano y Participaci\u00f3n Social (SDHyPS) y el Instituto de [&hellip;]<\/p>\n","protected":false},"author":1,"featured_media":58621,"comment_status":"closed","ping_status":"open","sticky":false,"template":"","format":"standard","meta":[],"categories":[2292],"tags":[],"aioseo_notices":[],"_links":{"self":[{"href":"https:\/\/cuernavaca.gob.mx\/index.php?rest_route=\/wp\/v2\/posts\/58618"}],"collection":[{"href":"https:\/\/cuernavaca.gob.mx\/index.php?rest_route=\/wp\/v2\/posts"}],"about":[{"href":"https:\/\/cuernavaca.gob.mx\/index.php?rest_route=\/wp\/v2\/types\/post"}],"author":[{"embeddable":true,"href":"https:\/\/cuernavaca.gob.mx\/index.php?rest_route=\/wp\/v2\/users\/1"}],"replies":[{"embeddable":true,"href":"https:\/\/cuernavaca.gob.mx\/index.php?rest_route=%2Fwp%2Fv2%2Fcomments&post=58618"}],"version-history":[{"count":1,"href":"https:\/\/cuernavaca.gob.mx\/index.php?rest_route=\/wp\/v2\/posts\/58618\/revisions"}],"predecessor-version":[{"id":58624,"href":"https:\/\/cuernavaca.gob.mx\/index.php?rest_route=\/wp\/v2\/posts\/58618\/revisions\/58624"}],"wp:featuredmedia":[{"embeddable":true,"href":"https:\/\/cuernavaca.gob.mx\/index.php?rest_route=\/wp\/v2\/media\/58621"}],"wp:attachment":[{"href":"https:\/\/cuernavaca.gob.mx\/index.php?rest_route=%2Fwp%2Fv2%2Fmedia&parent=58618"}],"wp:term":[{"taxonomy":"category","embeddable":true,"href":"https:\/\/cuernavaca.gob.mx\/index.php?rest_route=%2Fwp%2Fv2%2Fcategories&post=58618"},{"taxonomy":"post_tag","embeddable":true,"href":"https:\/\/cuernavaca.gob.mx\/index.php?rest_route=%2Fwp%2Fv2%2Ftags&post=58618"}],"curies":[{"name":"wp","href":"https:\/\/api.w.org\/{rel}","templated":true}]}}