{"id":58631,"date":"2026-04-27T08:30:38","date_gmt":"2026-04-27T14:30:38","guid":{"rendered":"https:\/\/cuernavaca.gob.mx\/?p=58631"},"modified":"2026-04-27T09:14:57","modified_gmt":"2026-04-27T15:14:57","slug":"f226-27-04-26-jose-luis-uriostegui-proyecta-liderazgo-de-cuernavaca-en-la-construccion-de-paz","status":"publish","type":"post","link":"https:\/\/cuernavaca.gob.mx\/?p=58631","title":{"rendered":"F226 27\/04\/26 JOS\u00c9 LUIS URI\u00d3STEGUI PROYECTA LIDERAZGO DE CUERNAVACA EN LA CONSTRUCCI\u00d3N DE PAZ"},"content":{"rendered":"<p>El presidente municipal de Cuernavaca, Jos\u00e9 Luis Uri\u00f3stegui Salgado, particip\u00f3 este lunes en la ceremonia de honores a la bandera realizada en la Plaza Centenario del municipio de Jiutepec, como parte de las actividades previas a la sesi\u00f3n de la Mesa de Coordinaci\u00f3n Estatal para la Construcci\u00f3n de Paz y Seguridad de Morelos, espacio clave para la toma de decisiones en la materia.<\/p>\n<p>El acto c\u00edvico fue encabezado por el secretario de Gobierno, Edgar Maldonado Ceballos, quien impulsa una estrategia de trabajo territorial mediante recorridos en las siete regiones del estado.<\/p>\n<p>La presencia del alcalde capitalino reafirma el liderazgo del Ayuntamiento de Cuernavaca en la construcci\u00f3n de entornos m\u00e1s seguros, consolidando la colaboraci\u00f3n con los tres \u00f3rdenes de gobierno para implementar acciones integrales que contribuyan a la paz, la gobernabilidad y el bienestar de las familias morelenses.<\/p>\n\n\t\t<style type=\"text\/css\">\n\t\t\t#gallery-1 {\n\t\t\t\tmargin: auto;\n\t\t\t}\n\t\t\t#gallery-1 .gallery-item {\n\t\t\t\tfloat: left;\n\t\t\t\tmargin-top: 10px;\n\t\t\t\ttext-align: center;\n\t\t\t\twidth: 33%;\n\t\t\t}\n\t\t\t#gallery-1 img {\n\t\t\t\tborder: 2px solid #cfcfcf;\n\t\t\t}\n\t\t\t#gallery-1 .gallery-caption {\n\t\t\t\tmargin-left: 0;\n\t\t\t}\n\t\t\t\/* see gallery_shortcode() in wp-includes\/media.php *\/\n\t\t<\/style>\n\t\t<div id='gallery-1' class='gallery galleryid-58631 gallery-columns-3 gallery-size-thumbnail'><dl class='gallery-item'>\n\t\t\t<dt class='gallery-icon landscape'>\n\t\t\t\t<a href='https:\/\/cuernavaca.gob.mx\/?attachment_id=58632'><img width=\"150\" height=\"150\" src=\"https:\/\/cuernavaca.gob.mx\/wp-content\/uploads\/2026\/04\/JOSE\u0301-LUIS-URIO\u0301STEGUI-PROYECTA-LIDERAZGO-DE-CUERNAVACA-EN-LA-CONSTRUCCIO\u0301N-DE-PAZ-1-150x150.jpg\" class=\"attachment-thumbnail size-thumbnail\" alt=\"\" loading=\"lazy\" \/><\/a>\n\t\t\t<\/dt><\/dl><dl class='gallery-item'>\n\t\t\t<dt class='gallery-icon landscape'>\n\t\t\t\t<a href='https:\/\/cuernavaca.gob.mx\/?attachment_id=58633'><img width=\"150\" height=\"150\" src=\"https:\/\/cuernavaca.gob.mx\/wp-content\/uploads\/2026\/04\/JOSE\u0301-LUIS-URIO\u0301STEGUI-PROYECTA-LIDERAZGO-DE-CUERNAVACA-EN-LA-CONSTRUCCIO\u0301N-DE-PAZ-2-150x150.jpg\" class=\"attachment-thumbnail size-thumbnail\" alt=\"\" loading=\"lazy\" \/><\/a>\n\t\t\t<\/dt><\/dl><dl class='gallery-item'>\n\t\t\t<dt class='gallery-icon landscape'>\n\t\t\t\t<a href='https:\/\/cuernavaca.gob.mx\/?attachment_id=58634'><img width=\"150\" height=\"150\" src=\"https:\/\/cuernavaca.gob.mx\/wp-content\/uploads\/2026\/04\/JOSE\u0301-LUIS-URIO\u0301STEGUI-PROYECTA-LIDERAZGO-DE-CUERNAVACA-EN-LA-CONSTRUCCIO\u0301N-DE-PAZ-3-150x150.jpg\" class=\"attachment-thumbnail size-thumbnail\" alt=\"\" loading=\"lazy\" \/><\/a>\n\t\t\t<\/dt><\/dl><br style=\"clear: both\" \/><dl class='gallery-item'>\n\t\t\t<dt class='gallery-icon landscape'>\n\t\t\t\t<a href='https:\/\/cuernavaca.gob.mx\/?attachment_id=58635'><img width=\"150\" height=\"150\" src=\"https:\/\/cuernavaca.gob.mx\/wp-content\/uploads\/2026\/04\/JOSE\u0301-LUIS-URIO\u0301STEGUI-PROYECTA-LIDERAZGO-DE-CUERNAVACA-EN-LA-CONSTRUCCIO\u0301N-DE-PAZ-4-150x150.jpg\" class=\"attachment-thumbnail size-thumbnail\" alt=\"\" loading=\"lazy\" \/><\/a>\n\t\t\t<\/dt><\/dl><dl class='gallery-item'>\n\t\t\t<dt class='gallery-icon landscape'>\n\t\t\t\t<a href='https:\/\/cuernavaca.gob.mx\/?attachment_id=58636'><img width=\"150\" height=\"150\" src=\"https:\/\/cuernavaca.gob.mx\/wp-content\/uploads\/2026\/04\/JOSE\u0301-LUIS-URIO\u0301STEGUI-PROYECTA-LIDERAZGO-DE-CUERNAVACA-EN-LA-CONSTRUCCIO\u0301N-DE-PAZ-5-150x150.jpg\" class=\"attachment-thumbnail size-thumbnail\" alt=\"\" loading=\"lazy\" \/><\/a>\n\t\t\t<\/dt><\/dl><dl class='gallery-item'>\n\t\t\t<dt class='gallery-icon landscape'>\n\t\t\t\t<a href='https:\/\/cuernavaca.gob.mx\/?attachment_id=58637'><img width=\"150\" height=\"150\" src=\"https:\/\/cuernavaca.gob.mx\/wp-content\/uploads\/2026\/04\/JOSE\u0301-LUIS-URIO\u0301STEGUI-PROYECTA-LIDERAZGO-DE-CUERNAVACA-EN-LA-CONSTRUCCIO\u0301N-DE-PAZ-6-150x150.jpg\" class=\"attachment-thumbnail size-thumbnail\" alt=\"\" loading=\"lazy\" \/><\/a>\n\t\t\t<\/dt><\/dl><br style=\"clear: both\" \/><dl class='gallery-item'>\n\t\t\t<dt class='gallery-icon landscape'>\n\t\t\t\t<a href='https:\/\/cuernavaca.gob.mx\/?attachment_id=58638'><img width=\"150\" height=\"150\" src=\"https:\/\/cuernavaca.gob.mx\/wp-content\/uploads\/2026\/04\/JOSE\u0301-LUIS-URIO\u0301STEGUI-PROYECTA-LIDERAZGO-DE-CUERNAVACA-EN-LA-CONSTRUCCIO\u0301N-DE-PAZ-7-150x150.jpg\" class=\"attachment-thumbnail size-thumbnail\" alt=\"\" loading=\"lazy\" \/><\/a>\n\t\t\t<\/dt><\/dl><dl class='gallery-item'>\n\t\t\t<dt class='gallery-icon landscape'>\n\t\t\t\t<a href='https:\/\/cuernavaca.gob.mx\/?attachment_id=58639'><img width=\"150\" height=\"150\" src=\"https:\/\/cuernavaca.gob.mx\/wp-content\/uploads\/2026\/04\/JOSE\u0301-LUIS-URIO\u0301STEGUI-PROYECTA-LIDERAZGO-DE-CUERNAVACA-EN-LA-CONSTRUCCIO\u0301N-DE-PAZ-8-150x150.jpg\" class=\"attachment-thumbnail size-thumbnail\" alt=\"\" loading=\"lazy\" \/><\/a>\n\t\t\t<\/dt><\/dl>\n\t\t\t<br style='clear: both' \/>\n\t\t<\/div>\n\n","protected":false},"excerpt":{"rendered":"<p>El presidente municipal de Cuernavaca, Jos\u00e9 Luis Uri\u00f3stegui Salgado, particip\u00f3 este lunes en la ceremonia de honores a la bandera realizada en la Plaza Centenario del municipio de Jiutepec, como parte de las actividades previas a la sesi\u00f3n de la Mesa de Coordinaci\u00f3n Estatal para la Construcci\u00f3n de Paz y Seguridad de Morelos, espacio clave [&hellip;]<\/p>\n","protected":false},"author":1,"featured_media":58638,"comment_status":"closed","ping_status":"open","sticky":false,"template":"","format":"standard","meta":[],"categories":[20],"tags":[],"aioseo_notices":[],"_links":{"self":[{"href":"https:\/\/cuernavaca.gob.mx\/index.php?rest_route=\/wp\/v2\/posts\/58631"}],"collection":[{"href":"https:\/\/cuernavaca.gob.mx\/index.php?rest_route=\/wp\/v2\/posts"}],"about":[{"href":"https:\/\/cuernavaca.gob.mx\/index.php?rest_route=\/wp\/v2\/types\/post"}],"author":[{"embeddable":true,"href":"https:\/\/cuernavaca.gob.mx\/index.php?rest_route=\/wp\/v2\/users\/1"}],"replies":[{"embeddable":true,"href":"https:\/\/cuernavaca.gob.mx\/index.php?rest_route=%2Fwp%2Fv2%2Fcomments&post=58631"}],"version-history":[{"count":1,"href":"https:\/\/cuernavaca.gob.mx\/index.php?rest_route=\/wp\/v2\/posts\/58631\/revisions"}],"predecessor-version":[{"id":58640,"href":"https:\/\/cuernavaca.gob.mx\/index.php?rest_route=\/wp\/v2\/posts\/58631\/revisions\/58640"}],"wp:featuredmedia":[{"embeddable":true,"href":"https:\/\/cuernavaca.gob.mx\/index.php?rest_route=\/wp\/v2\/media\/58638"}],"wp:attachment":[{"href":"https:\/\/cuernavaca.gob.mx\/index.php?rest_route=%2Fwp%2Fv2%2Fmedia&parent=58631"}],"wp:term":[{"taxonomy":"category","embeddable":true,"href":"https:\/\/cuernavaca.gob.mx\/index.php?rest_route=%2Fwp%2Fv2%2Fcategories&post=58631"},{"taxonomy":"post_tag","embeddable":true,"href":"https:\/\/cuernavaca.gob.mx\/index.php?rest_route=%2Fwp%2Fv2%2Ftags&post=58631"}],"curies":[{"name":"wp","href":"https:\/\/api.w.org\/{rel}","templated":true}]}}