{"id":58641,"date":"2026-04-27T09:33:05","date_gmt":"2026-04-27T15:33:05","guid":{"rendered":"https:\/\/cuernavaca.gob.mx\/?p=58641"},"modified":"2026-04-27T09:33:05","modified_gmt":"2026-04-27T15:33:05","slug":"b1135-27-04-26-ayuntamiento-de-cuernavaca-impulsa-la-capacitacion-para-fortalecer-al-sector-agropecuario","status":"publish","type":"post","link":"https:\/\/cuernavaca.gob.mx\/?p=58641","title":{"rendered":"B1135 27\/04\/26 AYUNTAMIENTO DE CUERNAVACA IMPULSA LA CAPACITACI\u00d3N PARA FORTALECER AL SECTOR AGROPECUARIO"},"content":{"rendered":"<p><strong>\u2022 Productores adquieren herramientas clave para mejorar su competitividad y acceso a mercados<\/strong><\/p>\n<p>La Secretar\u00eda de Desarrollo Econ\u00f3mico y Turismo (SDEyT) de Cuernavaca, en coordinaci\u00f3n con la C\u00e1mara Nacional de la Industria de Transformaci\u00f3n (CANACINTRA) Morelos y la Direcci\u00f3n de Comercio, Industria y Servicios del municipio, llevaron a cabo la capacitaci\u00f3n \u201cDesarrollo de Nuevos Productos\u201d, a fin de fortalecer el desarrollo econ\u00f3mico de los participantes.<\/p>\n<p>Durante esta capacitaci\u00f3n, celebrada en la Casa Ejidal de San Antonio, se inform\u00f3 sobre nuevas herramientas provenientes del sector empresarial. En un esfuerzo coordinado con las direcciones de Fomento Agropecuario y de Fomento al Empleo y Apoyo a la Productividad, se busca impulsar el talento, el crecimiento y la innovaci\u00f3n en el campo de Cuernavaca.<\/p>\n<p>A trav\u00e9s de esta iniciativa, la SDEyT promueve un modelo de desarrollo econ\u00f3mico enfocado en la articulaci\u00f3n efectiva; en la sesi\u00f3n, productores agropecuarios conocieron herramientas para fortalecer sus proyectos, desde la creaci\u00f3n de productos hasta su posicionamiento en el mercado.<\/p>\n<p>Se abordaron temas como el an\u00e1lisis de la demanda, estudios de mercado, definici\u00f3n de precios, identidad de marca, empaque, log\u00edstica y estrategias para la b\u00fasqueda de clientes.<\/p>\n<p>En representaci\u00f3n de la SDEyT de Cuernavaca, la directora de Comercio, Industria y Servicios, Priscila Pilatowsky Go\u00f1i, se\u00f1al\u00f3 que dicha capacitaci\u00f3n es un espacio participativo donde los asistentes adquieren conocimientos y comparten ideas y experiencias que enriquecen el aprendizaje colectivo.<\/p>\n<p>\u201cEn el Ayuntamiento de Cuernavaca seguimos apostando por la capacitaci\u00f3n como motor de crecimiento para nuestros productores\u201d, indic\u00f3.<\/p>\n<p>Asimismo, Pilatowsky Go\u00f1i agradeci\u00f3 la colaboraci\u00f3n del presidente de CANACINTRA Morelos, Alejandro Villarreal Vives, quien aport\u00f3 sus conocimientos y estrategias al sector agropecuario, cerrando con una valiosa sesi\u00f3n de intercambio y convivencia, fortaleciendo los lazos entre productores y promoviendo el desarrollo econ\u00f3mico local.<\/p>\n\n\t\t<style type=\"text\/css\">\n\t\t\t#gallery-1 {\n\t\t\t\tmargin: auto;\n\t\t\t}\n\t\t\t#gallery-1 .gallery-item {\n\t\t\t\tfloat: left;\n\t\t\t\tmargin-top: 10px;\n\t\t\t\ttext-align: center;\n\t\t\t\twidth: 33%;\n\t\t\t}\n\t\t\t#gallery-1 img {\n\t\t\t\tborder: 2px solid #cfcfcf;\n\t\t\t}\n\t\t\t#gallery-1 .gallery-caption {\n\t\t\t\tmargin-left: 0;\n\t\t\t}\n\t\t\t\/* see gallery_shortcode() in wp-includes\/media.php *\/\n\t\t<\/style>\n\t\t<div id='gallery-1' class='gallery galleryid-58641 gallery-columns-3 gallery-size-thumbnail'><dl class='gallery-item'>\n\t\t\t<dt class='gallery-icon landscape'>\n\t\t\t\t<a href='https:\/\/cuernavaca.gob.mx\/?attachment_id=58642'><img width=\"150\" height=\"150\" src=\"https:\/\/cuernavaca.gob.mx\/wp-content\/uploads\/2026\/04\/AYUNTAMIENTO-DE-CUERNAVACA-IMPULSA-LA-CAPACITACIO\u0301N-PARA-FORTALECER-AL-SECTOR-AGROPECUARIO-1-150x150.jpg\" class=\"attachment-thumbnail size-thumbnail\" alt=\"\" loading=\"lazy\" \/><\/a>\n\t\t\t<\/dt><\/dl><dl class='gallery-item'>\n\t\t\t<dt class='gallery-icon portrait'>\n\t\t\t\t<a href='https:\/\/cuernavaca.gob.mx\/?attachment_id=58643'><img width=\"150\" height=\"150\" src=\"https:\/\/cuernavaca.gob.mx\/wp-content\/uploads\/2026\/04\/AYUNTAMIENTO-DE-CUERNAVACA-IMPULSA-LA-CAPACITACIO\u0301N-PARA-FORTALECER-AL-SECTOR-AGROPECUARIO-2-150x150.jpg\" class=\"attachment-thumbnail size-thumbnail\" alt=\"\" loading=\"lazy\" \/><\/a>\n\t\t\t<\/dt><\/dl><dl class='gallery-item'>\n\t\t\t<dt class='gallery-icon landscape'>\n\t\t\t\t<a href='https:\/\/cuernavaca.gob.mx\/?attachment_id=58644'><img width=\"150\" height=\"150\" src=\"https:\/\/cuernavaca.gob.mx\/wp-content\/uploads\/2026\/04\/AYUNTAMIENTO-DE-CUERNAVACA-IMPULSA-LA-CAPACITACIO\u0301N-PARA-FORTALECER-AL-SECTOR-AGROPECUARIO3-150x150.jpg\" class=\"attachment-thumbnail size-thumbnail\" alt=\"\" loading=\"lazy\" \/><\/a>\n\t\t\t<\/dt><\/dl><br style=\"clear: both\" \/><dl class='gallery-item'>\n\t\t\t<dt class='gallery-icon landscape'>\n\t\t\t\t<a href='https:\/\/cuernavaca.gob.mx\/?attachment_id=58645'><img width=\"150\" height=\"150\" src=\"https:\/\/cuernavaca.gob.mx\/wp-content\/uploads\/2026\/04\/AYUNTAMIENTO-DE-CUERNAVACA-IMPULSA-LA-CAPACITACIO\u0301N-PARA-FORTALECER-AL-SECTOR-AGROPECUARIO-4-150x150.jpg\" class=\"attachment-thumbnail size-thumbnail\" alt=\"\" loading=\"lazy\" \/><\/a>\n\t\t\t<\/dt><\/dl>\n\t\t\t<br style='clear: both' \/>\n\t\t<\/div>\n\n","protected":false},"excerpt":{"rendered":"<p>\u2022 Productores adquieren herramientas clave para mejorar su competitividad y acceso a mercados La Secretar\u00eda de Desarrollo Econ\u00f3mico y Turismo (SDEyT) de Cuernavaca, en coordinaci\u00f3n con la C\u00e1mara Nacional de la Industria de Transformaci\u00f3n (CANACINTRA) Morelos y la Direcci\u00f3n de Comercio, Industria y Servicios del municipio, llevaron a cabo la capacitaci\u00f3n \u201cDesarrollo de Nuevos Productos\u201d, [&hellip;]<\/p>\n","protected":false},"author":1,"featured_media":58645,"comment_status":"closed","ping_status":"open","sticky":false,"template":"","format":"standard","meta":[],"categories":[2294],"tags":[],"aioseo_notices":[],"_links":{"self":[{"href":"https:\/\/cuernavaca.gob.mx\/index.php?rest_route=\/wp\/v2\/posts\/58641"}],"collection":[{"href":"https:\/\/cuernavaca.gob.mx\/index.php?rest_route=\/wp\/v2\/posts"}],"about":[{"href":"https:\/\/cuernavaca.gob.mx\/index.php?rest_route=\/wp\/v2\/types\/post"}],"author":[{"embeddable":true,"href":"https:\/\/cuernavaca.gob.mx\/index.php?rest_route=\/wp\/v2\/users\/1"}],"replies":[{"embeddable":true,"href":"https:\/\/cuernavaca.gob.mx\/index.php?rest_route=%2Fwp%2Fv2%2Fcomments&post=58641"}],"version-history":[{"count":1,"href":"https:\/\/cuernavaca.gob.mx\/index.php?rest_route=\/wp\/v2\/posts\/58641\/revisions"}],"predecessor-version":[{"id":58646,"href":"https:\/\/cuernavaca.gob.mx\/index.php?rest_route=\/wp\/v2\/posts\/58641\/revisions\/58646"}],"wp:featuredmedia":[{"embeddable":true,"href":"https:\/\/cuernavaca.gob.mx\/index.php?rest_route=\/wp\/v2\/media\/58645"}],"wp:attachment":[{"href":"https:\/\/cuernavaca.gob.mx\/index.php?rest_route=%2Fwp%2Fv2%2Fmedia&parent=58641"}],"wp:term":[{"taxonomy":"category","embeddable":true,"href":"https:\/\/cuernavaca.gob.mx\/index.php?rest_route=%2Fwp%2Fv2%2Fcategories&post=58641"},{"taxonomy":"post_tag","embeddable":true,"href":"https:\/\/cuernavaca.gob.mx\/index.php?rest_route=%2Fwp%2Fv2%2Ftags&post=58641"}],"curies":[{"name":"wp","href":"https:\/\/api.w.org\/{rel}","templated":true}]}}