{"id":58647,"date":"2026-04-27T09:45:05","date_gmt":"2026-04-27T15:45:05","guid":{"rendered":"https:\/\/cuernavaca.gob.mx\/?p=58647"},"modified":"2026-04-27T09:45:05","modified_gmt":"2026-04-27T15:45:05","slug":"f227-27-04-26-imc-impulsa-alianzas-para-fortalecer-la-salud-de-las-mujeres","status":"publish","type":"post","link":"https:\/\/cuernavaca.gob.mx\/?p=58647","title":{"rendered":"F227 27\/04\/26 IMC IMPULSA ALIANZAS PARA FORTALECER LA SALUD DE LAS MUJERES"},"content":{"rendered":"<p>Con el objetivo de acercar informaci\u00f3n pr\u00e1ctica y confiable a las mujeres, el Instituto de la Mujer de Cuernavaca (IMC) promueve la colaboraci\u00f3n con especialistas e investigadoras en ciencias de la salud, generando espacios de aprendizaje que fortalecen el bienestar y el autocuidado.<\/p>\n<p>Como parte de estas acciones, se llev\u00f3 a cabo la pl\u00e1tica \u201cAlimentaci\u00f3n en la peri y menopausia\u201d, impartida por segunda ocasi\u00f3n por la Paola Villaverde, doctora e investigadora originaria de Per\u00fa, quien brind\u00f3 orientaci\u00f3n pr\u00e1ctica sobre c\u00f3mo adaptar la alimentaci\u00f3n durante esta etapa. Asimismo, resolvi\u00f3 inquietudes y comparti\u00f3 recomendaciones accesibles para mejorar la calidad de vida de las asistentes.<\/p>\n<p>La Paola Villaverde es epidemi\u00f3loga nutricional con experiencia en investigaci\u00f3n en nutrici\u00f3n y salud p\u00fablica, especializada en el an\u00e1lisis de grandes cohortes y estudios longitudinales en M\u00e9xico y Francia. Su trabajo se enfoca en patrones diet\u00e9ticos, el \u00edndice inflamatorio de la dieta y el consumo de alimentos ultra procesados, as\u00ed como su relaci\u00f3n con la hipertensi\u00f3n y otras enfermedades cr\u00f3nicas.<\/p>\n<p>A trav\u00e9s de estas iniciativas, el IMC refrenda su compromiso de impulsar el acceso a informaci\u00f3n clara, cient\u00edfica y \u00fatil, que permita a las mujeres tomar decisiones informadas sobre su salud, fortalecer su bienestar y transitar cada etapa de la vida con mayor autonom\u00eda y acompa\u00f1amiento.<\/p>\n\n\t\t<style type=\"text\/css\">\n\t\t\t#gallery-1 {\n\t\t\t\tmargin: auto;\n\t\t\t}\n\t\t\t#gallery-1 .gallery-item {\n\t\t\t\tfloat: left;\n\t\t\t\tmargin-top: 10px;\n\t\t\t\ttext-align: center;\n\t\t\t\twidth: 33%;\n\t\t\t}\n\t\t\t#gallery-1 img {\n\t\t\t\tborder: 2px solid #cfcfcf;\n\t\t\t}\n\t\t\t#gallery-1 .gallery-caption {\n\t\t\t\tmargin-left: 0;\n\t\t\t}\n\t\t\t\/* see gallery_shortcode() in wp-includes\/media.php *\/\n\t\t<\/style>\n\t\t<div id='gallery-1' class='gallery galleryid-58647 gallery-columns-3 gallery-size-thumbnail'><dl class='gallery-item'>\n\t\t\t<dt class='gallery-icon landscape'>\n\t\t\t\t<a href='https:\/\/cuernavaca.gob.mx\/?attachment_id=58648'><img width=\"150\" height=\"150\" src=\"https:\/\/cuernavaca.gob.mx\/wp-content\/uploads\/2026\/04\/IMC-IMPULSA-ALIANZAS-PARA-FORTALECER-LA-SALUD-DE-LAS-MUJERES-1-150x150.jpg\" class=\"attachment-thumbnail size-thumbnail\" alt=\"\" loading=\"lazy\" \/><\/a>\n\t\t\t<\/dt><\/dl><dl class='gallery-item'>\n\t\t\t<dt class='gallery-icon landscape'>\n\t\t\t\t<a href='https:\/\/cuernavaca.gob.mx\/?attachment_id=58649'><img width=\"150\" height=\"150\" src=\"https:\/\/cuernavaca.gob.mx\/wp-content\/uploads\/2026\/04\/IMC-IMPULSA-ALIANZAS-PARA-FORTALECER-LA-SALUD-DE-LAS-MUJERES-2-150x150.jpg\" class=\"attachment-thumbnail size-thumbnail\" alt=\"\" loading=\"lazy\" \/><\/a>\n\t\t\t<\/dt><\/dl>\n\t\t\t<br style='clear: both' \/>\n\t\t<\/div>\n\n","protected":false},"excerpt":{"rendered":"<p>Con el objetivo de acercar informaci\u00f3n pr\u00e1ctica y confiable a las mujeres, el Instituto de la Mujer de Cuernavaca (IMC) promueve la colaboraci\u00f3n con especialistas e investigadoras en ciencias de la salud, generando espacios de aprendizaje que fortalecen el bienestar y el autocuidado. Como parte de estas acciones, se llev\u00f3 a cabo la pl\u00e1tica \u201cAlimentaci\u00f3n [&hellip;]<\/p>\n","protected":false},"author":1,"featured_media":58648,"comment_status":"closed","ping_status":"open","sticky":false,"template":"","format":"standard","meta":[],"categories":[280],"tags":[],"aioseo_notices":[],"_links":{"self":[{"href":"https:\/\/cuernavaca.gob.mx\/index.php?rest_route=\/wp\/v2\/posts\/58647"}],"collection":[{"href":"https:\/\/cuernavaca.gob.mx\/index.php?rest_route=\/wp\/v2\/posts"}],"about":[{"href":"https:\/\/cuernavaca.gob.mx\/index.php?rest_route=\/wp\/v2\/types\/post"}],"author":[{"embeddable":true,"href":"https:\/\/cuernavaca.gob.mx\/index.php?rest_route=\/wp\/v2\/users\/1"}],"replies":[{"embeddable":true,"href":"https:\/\/cuernavaca.gob.mx\/index.php?rest_route=%2Fwp%2Fv2%2Fcomments&post=58647"}],"version-history":[{"count":1,"href":"https:\/\/cuernavaca.gob.mx\/index.php?rest_route=\/wp\/v2\/posts\/58647\/revisions"}],"predecessor-version":[{"id":58650,"href":"https:\/\/cuernavaca.gob.mx\/index.php?rest_route=\/wp\/v2\/posts\/58647\/revisions\/58650"}],"wp:featuredmedia":[{"embeddable":true,"href":"https:\/\/cuernavaca.gob.mx\/index.php?rest_route=\/wp\/v2\/media\/58648"}],"wp:attachment":[{"href":"https:\/\/cuernavaca.gob.mx\/index.php?rest_route=%2Fwp%2Fv2%2Fmedia&parent=58647"}],"wp:term":[{"taxonomy":"category","embeddable":true,"href":"https:\/\/cuernavaca.gob.mx\/index.php?rest_route=%2Fwp%2Fv2%2Fcategories&post=58647"},{"taxonomy":"post_tag","embeddable":true,"href":"https:\/\/cuernavaca.gob.mx\/index.php?rest_route=%2Fwp%2Fv2%2Ftags&post=58647"}],"curies":[{"name":"wp","href":"https:\/\/api.w.org\/{rel}","templated":true}]}}