{"id":58651,"date":"2026-04-27T08:00:34","date_gmt":"2026-04-27T14:00:34","guid":{"rendered":"https:\/\/cuernavaca.gob.mx\/?p=58651"},"modified":"2026-04-27T09:59:05","modified_gmt":"2026-04-27T15:59:05","slug":"b1134-27-04-26-con-exitoso-concierto-cuernavaca-celebra-a-la-ninez-y-promueve-la-convivencia-familiar","status":"publish","type":"post","link":"https:\/\/cuernavaca.gob.mx\/?p=58651","title":{"rendered":"B1134 27\/04\/26 CON EXITOSO CONCIERTO, CUERNAVACA CELEBRA A LA NI\u00d1EZ Y PROMUEVE LA CONVIVENCIA FAMILIAR"},"content":{"rendered":"<p><strong>* El ensamble de ni\u00f1as, ni\u00f1os y j\u00f3venes de la Academia de M\u00fasica Benning cautiv\u00f3 al p\u00fablico con un emotivo repertorio<\/strong><\/p>\n<p>Entre acordes que evocaron la magia del cine y sonrisas que iluminaron la explanada del Palacio de Cort\u00e9s, Cuernavaca vivi\u00f3 este domingo una jornada profundamente significativa con el concierto &#8220;La m\u00fasica que abraza a las ni\u00f1as y los ni\u00f1os&#8221;, a cargo de la Academia de M\u00fasica Benning y organizado por el Ayuntamiento de Cuernavaca. La actividad reafirm\u00f3 el valor de la cultura como motor de cohesi\u00f3n social, al convertir el espacio p\u00fablico en un punto de encuentro donde el arte se transform\u00f3 en un lenguaje de esperanza, convivencia y comunidad.<\/p>\n<p>Como ocurre cada \u00faltimo domingo del mes, este emblem\u00e1tico recinto hist\u00f3rico se convirti\u00f3 en un escenario vivo, donde ni\u00f1as, ni\u00f1os, adolescentes y j\u00f3venes m\u00fasicos tejieron, nota a nota, un puente entre generaciones. Familias enteras se dieron cita para compartir una experiencia que trascendi\u00f3 lo art\u00edstico, en una tarde que confirm\u00f3 que la cultura en Cuernavaca no solo se observa: se siente, se comparte y permanece en la memoria colectiva.<\/p>\n<p>Bajo la direcci\u00f3n del maestro Tito Quiroz, violinista y promotor cultural, el ensamble ofreci\u00f3 una presentaci\u00f3n que fue m\u00e1s all\u00e1 de la interpretaci\u00f3n musical. Cada pieza construy\u00f3 atm\u00f3sferas, despert\u00f3 emociones y gener\u00f3 ese v\u00ednculo \u00edntimo entre el arte y el p\u00fablico, recordando el poder de la m\u00fasica para inspirar, reunir y sembrar en la ni\u00f1ez el amor por la expresi\u00f3n art\u00edstica.<\/p>\n<p>Este encuentro forma parte del programa &#8220;Tardes de Cultura en Cuernavaca&#8221;, una iniciativa del Gobierno Municipal encabezado por el alcalde Jos\u00e9 Luis Uri\u00f3stegui Salgado, que impulsa el acceso incluyente a la cultura, promoviendo la apropiaci\u00f3n de los espacios p\u00fablicos y fortaleciendo la identidad y el tejido social.<\/p>\n<p>Durante el evento, el alcalde, acompa\u00f1ado de su esposa, Luz Mar\u00eda Zagal Guzm\u00e1n, presidenta del Sistema Municipal DIF Cuernavaca, reconoci\u00f3 el talento y compromiso de la Academia de M\u00fasica Benning y de su fundador, Tito Quiroz, resaltando la importancia de generar espacios donde ni\u00f1as, ni\u00f1os y j\u00f3venes no solo accedan a la cultura, sino que se conviertan en protagonistas de ella.<\/p>\n<p>La Academia de M\u00fasica Benning, con presencia en Morelos y otras entidades del pa\u00eds, se ha consolidado como un referente de transformaci\u00f3n social. Su labor formativa trasciende la ense\u00f1anza musical, al brindar herramientas de disciplina, inclusi\u00f3n y desarrollo personal que impactan positivamente en la vida de las nuevas generaciones.<\/p>\n<p>La jornada cultural comenz\u00f3 incluso antes del primer acorde, con la energ\u00eda y tradici\u00f3n de los chinelos, quienes, con su danza festiva y colorida, recorrieron la explanada del Palacio de Cort\u00e9s y la Plaza General Emiliano Zapata, llenando de identidad y orgullo morelense cada rinc\u00f3n del centro de la ciudad.<\/p>\n<p>El Ayuntamiento de Cuernavaca invita a la ciudadan\u00eda a continuar siendo parte de &#8220;Tardes de Cultura en Cuernavaca&#8221; y disfrutar de su pr\u00f3xima edici\u00f3n el domingo 31 de mayo, reafirmando que la cultura es un derecho y un pilar fundamental para construir una ciudad m\u00e1s unida, viva y participativa.<\/p>\n\n\t\t<style type=\"text\/css\">\n\t\t\t#gallery-1 {\n\t\t\t\tmargin: auto;\n\t\t\t}\n\t\t\t#gallery-1 .gallery-item {\n\t\t\t\tfloat: left;\n\t\t\t\tmargin-top: 10px;\n\t\t\t\ttext-align: center;\n\t\t\t\twidth: 33%;\n\t\t\t}\n\t\t\t#gallery-1 img {\n\t\t\t\tborder: 2px solid #cfcfcf;\n\t\t\t}\n\t\t\t#gallery-1 .gallery-caption {\n\t\t\t\tmargin-left: 0;\n\t\t\t}\n\t\t\t\/* see gallery_shortcode() in wp-includes\/media.php *\/\n\t\t<\/style>\n\t\t<div id='gallery-1' class='gallery galleryid-58651 gallery-columns-3 gallery-size-thumbnail'><dl class='gallery-item'>\n\t\t\t<dt class='gallery-icon landscape'>\n\t\t\t\t<a href='https:\/\/cuernavaca.gob.mx\/?attachment_id=58652'><img width=\"150\" height=\"150\" src=\"https:\/\/cuernavaca.gob.mx\/wp-content\/uploads\/2026\/04\/CON-EXITOSO-CONCIERTO-CUERNAVACA-CELEBRA-A-LA-NIN\u0303EZ-Y-PROMUEVE-LA-CONVIVENCIA-FAMILIAR-1-150x150.jpg\" class=\"attachment-thumbnail size-thumbnail\" alt=\"\" loading=\"lazy\" \/><\/a>\n\t\t\t<\/dt><\/dl><dl class='gallery-item'>\n\t\t\t<dt class='gallery-icon landscape'>\n\t\t\t\t<a href='https:\/\/cuernavaca.gob.mx\/?attachment_id=58653'><img width=\"150\" height=\"150\" src=\"https:\/\/cuernavaca.gob.mx\/wp-content\/uploads\/2026\/04\/CON-EXITOSO-CONCIERTO-CUERNAVACA-CELEBRA-A-LA-NIN\u0303EZ-Y-PROMUEVE-LA-CONVIVENCIA-FAMILIAR-2-150x150.jpg\" class=\"attachment-thumbnail size-thumbnail\" alt=\"\" loading=\"lazy\" \/><\/a>\n\t\t\t<\/dt><\/dl><dl class='gallery-item'>\n\t\t\t<dt class='gallery-icon landscape'>\n\t\t\t\t<a href='https:\/\/cuernavaca.gob.mx\/?attachment_id=58654'><img width=\"150\" height=\"150\" src=\"https:\/\/cuernavaca.gob.mx\/wp-content\/uploads\/2026\/04\/CON-EXITOSO-CONCIERTO-CUERNAVACA-CELEBRA-A-LA-NIN\u0303EZ-Y-PROMUEVE-LA-CONVIVENCIA-FAMILIAR-3-150x150.jpg\" class=\"attachment-thumbnail size-thumbnail\" alt=\"\" loading=\"lazy\" \/><\/a>\n\t\t\t<\/dt><\/dl><br style=\"clear: both\" \/><dl class='gallery-item'>\n\t\t\t<dt class='gallery-icon landscape'>\n\t\t\t\t<a href='https:\/\/cuernavaca.gob.mx\/?attachment_id=58655'><img width=\"150\" height=\"150\" src=\"https:\/\/cuernavaca.gob.mx\/wp-content\/uploads\/2026\/04\/CON-EXITOSO-CONCIERTO-CUERNAVACA-CELEBRA-A-LA-NIN\u0303EZ-Y-PROMUEVE-LA-CONVIVENCIA-FAMILIAR-4-150x150.jpg\" class=\"attachment-thumbnail size-thumbnail\" alt=\"\" loading=\"lazy\" \/><\/a>\n\t\t\t<\/dt><\/dl><dl class='gallery-item'>\n\t\t\t<dt class='gallery-icon landscape'>\n\t\t\t\t<a href='https:\/\/cuernavaca.gob.mx\/?attachment_id=58656'><img width=\"150\" height=\"150\" src=\"https:\/\/cuernavaca.gob.mx\/wp-content\/uploads\/2026\/04\/CON-EXITOSO-CONCIERTO-CUERNAVACA-CELEBRA-A-LA-NIN\u0303EZ-Y-PROMUEVE-LA-CONVIVENCIA-FAMILIAR-5-150x150.jpg\" class=\"attachment-thumbnail size-thumbnail\" alt=\"\" loading=\"lazy\" \/><\/a>\n\t\t\t<\/dt><\/dl><dl class='gallery-item'>\n\t\t\t<dt class='gallery-icon landscape'>\n\t\t\t\t<a href='https:\/\/cuernavaca.gob.mx\/?attachment_id=58657'><img width=\"150\" height=\"150\" src=\"https:\/\/cuernavaca.gob.mx\/wp-content\/uploads\/2026\/04\/CON-EXITOSO-CONCIERTO-CUERNAVACA-CELEBRA-A-LA-NIN\u0303EZ-Y-PROMUEVE-LA-CONVIVENCIA-FAMILIAR-6-150x150.jpg\" class=\"attachment-thumbnail size-thumbnail\" alt=\"\" loading=\"lazy\" \/><\/a>\n\t\t\t<\/dt><\/dl><br style=\"clear: both\" \/><dl class='gallery-item'>\n\t\t\t<dt class='gallery-icon landscape'>\n\t\t\t\t<a href='https:\/\/cuernavaca.gob.mx\/?attachment_id=58658'><img width=\"150\" height=\"150\" src=\"https:\/\/cuernavaca.gob.mx\/wp-content\/uploads\/2026\/04\/CON-EXITOSO-CONCIERTO-CUERNAVACA-CELEBRA-A-LA-NIN\u0303EZ-Y-PROMUEVE-LA-CONVIVENCIA-FAMILIAR-7-150x150.jpg\" class=\"attachment-thumbnail size-thumbnail\" alt=\"\" loading=\"lazy\" \/><\/a>\n\t\t\t<\/dt><\/dl><dl class='gallery-item'>\n\t\t\t<dt class='gallery-icon landscape'>\n\t\t\t\t<a href='https:\/\/cuernavaca.gob.mx\/?attachment_id=58659'><img width=\"150\" height=\"150\" src=\"https:\/\/cuernavaca.gob.mx\/wp-content\/uploads\/2026\/04\/CON-EXITOSO-CONCIERTO-CUERNAVACA-CELEBRA-A-LA-NIN\u0303EZ-Y-PROMUEVE-LA-CONVIVENCIA-FAMILIAR-8-150x150.jpg\" class=\"attachment-thumbnail size-thumbnail\" alt=\"\" loading=\"lazy\" \/><\/a>\n\t\t\t<\/dt><\/dl><dl class='gallery-item'>\n\t\t\t<dt class='gallery-icon landscape'>\n\t\t\t\t<a href='https:\/\/cuernavaca.gob.mx\/?attachment_id=58660'><img width=\"150\" height=\"150\" src=\"https:\/\/cuernavaca.gob.mx\/wp-content\/uploads\/2026\/04\/CON-EXITOSO-CONCIERTO-CUERNAVACA-CELEBRA-A-LA-NIN\u0303EZ-Y-PROMUEVE-LA-CONVIVENCIA-FAMILIAR-9-150x150.jpg\" class=\"attachment-thumbnail size-thumbnail\" alt=\"\" loading=\"lazy\" \/><\/a>\n\t\t\t<\/dt><\/dl><br style=\"clear: both\" \/><dl class='gallery-item'>\n\t\t\t<dt class='gallery-icon landscape'>\n\t\t\t\t<a href='https:\/\/cuernavaca.gob.mx\/?attachment_id=58661'><img width=\"150\" height=\"150\" src=\"https:\/\/cuernavaca.gob.mx\/wp-content\/uploads\/2026\/04\/CON-EXITOSO-CONCIERTO-CUERNAVACA-CELEBRA-A-LA-NIN\u0303EZ-Y-PROMUEVE-LA-CONVIVENCIA-FAMILIAR-10-150x150.jpg\" class=\"attachment-thumbnail size-thumbnail\" alt=\"\" loading=\"lazy\" \/><\/a>\n\t\t\t<\/dt><\/dl><dl class='gallery-item'>\n\t\t\t<dt class='gallery-icon landscape'>\n\t\t\t\t<a href='https:\/\/cuernavaca.gob.mx\/?attachment_id=58662'><img width=\"150\" height=\"150\" src=\"https:\/\/cuernavaca.gob.mx\/wp-content\/uploads\/2026\/04\/CON-EXITOSO-CONCIERTO-CUERNAVACA-CELEBRA-A-LA-NIN\u0303EZ-Y-PROMUEVE-LA-CONVIVENCIA-FAMILIAR-11-150x150.jpg\" class=\"attachment-thumbnail size-thumbnail\" alt=\"\" loading=\"lazy\" \/><\/a>\n\t\t\t<\/dt><\/dl><dl class='gallery-item'>\n\t\t\t<dt class='gallery-icon landscape'>\n\t\t\t\t<a href='https:\/\/cuernavaca.gob.mx\/?attachment_id=58663'><img width=\"150\" height=\"150\" src=\"https:\/\/cuernavaca.gob.mx\/wp-content\/uploads\/2026\/04\/CON-EXITOSO-CONCIERTO-CUERNAVACA-CELEBRA-A-LA-NIN\u0303EZ-Y-PROMUEVE-LA-CONVIVENCIA-FAMILIAR-12-150x150.jpg\" class=\"attachment-thumbnail size-thumbnail\" alt=\"\" loading=\"lazy\" \/><\/a>\n\t\t\t<\/dt><\/dl><br style=\"clear: both\" \/><dl class='gallery-item'>\n\t\t\t<dt class='gallery-icon landscape'>\n\t\t\t\t<a href='https:\/\/cuernavaca.gob.mx\/?attachment_id=58664'><img width=\"150\" height=\"150\" src=\"https:\/\/cuernavaca.gob.mx\/wp-content\/uploads\/2026\/04\/CON-EXITOSO-CONCIERTO-CUERNAVACA-CELEBRA-A-LA-NIN\u0303EZ-Y-PROMUEVE-LA-CONVIVENCIA-FAMILIAR-13-150x150.jpg\" class=\"attachment-thumbnail size-thumbnail\" alt=\"\" loading=\"lazy\" \/><\/a>\n\t\t\t<\/dt><\/dl><dl class='gallery-item'>\n\t\t\t<dt class='gallery-icon landscape'>\n\t\t\t\t<a href='https:\/\/cuernavaca.gob.mx\/?attachment_id=58665'><img width=\"150\" height=\"150\" src=\"https:\/\/cuernavaca.gob.mx\/wp-content\/uploads\/2026\/04\/CON-EXITOSO-CONCIERTO-CUERNAVACA-CELEBRA-A-LA-NIN\u0303EZ-Y-PROMUEVE-LA-CONVIVENCIA-FAMILIAR-14-150x150.jpg\" class=\"attachment-thumbnail size-thumbnail\" alt=\"\" loading=\"lazy\" \/><\/a>\n\t\t\t<\/dt><\/dl><dl class='gallery-item'>\n\t\t\t<dt class='gallery-icon landscape'>\n\t\t\t\t<a href='https:\/\/cuernavaca.gob.mx\/?attachment_id=58666'><img width=\"150\" height=\"150\" src=\"https:\/\/cuernavaca.gob.mx\/wp-content\/uploads\/2026\/04\/CON-EXITOSO-CONCIERTO-CUERNAVACA-CELEBRA-A-LA-NIN\u0303EZ-Y-PROMUEVE-LA-CONVIVENCIA-FAMILIAR-15-150x150.jpg\" class=\"attachment-thumbnail size-thumbnail\" alt=\"\" loading=\"lazy\" \/><\/a>\n\t\t\t<\/dt><\/dl><br style=\"clear: both\" \/><dl class='gallery-item'>\n\t\t\t<dt class='gallery-icon landscape'>\n\t\t\t\t<a href='https:\/\/cuernavaca.gob.mx\/?attachment_id=58667'><img width=\"150\" height=\"150\" src=\"https:\/\/cuernavaca.gob.mx\/wp-content\/uploads\/2026\/04\/CON-EXITOSO-CONCIERTO-CUERNAVACA-CELEBRA-A-LA-NIN\u0303EZ-Y-PROMUEVE-LA-CONVIVENCIA-FAMILIAR-16-150x150.jpg\" class=\"attachment-thumbnail size-thumbnail\" alt=\"\" loading=\"lazy\" \/><\/a>\n\t\t\t<\/dt><\/dl><dl class='gallery-item'>\n\t\t\t<dt class='gallery-icon landscape'>\n\t\t\t\t<a href='https:\/\/cuernavaca.gob.mx\/?attachment_id=58668'><img width=\"150\" height=\"150\" src=\"https:\/\/cuernavaca.gob.mx\/wp-content\/uploads\/2026\/04\/CON-EXITOSO-CONCIERTO-CUERNAVACA-CELEBRA-A-LA-NIN\u0303EZ-Y-PROMUEVE-LA-CONVIVENCIA-FAMILIAR-17-150x150.jpg\" class=\"attachment-thumbnail size-thumbnail\" alt=\"\" loading=\"lazy\" \/><\/a>\n\t\t\t<\/dt><\/dl><dl class='gallery-item'>\n\t\t\t<dt class='gallery-icon landscape'>\n\t\t\t\t<a href='https:\/\/cuernavaca.gob.mx\/?attachment_id=58669'><img width=\"150\" height=\"150\" src=\"https:\/\/cuernavaca.gob.mx\/wp-content\/uploads\/2026\/04\/CON-EXITOSO-CONCIERTO-CUERNAVACA-CELEBRA-A-LA-NIN\u0303EZ-Y-PROMUEVE-LA-CONVIVENCIA-FAMILIAR-18-150x150.jpg\" class=\"attachment-thumbnail size-thumbnail\" alt=\"\" loading=\"lazy\" \/><\/a>\n\t\t\t<\/dt><\/dl><br style=\"clear: both\" \/><dl class='gallery-item'>\n\t\t\t<dt class='gallery-icon landscape'>\n\t\t\t\t<a href='https:\/\/cuernavaca.gob.mx\/?attachment_id=58670'><img width=\"150\" height=\"150\" src=\"https:\/\/cuernavaca.gob.mx\/wp-content\/uploads\/2026\/04\/CON-EXITOSO-CONCIERTO-CUERNAVACA-CELEBRA-A-LA-NIN\u0303EZ-Y-PROMUEVE-LA-CONVIVENCIA-FAMILIAR-19-150x150.jpg\" class=\"attachment-thumbnail size-thumbnail\" alt=\"\" loading=\"lazy\" \/><\/a>\n\t\t\t<\/dt><\/dl><dl class='gallery-item'>\n\t\t\t<dt class='gallery-icon landscape'>\n\t\t\t\t<a href='https:\/\/cuernavaca.gob.mx\/?attachment_id=58671'><img width=\"150\" height=\"150\" src=\"https:\/\/cuernavaca.gob.mx\/wp-content\/uploads\/2026\/04\/CON-EXITOSO-CONCIERTO-CUERNAVACA-CELEBRA-A-LA-NIN\u0303EZ-Y-PROMUEVE-LA-CONVIVENCIA-FAMILIAR-20-150x150.jpg\" class=\"attachment-thumbnail size-thumbnail\" alt=\"\" loading=\"lazy\" \/><\/a>\n\t\t\t<\/dt><\/dl><dl class='gallery-item'>\n\t\t\t<dt class='gallery-icon landscape'>\n\t\t\t\t<a href='https:\/\/cuernavaca.gob.mx\/?attachment_id=58672'><img width=\"150\" height=\"150\" src=\"https:\/\/cuernavaca.gob.mx\/wp-content\/uploads\/2026\/04\/CON-EXITOSO-CONCIERTO-CUERNAVACA-CELEBRA-A-LA-NIN\u0303EZ-Y-PROMUEVE-LA-CONVIVENCIA-FAMILIAR-21-150x150.jpg\" class=\"attachment-thumbnail size-thumbnail\" alt=\"\" loading=\"lazy\" \/><\/a>\n\t\t\t<\/dt><\/dl><br style=\"clear: both\" \/><dl class='gallery-item'>\n\t\t\t<dt class='gallery-icon landscape'>\n\t\t\t\t<a href='https:\/\/cuernavaca.gob.mx\/?attachment_id=58673'><img width=\"150\" height=\"150\" src=\"https:\/\/cuernavaca.gob.mx\/wp-content\/uploads\/2026\/04\/CON-EXITOSO-CONCIERTO-CUERNAVACA-CELEBRA-A-LA-NIN\u0303EZ-Y-PROMUEVE-LA-CONVIVENCIA-FAMILIAR-22-150x150.jpg\" class=\"attachment-thumbnail size-thumbnail\" alt=\"\" loading=\"lazy\" \/><\/a>\n\t\t\t<\/dt><\/dl><dl class='gallery-item'>\n\t\t\t<dt class='gallery-icon landscape'>\n\t\t\t\t<a href='https:\/\/cuernavaca.gob.mx\/?attachment_id=58674'><img width=\"150\" height=\"150\" src=\"https:\/\/cuernavaca.gob.mx\/wp-content\/uploads\/2026\/04\/CON-EXITOSO-CONCIERTO-CUERNAVACA-CELEBRA-A-LA-NIN\u0303EZ-Y-PROMUEVE-LA-CONVIVENCIA-FAMILIAR-23-150x150.jpg\" class=\"attachment-thumbnail size-thumbnail\" alt=\"\" loading=\"lazy\" \/><\/a>\n\t\t\t<\/dt><\/dl><dl class='gallery-item'>\n\t\t\t<dt class='gallery-icon landscape'>\n\t\t\t\t<a href='https:\/\/cuernavaca.gob.mx\/?attachment_id=58675'><img width=\"150\" height=\"150\" src=\"https:\/\/cuernavaca.gob.mx\/wp-content\/uploads\/2026\/04\/CON-EXITOSO-CONCIERTO-CUERNAVACA-CELEBRA-A-LA-NIN\u0303EZ-Y-PROMUEVE-LA-CONVIVENCIA-FAMILIAR-24-150x150.jpg\" class=\"attachment-thumbnail size-thumbnail\" alt=\"\" loading=\"lazy\" \/><\/a>\n\t\t\t<\/dt><\/dl><br style=\"clear: both\" \/><dl class='gallery-item'>\n\t\t\t<dt class='gallery-icon landscape'>\n\t\t\t\t<a href='https:\/\/cuernavaca.gob.mx\/?attachment_id=58676'><img width=\"150\" height=\"150\" src=\"https:\/\/cuernavaca.gob.mx\/wp-content\/uploads\/2026\/04\/CON-EXITOSO-CONCIERTO-CUERNAVACA-CELEBRA-A-LA-NIN\u0303EZ-Y-PROMUEVE-LA-CONVIVENCIA-FAMILIAR-25-150x150.jpg\" class=\"attachment-thumbnail size-thumbnail\" alt=\"\" loading=\"lazy\" \/><\/a>\n\t\t\t<\/dt><\/dl>\n\t\t\t<br style='clear: both' \/>\n\t\t<\/div>\n\n","protected":false},"excerpt":{"rendered":"<p>* El ensamble de ni\u00f1as, ni\u00f1os y j\u00f3venes de la Academia de M\u00fasica Benning cautiv\u00f3 al p\u00fablico con un emotivo repertorio Entre acordes que evocaron la magia del cine y sonrisas que iluminaron la explanada del Palacio de Cort\u00e9s, Cuernavaca vivi\u00f3 este domingo una jornada profundamente significativa con el concierto &#8220;La m\u00fasica que abraza a [&hellip;]<\/p>\n","protected":false},"author":1,"featured_media":58676,"comment_status":"closed","ping_status":"open","sticky":false,"template":"","format":"standard","meta":[],"categories":[2292],"tags":[],"aioseo_notices":[],"_links":{"self":[{"href":"https:\/\/cuernavaca.gob.mx\/index.php?rest_route=\/wp\/v2\/posts\/58651"}],"collection":[{"href":"https:\/\/cuernavaca.gob.mx\/index.php?rest_route=\/wp\/v2\/posts"}],"about":[{"href":"https:\/\/cuernavaca.gob.mx\/index.php?rest_route=\/wp\/v2\/types\/post"}],"author":[{"embeddable":true,"href":"https:\/\/cuernavaca.gob.mx\/index.php?rest_route=\/wp\/v2\/users\/1"}],"replies":[{"embeddable":true,"href":"https:\/\/cuernavaca.gob.mx\/index.php?rest_route=%2Fwp%2Fv2%2Fcomments&post=58651"}],"version-history":[{"count":1,"href":"https:\/\/cuernavaca.gob.mx\/index.php?rest_route=\/wp\/v2\/posts\/58651\/revisions"}],"predecessor-version":[{"id":58677,"href":"https:\/\/cuernavaca.gob.mx\/index.php?rest_route=\/wp\/v2\/posts\/58651\/revisions\/58677"}],"wp:featuredmedia":[{"embeddable":true,"href":"https:\/\/cuernavaca.gob.mx\/index.php?rest_route=\/wp\/v2\/media\/58676"}],"wp:attachment":[{"href":"https:\/\/cuernavaca.gob.mx\/index.php?rest_route=%2Fwp%2Fv2%2Fmedia&parent=58651"}],"wp:term":[{"taxonomy":"category","embeddable":true,"href":"https:\/\/cuernavaca.gob.mx\/index.php?rest_route=%2Fwp%2Fv2%2Fcategories&post=58651"},{"taxonomy":"post_tag","embeddable":true,"href":"https:\/\/cuernavaca.gob.mx\/index.php?rest_route=%2Fwp%2Fv2%2Ftags&post=58651"}],"curies":[{"name":"wp","href":"https:\/\/api.w.org\/{rel}","templated":true}]}}