{"id":58678,"date":"2026-04-27T10:35:35","date_gmt":"2026-04-27T16:35:35","guid":{"rendered":"https:\/\/cuernavaca.gob.mx\/?p=58678"},"modified":"2026-04-27T13:09:55","modified_gmt":"2026-04-27T19:09:55","slug":"b1136-27-04-26-gobierno-municipal-arranca-programa-integral-iluminando-cuernavaca","status":"publish","type":"post","link":"https:\/\/cuernavaca.gob.mx\/?p=58678","title":{"rendered":"B1136 27\/04\/26 GOBIERNO MUNICIPAL ARRANCA PROGRAMA INTEGRAL &#8220;ILUMINANDO CUERNAVACA&#8221;"},"content":{"rendered":"<p>\u2022 Las jornadas de trabajo diurnas y nocturnas iniciar\u00e1n en vialidades prioritarias como Avenida Teopanzolco, Cuauhn\u00e1huac, Vicente Guerrero y Domingo Diez<\/p>\n<p>La Secretar\u00eda de Desarrollo Sustentable y Servicios P\u00fablicos (SDSySP), a trav\u00e9s de la Direcci\u00f3n de Servicios Urbanos, puso en marcha el programa de iluminaci\u00f3n integral con el objetivo de mejorar la seguridad, la movilidad y la imagen urbana en la capital.<\/p>\n<p>Esta estrategia contempla la intervenci\u00f3n progresiva de las principales avenidas mediante jornadas de trabajo diurnas y nocturnas, lo que permitir\u00e1 reducir los tiempos de atenci\u00f3n y avanzar con mayor eficiencia, garantizando en cada caso la cobertura total de las vialidades y resultados visibles para la ciudadan\u00eda.<\/p>\n<p>El programa iniciar\u00e1 en vialidades prioritarias como Avenida Teopanzolco, Cuauhn\u00e1huac, Vicente Guerrero y Domingo Diez, entre otras, para posteriormente extenderse a m\u00e1s zonas del municipio hasta lograr una cobertura m\u00e1s amplia.<\/p>\n<p>Estas acciones no afectan la atenci\u00f3n cotidiana en colonias, ya que otras brigadas continuar\u00e1n con la atenci\u00f3n de reportes ciudadanos y labores habituales de mantenimiento.<\/p>\n<p>Con este esfuerzo, el Gobierno Municipal refrenda su compromiso de avanzar hacia un Cuernavaca mejor iluminado, m\u00e1s seguro y ordenado para todas y todos.<\/p>\n\n\t\t<style type=\"text\/css\">\n\t\t\t#gallery-1 {\n\t\t\t\tmargin: auto;\n\t\t\t}\n\t\t\t#gallery-1 .gallery-item {\n\t\t\t\tfloat: left;\n\t\t\t\tmargin-top: 10px;\n\t\t\t\ttext-align: center;\n\t\t\t\twidth: 33%;\n\t\t\t}\n\t\t\t#gallery-1 img {\n\t\t\t\tborder: 2px solid #cfcfcf;\n\t\t\t}\n\t\t\t#gallery-1 .gallery-caption {\n\t\t\t\tmargin-left: 0;\n\t\t\t}\n\t\t\t\/* see gallery_shortcode() in wp-includes\/media.php *\/\n\t\t<\/style>\n\t\t<div id='gallery-1' class='gallery galleryid-58678 gallery-columns-3 gallery-size-thumbnail'><dl class='gallery-item'>\n\t\t\t<dt class='gallery-icon landscape'>\n\t\t\t\t<a href='https:\/\/cuernavaca.gob.mx\/?attachment_id=58679'><img width=\"150\" height=\"150\" src=\"https:\/\/cuernavaca.gob.mx\/wp-content\/uploads\/2026\/04\/GOBIERNO-MUNICIPAL-ARRANCA-PROGRAMA-INTEGRAL-22ILUMINANDO-CUERNAVACA22-1-150x150.jpg\" class=\"attachment-thumbnail size-thumbnail\" alt=\"\" loading=\"lazy\" \/><\/a>\n\t\t\t<\/dt><\/dl><dl class='gallery-item'>\n\t\t\t<dt class='gallery-icon landscape'>\n\t\t\t\t<a href='https:\/\/cuernavaca.gob.mx\/?attachment_id=58680'><img width=\"150\" height=\"150\" src=\"https:\/\/cuernavaca.gob.mx\/wp-content\/uploads\/2026\/04\/GOBIERNO-MUNICIPAL-ARRANCA-PROGRAMA-INTEGRAL-22ILUMINANDO-CUERNAVACA22-2-150x150.jpg\" class=\"attachment-thumbnail size-thumbnail\" alt=\"\" loading=\"lazy\" \/><\/a>\n\t\t\t<\/dt><\/dl><dl class='gallery-item'>\n\t\t\t<dt class='gallery-icon landscape'>\n\t\t\t\t<a href='https:\/\/cuernavaca.gob.mx\/?attachment_id=58681'><img width=\"150\" height=\"150\" src=\"https:\/\/cuernavaca.gob.mx\/wp-content\/uploads\/2026\/04\/GOBIERNO-MUNICIPAL-ARRANCA-PROGRAMA-INTEGRAL-22ILUMINANDO-CUERNAVACA22-3-150x150.jpg\" class=\"attachment-thumbnail size-thumbnail\" alt=\"\" loading=\"lazy\" \/><\/a>\n\t\t\t<\/dt><\/dl><br style=\"clear: both\" \/><dl class='gallery-item'>\n\t\t\t<dt class='gallery-icon landscape'>\n\t\t\t\t<a href='https:\/\/cuernavaca.gob.mx\/?attachment_id=58682'><img width=\"150\" height=\"150\" src=\"https:\/\/cuernavaca.gob.mx\/wp-content\/uploads\/2026\/04\/GOBIERNO-MUNICIPAL-ARRANCA-PROGRAMA-INTEGRAL-22ILUMINANDO-CUERNAVACA22-4-150x150.jpg\" class=\"attachment-thumbnail size-thumbnail\" alt=\"\" loading=\"lazy\" \/><\/a>\n\t\t\t<\/dt><\/dl><dl class='gallery-item'>\n\t\t\t<dt class='gallery-icon landscape'>\n\t\t\t\t<a href='https:\/\/cuernavaca.gob.mx\/?attachment_id=58683'><img width=\"150\" height=\"150\" src=\"https:\/\/cuernavaca.gob.mx\/wp-content\/uploads\/2026\/04\/GOBIERNO-MUNICIPAL-ARRANCA-PROGRAMA-INTEGRAL-22ILUMINANDO-CUERNAVACA22-5-150x150.jpg\" class=\"attachment-thumbnail size-thumbnail\" alt=\"\" loading=\"lazy\" \/><\/a>\n\t\t\t<\/dt><\/dl><dl class='gallery-item'>\n\t\t\t<dt class='gallery-icon landscape'>\n\t\t\t\t<a href='https:\/\/cuernavaca.gob.mx\/?attachment_id=58684'><img width=\"150\" height=\"150\" src=\"https:\/\/cuernavaca.gob.mx\/wp-content\/uploads\/2026\/04\/GOBIERNO-MUNICIPAL-ARRANCA-PROGRAMA-INTEGRAL-22ILUMINANDO-CUERNAVACA22-6-150x150.jpg\" class=\"attachment-thumbnail size-thumbnail\" alt=\"\" loading=\"lazy\" \/><\/a>\n\t\t\t<\/dt><\/dl><br style=\"clear: both\" \/>\n\t\t<\/div>\n\n","protected":false},"excerpt":{"rendered":"<p>\u2022 Las jornadas de trabajo diurnas y nocturnas iniciar\u00e1n en vialidades prioritarias como Avenida Teopanzolco, Cuauhn\u00e1huac, Vicente Guerrero y Domingo Diez La Secretar\u00eda de Desarrollo Sustentable y Servicios P\u00fablicos (SDSySP), a trav\u00e9s de la Direcci\u00f3n de Servicios Urbanos, puso en marcha el programa de iluminaci\u00f3n integral con el objetivo de mejorar la seguridad, la movilidad [&hellip;]<\/p>\n","protected":false},"author":1,"featured_media":58681,"comment_status":"closed","ping_status":"open","sticky":false,"template":"","format":"standard","meta":[],"categories":[2271],"tags":[],"aioseo_notices":[],"_links":{"self":[{"href":"https:\/\/cuernavaca.gob.mx\/index.php?rest_route=\/wp\/v2\/posts\/58678"}],"collection":[{"href":"https:\/\/cuernavaca.gob.mx\/index.php?rest_route=\/wp\/v2\/posts"}],"about":[{"href":"https:\/\/cuernavaca.gob.mx\/index.php?rest_route=\/wp\/v2\/types\/post"}],"author":[{"embeddable":true,"href":"https:\/\/cuernavaca.gob.mx\/index.php?rest_route=\/wp\/v2\/users\/1"}],"replies":[{"embeddable":true,"href":"https:\/\/cuernavaca.gob.mx\/index.php?rest_route=%2Fwp%2Fv2%2Fcomments&post=58678"}],"version-history":[{"count":1,"href":"https:\/\/cuernavaca.gob.mx\/index.php?rest_route=\/wp\/v2\/posts\/58678\/revisions"}],"predecessor-version":[{"id":58685,"href":"https:\/\/cuernavaca.gob.mx\/index.php?rest_route=\/wp\/v2\/posts\/58678\/revisions\/58685"}],"wp:featuredmedia":[{"embeddable":true,"href":"https:\/\/cuernavaca.gob.mx\/index.php?rest_route=\/wp\/v2\/media\/58681"}],"wp:attachment":[{"href":"https:\/\/cuernavaca.gob.mx\/index.php?rest_route=%2Fwp%2Fv2%2Fmedia&parent=58678"}],"wp:term":[{"taxonomy":"category","embeddable":true,"href":"https:\/\/cuernavaca.gob.mx\/index.php?rest_route=%2Fwp%2Fv2%2Fcategories&post=58678"},{"taxonomy":"post_tag","embeddable":true,"href":"https:\/\/cuernavaca.gob.mx\/index.php?rest_route=%2Fwp%2Fv2%2Ftags&post=58678"}],"curies":[{"name":"wp","href":"https:\/\/api.w.org\/{rel}","templated":true}]}}