{"id":58686,"date":"2026-04-27T12:00:18","date_gmt":"2026-04-27T18:00:18","guid":{"rendered":"https:\/\/cuernavaca.gob.mx\/?p=58686"},"modified":"2026-04-27T13:28:31","modified_gmt":"2026-04-27T19:28:31","slug":"b1137-27-04-26-cuernavaca-aclara-intervencion-arborea-y-refuerza-medidas-ambientales","status":"publish","type":"post","link":"https:\/\/cuernavaca.gob.mx\/?p=58686","title":{"rendered":"B1137 27\/04\/26 CUERNAVACA ACLARA INTERVENCI\u00d3N ARB\u00d3REA Y REFUERZA MEDIDAS AMBIENTALES"},"content":{"rendered":"<p><strong>\u2022 La Direcci\u00f3n General de Desarrollo Sustentable inform\u00f3 que el retiro de dos ficus en Vista Hermosa fue por afectaciones fitosanitarias y contempla su sustituci\u00f3n inmediata por especies nativas<\/strong><\/p>\n<p>Como parte de una pol\u00edtica ambiental integral, el Ayuntamiento de Cuernavaca contin\u00faa impulsando acciones estrat\u00e9gicas para la restauraci\u00f3n de sus ecosistemas urbanos, priorizando la sustituci\u00f3n de especies ex\u00f3ticas por \u00e1rboles nativos, con el objetivo de fortalecer la biodiversidad y mejorar los servicios ambientales en la ciudad.<\/p>\n<p>En atenci\u00f3n a inquietudes ciudadanas difundidas en redes sociales sobre la intervenci\u00f3n en la colonia Vista Hermosa, en la intersecci\u00f3n de las calles R\u00edo P\u00e1nuco y R\u00edo Chico, la Direcci\u00f3n General de Desarrollo Sustentable inform\u00f3 que se autoriz\u00f3 el retiro de dos \u00e1rboles de la especie ficus, derivado de afectaciones fitosanitarias detectadas.<\/p>\n<p>El titular de la dependencia, Jos\u00e9 Alfredo Rodr\u00edguez San Cipri\u00e1n, detall\u00f3 que, tras la revisi\u00f3n del expediente t\u00e9cnico, se identific\u00f3 que dichos ejemplares presentaban signos iniciales de infestaci\u00f3n asociados a plagas que preceden al denominado hongo negro, problem\u00e1tica que ha impactado de manera significativa el arbolado urbano en distintas zonas del municipio.<\/p>\n<p>No obstante, precis\u00f3 que el dictamen t\u00e9cnico que sustent\u00f3 la autorizaci\u00f3n pudo haber sido fortalecido, al no ser concluyente respecto a la inmediatez del retiro, ya que los \u00e1rboles a\u00fan contaban con un periodo estimado de vida. En este sentido, subray\u00f3 que la dependencia mantiene un proceso permanente de mejora en sus criterios t\u00e9cnicos y administrativos, privilegiando decisiones responsables y sustentadas.<\/p>\n<p>Puntualiz\u00f3 que la autorizaci\u00f3n emitida contempl\u00f3 desde su origen la sustituci\u00f3n inmediata de los ejemplares retirados, mediante la plantaci\u00f3n de \u00e1rboles nativos del ecosistema local, con una altura aproximada de entre tres y cuatro metros, a fin de mitigar el impacto ambiental y fortalecer la biodiversidad urbana.<\/p>\n<p>Esta estrategia se encuentra alineada con recomendaciones de organismos internacionales como la Organizaci\u00f3n de las Naciones Unidas (ONU), que en el marco de la D\u00e9cada de la Restauraci\u00f3n de los Ecosistemas 2021\u20132030 impulsa la sustituci\u00f3n progresiva de especies ex\u00f3ticas por nativas para recuperar los ciclos ecol\u00f3gicos y fortalecer los servicios ambientales.<\/p>\n<p>En este sentido, record\u00f3 que Cuernavaca ha enfrentado la p\u00e9rdida de un importante porcentaje de su arbolado debido a plagas y enfermedades, por lo que se han intensificado las acciones de reforestaci\u00f3n urbana. Tan solo en el \u00faltimo a\u00f1o, se plantaron m\u00e1s de mil 400 \u00e1rboles en espacios p\u00fablicos como parte de una pol\u00edtica integral de recuperaci\u00f3n ambiental.<\/p>\n<p>El Gobierno Municipal reafirma que cada acci\u00f3n en materia ambiental responde a criterios t\u00e9cnicos y a una visi\u00f3n de largo plazo, orientada a consolidar a Cuernavaca como una ciudad m\u00e1s verde, resiliente y comprometida con el cuidado de su entorno natural.<\/p>\n\n\t\t<style type=\"text\/css\">\n\t\t\t#gallery-1 {\n\t\t\t\tmargin: auto;\n\t\t\t}\n\t\t\t#gallery-1 .gallery-item {\n\t\t\t\tfloat: left;\n\t\t\t\tmargin-top: 10px;\n\t\t\t\ttext-align: center;\n\t\t\t\twidth: 33%;\n\t\t\t}\n\t\t\t#gallery-1 img {\n\t\t\t\tborder: 2px solid #cfcfcf;\n\t\t\t}\n\t\t\t#gallery-1 .gallery-caption {\n\t\t\t\tmargin-left: 0;\n\t\t\t}\n\t\t\t\/* see gallery_shortcode() in wp-includes\/media.php *\/\n\t\t<\/style>\n\t\t<div id='gallery-1' class='gallery galleryid-58686 gallery-columns-3 gallery-size-thumbnail'><dl class='gallery-item'>\n\t\t\t<dt class='gallery-icon landscape'>\n\t\t\t\t<a href='https:\/\/cuernavaca.gob.mx\/?attachment_id=58687'><img width=\"150\" height=\"150\" src=\"https:\/\/cuernavaca.gob.mx\/wp-content\/uploads\/2026\/04\/CUERNAVACA-ACLARA-INTERVENCIO\u0301N-ARBO\u0301REA-Y-REFUERZA-MEDIDAS-AMBIENTALES-1-150x150.jpg\" class=\"attachment-thumbnail size-thumbnail\" alt=\"\" loading=\"lazy\" \/><\/a>\n\t\t\t<\/dt><\/dl><dl class='gallery-item'>\n\t\t\t<dt class='gallery-icon landscape'>\n\t\t\t\t<a href='https:\/\/cuernavaca.gob.mx\/?attachment_id=58688'><img width=\"150\" height=\"150\" src=\"https:\/\/cuernavaca.gob.mx\/wp-content\/uploads\/2026\/04\/CUERNAVACA-ACLARA-INTERVENCIO\u0301N-ARBO\u0301REA-Y-REFUERZA-MEDIDAS-AMBIENTALES-2-150x150.jpg\" class=\"attachment-thumbnail size-thumbnail\" alt=\"\" loading=\"lazy\" \/><\/a>\n\t\t\t<\/dt><\/dl><dl class='gallery-item'>\n\t\t\t<dt class='gallery-icon landscape'>\n\t\t\t\t<a href='https:\/\/cuernavaca.gob.mx\/?attachment_id=58689'><img width=\"150\" height=\"150\" src=\"https:\/\/cuernavaca.gob.mx\/wp-content\/uploads\/2026\/04\/CUERNAVACA-ACLARA-INTERVENCIO\u0301N-ARBO\u0301REA-Y-REFUERZA-MEDIDAS-AMBIENTALES-3-150x150.jpg\" class=\"attachment-thumbnail size-thumbnail\" alt=\"\" loading=\"lazy\" \/><\/a>\n\t\t\t<\/dt><\/dl><br style=\"clear: both\" \/><dl class='gallery-item'>\n\t\t\t<dt class='gallery-icon landscape'>\n\t\t\t\t<a href='https:\/\/cuernavaca.gob.mx\/?attachment_id=58690'><img width=\"150\" height=\"150\" src=\"https:\/\/cuernavaca.gob.mx\/wp-content\/uploads\/2026\/04\/CUERNAVACA-ACLARA-INTERVENCIO\u0301N-ARBO\u0301REA-Y-REFUERZA-MEDIDAS-AMBIENTALES-4-150x150.jpg\" class=\"attachment-thumbnail size-thumbnail\" alt=\"\" loading=\"lazy\" \/><\/a>\n\t\t\t<\/dt><\/dl>\n\t\t\t<br style='clear: both' \/>\n\t\t<\/div>\n\n<p>&nbsp;<\/p>\n","protected":false},"excerpt":{"rendered":"<p>\u2022 La Direcci\u00f3n General de Desarrollo Sustentable inform\u00f3 que el retiro de dos ficus en Vista Hermosa fue por afectaciones fitosanitarias y contempla su sustituci\u00f3n inmediata por especies nativas Como parte de una pol\u00edtica ambiental integral, el Ayuntamiento de Cuernavaca contin\u00faa impulsando acciones estrat\u00e9gicas para la restauraci\u00f3n de sus ecosistemas urbanos, priorizando la sustituci\u00f3n de [&hellip;]<\/p>\n","protected":false},"author":1,"featured_media":58688,"comment_status":"closed","ping_status":"open","sticky":false,"template":"","format":"standard","meta":[],"categories":[2271],"tags":[],"aioseo_notices":[],"_links":{"self":[{"href":"https:\/\/cuernavaca.gob.mx\/index.php?rest_route=\/wp\/v2\/posts\/58686"}],"collection":[{"href":"https:\/\/cuernavaca.gob.mx\/index.php?rest_route=\/wp\/v2\/posts"}],"about":[{"href":"https:\/\/cuernavaca.gob.mx\/index.php?rest_route=\/wp\/v2\/types\/post"}],"author":[{"embeddable":true,"href":"https:\/\/cuernavaca.gob.mx\/index.php?rest_route=\/wp\/v2\/users\/1"}],"replies":[{"embeddable":true,"href":"https:\/\/cuernavaca.gob.mx\/index.php?rest_route=%2Fwp%2Fv2%2Fcomments&post=58686"}],"version-history":[{"count":1,"href":"https:\/\/cuernavaca.gob.mx\/index.php?rest_route=\/wp\/v2\/posts\/58686\/revisions"}],"predecessor-version":[{"id":58691,"href":"https:\/\/cuernavaca.gob.mx\/index.php?rest_route=\/wp\/v2\/posts\/58686\/revisions\/58691"}],"wp:featuredmedia":[{"embeddable":true,"href":"https:\/\/cuernavaca.gob.mx\/index.php?rest_route=\/wp\/v2\/media\/58688"}],"wp:attachment":[{"href":"https:\/\/cuernavaca.gob.mx\/index.php?rest_route=%2Fwp%2Fv2%2Fmedia&parent=58686"}],"wp:term":[{"taxonomy":"category","embeddable":true,"href":"https:\/\/cuernavaca.gob.mx\/index.php?rest_route=%2Fwp%2Fv2%2Fcategories&post=58686"},{"taxonomy":"post_tag","embeddable":true,"href":"https:\/\/cuernavaca.gob.mx\/index.php?rest_route=%2Fwp%2Fv2%2Ftags&post=58686"}],"curies":[{"name":"wp","href":"https:\/\/api.w.org\/{rel}","templated":true}]}}