{"id":58694,"date":"2026-04-28T08:00:20","date_gmt":"2026-04-28T14:00:20","guid":{"rendered":"https:\/\/cuernavaca.gob.mx\/?p=58694"},"modified":"2026-04-28T11:17:07","modified_gmt":"2026-04-28T17:17:07","slug":"b1138-28-04-26-refuerzan-seguridad-en-milpillas-con-operativo-interinstitucional","status":"publish","type":"post","link":"https:\/\/cuernavaca.gob.mx\/?p=58694","title":{"rendered":"B1138 28\/04\/26 REFUERZAN SEGURIDAD EN MILPILLAS CON OPERATIVO INTERINSTITUCIONAL"},"content":{"rendered":"<p><strong>* Acci\u00f3n derivada de una petici\u00f3n ciudadana surgida durante el Cabildo Abierto en la colonia Alta Vista<\/strong><\/p>\n<p>Derivado de las peticiones surgidas durante el Cabildo Abierto realizado en la colonia Alta Vista, el secretario de Protecci\u00f3n y Auxilio Ciudadano, Pablo Nivardo Aguilera Casados, atendi\u00f3 de manera inmediata la problem\u00e1tica expuesta por habitantes de la colonia Milpillas.<\/p>\n<p>Como parte de la atenci\u00f3n, se llev\u00f3 a cabo un recorrido por la zona, donde se escucharon de primera mano las inquietudes de las y los vecinos, reiterando el compromiso de fortalecer la seguridad mediante la implementaci\u00f3n de operativos permanentes.<\/p>\n<p>En este sentido, a las 16:00 horas de este viernes se realiz\u00f3 un operativo interinstitucional, teniendo como punto de partida la autopista M\u00e9xico\u2013Acapulco, a la altura del gasoducto en la colonia Para\u00edso Montessori, extendiendo los recorridos de vigilancia a las colonias Milpillas y Universo.<\/p>\n<p>Con estas acciones, se refrenda el compromiso de trabajar de manera coordinada entre los distintos \u00f3rdenes de gobierno y la ciudadan\u00eda para fortalecer la seguridad en el municipio, por la ciudad que merecemos.<\/p>\n\n\t\t<style type=\"text\/css\">\n\t\t\t#gallery-1 {\n\t\t\t\tmargin: auto;\n\t\t\t}\n\t\t\t#gallery-1 .gallery-item {\n\t\t\t\tfloat: left;\n\t\t\t\tmargin-top: 10px;\n\t\t\t\ttext-align: center;\n\t\t\t\twidth: 33%;\n\t\t\t}\n\t\t\t#gallery-1 img {\n\t\t\t\tborder: 2px solid #cfcfcf;\n\t\t\t}\n\t\t\t#gallery-1 .gallery-caption {\n\t\t\t\tmargin-left: 0;\n\t\t\t}\n\t\t\t\/* see gallery_shortcode() in wp-includes\/media.php *\/\n\t\t<\/style>\n\t\t<div id='gallery-1' class='gallery galleryid-58694 gallery-columns-3 gallery-size-thumbnail'><dl class='gallery-item'>\n\t\t\t<dt class='gallery-icon landscape'>\n\t\t\t\t<a href='https:\/\/cuernavaca.gob.mx\/?attachment_id=58695'><img width=\"150\" height=\"150\" src=\"https:\/\/cuernavaca.gob.mx\/wp-content\/uploads\/2026\/04\/REFUERZAN-SEGURIDAD-EN-MILPILLAS-CON-OPERATIVO-INTERINSTITUCIONAL-1-150x150.jpg\" class=\"attachment-thumbnail size-thumbnail\" alt=\"\" loading=\"lazy\" \/><\/a>\n\t\t\t<\/dt><\/dl><dl class='gallery-item'>\n\t\t\t<dt class='gallery-icon landscape'>\n\t\t\t\t<a href='https:\/\/cuernavaca.gob.mx\/?attachment_id=58696'><img width=\"150\" height=\"150\" src=\"https:\/\/cuernavaca.gob.mx\/wp-content\/uploads\/2026\/04\/REFUERZAN-SEGURIDAD-EN-MILPILLAS-CON-OPERATIVO-INTERINSTITUCIONAL-2-150x150.jpg\" class=\"attachment-thumbnail size-thumbnail\" alt=\"\" loading=\"lazy\" \/><\/a>\n\t\t\t<\/dt><\/dl><dl class='gallery-item'>\n\t\t\t<dt class='gallery-icon landscape'>\n\t\t\t\t<a href='https:\/\/cuernavaca.gob.mx\/?attachment_id=58697'><img width=\"150\" height=\"150\" src=\"https:\/\/cuernavaca.gob.mx\/wp-content\/uploads\/2026\/04\/REFUERZAN-SEGURIDAD-EN-MILPILLAS-CON-OPERATIVO-INTERINSTITUCIONAL-3-150x150.jpg\" class=\"attachment-thumbnail size-thumbnail\" alt=\"\" loading=\"lazy\" \/><\/a>\n\t\t\t<\/dt><\/dl><br style=\"clear: both\" \/><dl class='gallery-item'>\n\t\t\t<dt class='gallery-icon landscape'>\n\t\t\t\t<a href='https:\/\/cuernavaca.gob.mx\/?attachment_id=58698'><img width=\"150\" height=\"150\" src=\"https:\/\/cuernavaca.gob.mx\/wp-content\/uploads\/2026\/04\/REFUERZAN-SEGURIDAD-EN-MILPILLAS-CON-OPERATIVO-INTERINSTITUCIONAL-4-150x150.jpg\" class=\"attachment-thumbnail size-thumbnail\" alt=\"\" loading=\"lazy\" \/><\/a>\n\t\t\t<\/dt><\/dl><dl class='gallery-item'>\n\t\t\t<dt class='gallery-icon landscape'>\n\t\t\t\t<a href='https:\/\/cuernavaca.gob.mx\/?attachment_id=58699'><img width=\"150\" height=\"150\" src=\"https:\/\/cuernavaca.gob.mx\/wp-content\/uploads\/2026\/04\/REFUERZAN-SEGURIDAD-EN-MILPILLAS-CON-OPERATIVO-INTERINSTITUCIONAL-5-150x150.jpg\" class=\"attachment-thumbnail size-thumbnail\" alt=\"\" loading=\"lazy\" \/><\/a>\n\t\t\t<\/dt><\/dl><dl class='gallery-item'>\n\t\t\t<dt class='gallery-icon landscape'>\n\t\t\t\t<a href='https:\/\/cuernavaca.gob.mx\/?attachment_id=58700'><img width=\"150\" height=\"150\" src=\"https:\/\/cuernavaca.gob.mx\/wp-content\/uploads\/2026\/04\/REFUERZAN-SEGURIDAD-EN-MILPILLAS-CON-OPERATIVO-INTERINSTITUCIONAL-6-150x150.jpg\" class=\"attachment-thumbnail size-thumbnail\" alt=\"\" loading=\"lazy\" \/><\/a>\n\t\t\t<\/dt><\/dl><br style=\"clear: both\" \/><dl class='gallery-item'>\n\t\t\t<dt class='gallery-icon landscape'>\n\t\t\t\t<a href='https:\/\/cuernavaca.gob.mx\/?attachment_id=58701'><img width=\"150\" height=\"150\" src=\"https:\/\/cuernavaca.gob.mx\/wp-content\/uploads\/2026\/04\/REFUERZAN-SEGURIDAD-EN-MILPILLAS-CON-OPERATIVO-INTERINSTITUCIONAL-7-150x150.jpg\" class=\"attachment-thumbnail size-thumbnail\" alt=\"\" loading=\"lazy\" \/><\/a>\n\t\t\t<\/dt><\/dl>\n\t\t\t<br style='clear: both' \/>\n\t\t<\/div>\n\n","protected":false},"excerpt":{"rendered":"<p>* Acci\u00f3n derivada de una petici\u00f3n ciudadana surgida durante el Cabildo Abierto en la colonia Alta Vista Derivado de las peticiones surgidas durante el Cabildo Abierto realizado en la colonia Alta Vista, el secretario de Protecci\u00f3n y Auxilio Ciudadano, Pablo Nivardo Aguilera Casados, atendi\u00f3 de manera inmediata la problem\u00e1tica expuesta por habitantes de la colonia [&hellip;]<\/p>\n","protected":false},"author":1,"featured_media":58699,"comment_status":"closed","ping_status":"open","sticky":false,"template":"","format":"standard","meta":[],"categories":[17],"tags":[],"aioseo_notices":[],"_links":{"self":[{"href":"https:\/\/cuernavaca.gob.mx\/index.php?rest_route=\/wp\/v2\/posts\/58694"}],"collection":[{"href":"https:\/\/cuernavaca.gob.mx\/index.php?rest_route=\/wp\/v2\/posts"}],"about":[{"href":"https:\/\/cuernavaca.gob.mx\/index.php?rest_route=\/wp\/v2\/types\/post"}],"author":[{"embeddable":true,"href":"https:\/\/cuernavaca.gob.mx\/index.php?rest_route=\/wp\/v2\/users\/1"}],"replies":[{"embeddable":true,"href":"https:\/\/cuernavaca.gob.mx\/index.php?rest_route=%2Fwp%2Fv2%2Fcomments&post=58694"}],"version-history":[{"count":1,"href":"https:\/\/cuernavaca.gob.mx\/index.php?rest_route=\/wp\/v2\/posts\/58694\/revisions"}],"predecessor-version":[{"id":58702,"href":"https:\/\/cuernavaca.gob.mx\/index.php?rest_route=\/wp\/v2\/posts\/58694\/revisions\/58702"}],"wp:featuredmedia":[{"embeddable":true,"href":"https:\/\/cuernavaca.gob.mx\/index.php?rest_route=\/wp\/v2\/media\/58699"}],"wp:attachment":[{"href":"https:\/\/cuernavaca.gob.mx\/index.php?rest_route=%2Fwp%2Fv2%2Fmedia&parent=58694"}],"wp:term":[{"taxonomy":"category","embeddable":true,"href":"https:\/\/cuernavaca.gob.mx\/index.php?rest_route=%2Fwp%2Fv2%2Fcategories&post=58694"},{"taxonomy":"post_tag","embeddable":true,"href":"https:\/\/cuernavaca.gob.mx\/index.php?rest_route=%2Fwp%2Fv2%2Ftags&post=58694"}],"curies":[{"name":"wp","href":"https:\/\/api.w.org\/{rel}","templated":true}]}}