{"id":58711,"date":"2026-04-28T12:09:39","date_gmt":"2026-04-28T18:09:39","guid":{"rendered":"https:\/\/cuernavaca.gob.mx\/?p=58711"},"modified":"2026-04-28T15:44:44","modified_gmt":"2026-04-28T21:44:44","slug":"b1139-28-04-26-cuernavaca-impulsa-la-ciencia-y-el-conocimiento-con-ibt-conecta-en-el-parque-melchor-ocampo","status":"publish","type":"post","link":"https:\/\/cuernavaca.gob.mx\/?p=58711","title":{"rendered":"B1139 28\/04\/26 CUERNAVACA IMPULSA LA CIENCIA Y EL CONOCIMIENTO CON &#8220;IBT CONECTA&#8221; EN EL PARQUE MELCHOR OCAMPO"},"content":{"rendered":"<p><strong>\u2022 600 personas participaron en actividades interactivas que acercaron la ciencia de forma accesible, din\u00e1mica y participativa a ni\u00f1as y ni\u00f1os<\/strong><\/p>\n<p>El Ayuntamiento de Cuernavaca, encabezado por el alcalde Jos\u00e9 Luis Uri\u00f3stegui Salgado, fortaleci\u00f3 la divulgaci\u00f3n cient\u00edfica y el acceso al conocimiento a trav\u00e9s de la realizaci\u00f3n de &#8220;IBT Conecta&#8221; en el Parque Melchor Ocampo, iniciativa desarrollada en coordinaci\u00f3n con el Instituto de Biotecnolog\u00eda de la UNAM.<\/p>\n<p>Durante la inauguraci\u00f3n, el presidente municipal resalt\u00f3 que los espacios p\u00fablicos pueden y deben convertirse en puntos de encuentro para el aprendizaje y la convivencia, donde la ciencia se acerque a la ciudadan\u00eda de manera clara e incluyente. Se\u00f1al\u00f3 que, aunque la ciencia est\u00e1 presente en la vida cotidiana, no siempre es visible, por lo que este tipo de actividades permite comprenderla y valorarla.<\/p>\n<p>Asimismo, subray\u00f3 que &#8220;IBT Conecta&#8221; contribuye a fortalecer el v\u00ednculo entre la comunidad cient\u00edfica y la sociedad, al tiempo que impulsa vocaciones, especialmente entre ni\u00f1as, ni\u00f1os y j\u00f3venes, teniendo como escenario un entorno emblem\u00e1tico que integra la biblioteca p\u00fablica municipal \u201cJ. F\u00e9lix Fr\u00edas S\u00e1nchez\u201d y el Parque Melchor Ocampo.<\/p>\n<p>En el marco de los 44 a\u00f1os de presencia del Instituto de Biotecnolog\u00eda (IBt) en Morelos, la secretaria de Vinculaci\u00f3n de este instituto, Brenda Valderrama Blanco, inform\u00f3 que en esta jornada participaron cerca de 50 cient\u00edficas y cient\u00edficos, quienes llevaron el conocimiento de los laboratorios a las calles mediante actividades pr\u00e1cticas y demostrativas. Destac\u00f3 que la ciencia, adem\u00e1s de \u00fatil, puede ser cercana, comprensible y atractiva, contribuyendo a despertar el inter\u00e9s de la ni\u00f1ez por una posible vocaci\u00f3n cient\u00edfica.<\/p>\n<p>A lo largo del evento, 600 asistentes, principalmente de distintas colonias de Cuernavaca, as\u00ed como visitantes de la Ciudad de M\u00e9xico y de Taxco, Guerrero, participaron en talleres, demostraciones y din\u00e1micas interactivas relacionadas con la biotecnolog\u00eda, fomentando el inter\u00e9s por el conocimiento y la innovaci\u00f3n.<\/p>\n<p>El evento cont\u00f3 con la presencia de la regidora Erika Lastra Jaimes, presidenta de la Comisi\u00f3n de Ciencia, Tecnolog\u00eda e Innovaci\u00f3n; de Alejandra Ram\u00edrez Mendoza, directora del Centro Morelense de Comunicaci\u00f3n de la Ciencia; y de Ad\u00e1n Guerrero C\u00e1rdenas, presidente de la Academia de Ciencias de Morelos.<\/p>\n<p>Con este tipo de iniciativas, el Parque Melchor Ocampo se reafirma como un espacio vivo para la educaci\u00f3n, la cultura y la convivencia, resultado de su rehabilitaci\u00f3n y atenci\u00f3n permanente por parte del Gobierno municipal.<\/p>\n\n\t\t<style type=\"text\/css\">\n\t\t\t#gallery-1 {\n\t\t\t\tmargin: auto;\n\t\t\t}\n\t\t\t#gallery-1 .gallery-item {\n\t\t\t\tfloat: left;\n\t\t\t\tmargin-top: 10px;\n\t\t\t\ttext-align: center;\n\t\t\t\twidth: 33%;\n\t\t\t}\n\t\t\t#gallery-1 img {\n\t\t\t\tborder: 2px solid #cfcfcf;\n\t\t\t}\n\t\t\t#gallery-1 .gallery-caption {\n\t\t\t\tmargin-left: 0;\n\t\t\t}\n\t\t\t\/* see gallery_shortcode() in wp-includes\/media.php *\/\n\t\t<\/style>\n\t\t<div id='gallery-1' class='gallery galleryid-58711 gallery-columns-3 gallery-size-thumbnail'><dl class='gallery-item'>\n\t\t\t<dt class='gallery-icon landscape'>\n\t\t\t\t<a href='https:\/\/cuernavaca.gob.mx\/?attachment_id=58712'><img width=\"150\" height=\"150\" src=\"https:\/\/cuernavaca.gob.mx\/wp-content\/uploads\/2026\/04\/CUERNAVACA-IMPULSA-LA-CIENCIA-Y-EL-CONOCIMIENTO-CON-22IBT-CONECTA22-EN-EL-PARQUE-MELCHOR-OCAMPO-150x150.jpeg\" class=\"attachment-thumbnail size-thumbnail\" alt=\"\" loading=\"lazy\" \/><\/a>\n\t\t\t<\/dt><\/dl><dl class='gallery-item'>\n\t\t\t<dt class='gallery-icon landscape'>\n\t\t\t\t<a href='https:\/\/cuernavaca.gob.mx\/?attachment_id=58713'><img width=\"150\" height=\"150\" src=\"https:\/\/cuernavaca.gob.mx\/wp-content\/uploads\/2026\/04\/CUERNAVACA-IMPULSA-LA-CIENCIA-Y-EL-CONOCIMIENTO-CON-22IBT-CONECTA22-EN-EL-PARQUE-MELCHOR-OCAMPO1-150x150.jpeg\" class=\"attachment-thumbnail size-thumbnail\" alt=\"\" loading=\"lazy\" \/><\/a>\n\t\t\t<\/dt><\/dl><dl class='gallery-item'>\n\t\t\t<dt class='gallery-icon landscape'>\n\t\t\t\t<a href='https:\/\/cuernavaca.gob.mx\/?attachment_id=58714'><img width=\"150\" height=\"150\" src=\"https:\/\/cuernavaca.gob.mx\/wp-content\/uploads\/2026\/04\/CUERNAVACA-IMPULSA-LA-CIENCIA-Y-EL-CONOCIMIENTO-CON-22IBT-CONECTA22-EN-EL-PARQUE-MELCHOR-OCAMPO2-150x150.jpeg\" class=\"attachment-thumbnail size-thumbnail\" alt=\"\" loading=\"lazy\" \/><\/a>\n\t\t\t<\/dt><\/dl><br style=\"clear: both\" \/><dl class='gallery-item'>\n\t\t\t<dt class='gallery-icon landscape'>\n\t\t\t\t<a href='https:\/\/cuernavaca.gob.mx\/?attachment_id=58715'><img width=\"150\" height=\"150\" src=\"https:\/\/cuernavaca.gob.mx\/wp-content\/uploads\/2026\/04\/CUERNAVACA-IMPULSA-LA-CIENCIA-Y-EL-CONOCIMIENTO-CON-22IBT-CONECTA22-EN-EL-PARQUE-MELCHOR-OCAMPO3-150x150.jpeg\" class=\"attachment-thumbnail size-thumbnail\" alt=\"\" loading=\"lazy\" \/><\/a>\n\t\t\t<\/dt><\/dl><dl class='gallery-item'>\n\t\t\t<dt class='gallery-icon landscape'>\n\t\t\t\t<a href='https:\/\/cuernavaca.gob.mx\/?attachment_id=58716'><img width=\"150\" height=\"150\" src=\"https:\/\/cuernavaca.gob.mx\/wp-content\/uploads\/2026\/04\/CUERNAVACA-IMPULSA-LA-CIENCIA-Y-EL-CONOCIMIENTO-CON-22IBT-CONECTA22-EN-EL-PARQUE-MELCHOR-OCAMPO4-150x150.jpeg\" class=\"attachment-thumbnail size-thumbnail\" alt=\"\" loading=\"lazy\" \/><\/a>\n\t\t\t<\/dt><\/dl><dl class='gallery-item'>\n\t\t\t<dt class='gallery-icon landscape'>\n\t\t\t\t<a href='https:\/\/cuernavaca.gob.mx\/?attachment_id=58717'><img width=\"150\" height=\"150\" src=\"https:\/\/cuernavaca.gob.mx\/wp-content\/uploads\/2026\/04\/CUERNAVACA-IMPULSA-LA-CIENCIA-Y-EL-CONOCIMIENTO-CON-22IBT-CONECTA22-EN-EL-PARQUE-MELCHOR-OCAMPO5-150x150.jpeg\" class=\"attachment-thumbnail size-thumbnail\" alt=\"\" loading=\"lazy\" \/><\/a>\n\t\t\t<\/dt><\/dl><br style=\"clear: both\" \/><dl class='gallery-item'>\n\t\t\t<dt class='gallery-icon landscape'>\n\t\t\t\t<a href='https:\/\/cuernavaca.gob.mx\/?attachment_id=58718'><img width=\"150\" height=\"150\" src=\"https:\/\/cuernavaca.gob.mx\/wp-content\/uploads\/2026\/04\/CUERNAVACA-IMPULSA-LA-CIENCIA-Y-EL-CONOCIMIENTO-CON-22IBT-CONECTA22-EN-EL-PARQUE-MELCHOR-OCAMPO6-150x150.jpeg\" class=\"attachment-thumbnail size-thumbnail\" alt=\"\" loading=\"lazy\" \/><\/a>\n\t\t\t<\/dt><\/dl><dl class='gallery-item'>\n\t\t\t<dt class='gallery-icon landscape'>\n\t\t\t\t<a href='https:\/\/cuernavaca.gob.mx\/?attachment_id=58719'><img width=\"150\" height=\"150\" src=\"https:\/\/cuernavaca.gob.mx\/wp-content\/uploads\/2026\/04\/CUERNAVACA-IMPULSA-LA-CIENCIA-Y-EL-CONOCIMIENTO-CON-22IBT-CONECTA22-EN-EL-PARQUE-MELCHOR-OCAMPO7-150x150.jpeg\" class=\"attachment-thumbnail size-thumbnail\" alt=\"\" loading=\"lazy\" \/><\/a>\n\t\t\t<\/dt><\/dl><dl class='gallery-item'>\n\t\t\t<dt class='gallery-icon landscape'>\n\t\t\t\t<a href='https:\/\/cuernavaca.gob.mx\/?attachment_id=58720'><img width=\"150\" height=\"150\" src=\"https:\/\/cuernavaca.gob.mx\/wp-content\/uploads\/2026\/04\/CUERNAVACA-IMPULSA-LA-CIENCIA-Y-EL-CONOCIMIENTO-CON-22IBT-CONECTA22-EN-EL-PARQUE-MELCHOR-OCAMPO8-150x150.jpeg\" class=\"attachment-thumbnail size-thumbnail\" alt=\"\" loading=\"lazy\" \/><\/a>\n\t\t\t<\/dt><\/dl><br style=\"clear: both\" \/><dl class='gallery-item'>\n\t\t\t<dt class='gallery-icon landscape'>\n\t\t\t\t<a href='https:\/\/cuernavaca.gob.mx\/?attachment_id=58721'><img width=\"150\" height=\"150\" src=\"https:\/\/cuernavaca.gob.mx\/wp-content\/uploads\/2026\/04\/CUERNAVACA-IMPULSA-LA-CIENCIA-Y-EL-CONOCIMIENTO-CON-22IBT-CONECTA22-EN-EL-PARQUE-MELCHOR-OCAMPO9-150x150.jpeg\" class=\"attachment-thumbnail size-thumbnail\" alt=\"\" loading=\"lazy\" \/><\/a>\n\t\t\t<\/dt><\/dl><dl class='gallery-item'>\n\t\t\t<dt class='gallery-icon landscape'>\n\t\t\t\t<a href='https:\/\/cuernavaca.gob.mx\/?attachment_id=58722'><img width=\"150\" height=\"150\" src=\"https:\/\/cuernavaca.gob.mx\/wp-content\/uploads\/2026\/04\/CUERNAVACA-IMPULSA-LA-CIENCIA-Y-EL-CONOCIMIENTO-CON-22IBT-CONECTA22-EN-EL-PARQUE-MELCHOR-OCAMPO10-150x150.jpeg\" class=\"attachment-thumbnail size-thumbnail\" alt=\"\" loading=\"lazy\" \/><\/a>\n\t\t\t<\/dt><\/dl><dl class='gallery-item'>\n\t\t\t<dt class='gallery-icon landscape'>\n\t\t\t\t<a href='https:\/\/cuernavaca.gob.mx\/?attachment_id=58723'><img width=\"150\" height=\"150\" src=\"https:\/\/cuernavaca.gob.mx\/wp-content\/uploads\/2026\/04\/CUERNAVACA-IMPULSA-LA-CIENCIA-Y-EL-CONOCIMIENTO-CON-22IBT-CONECTA22-EN-EL-PARQUE-MELCHOR-OCAMPO11-150x150.jpeg\" class=\"attachment-thumbnail size-thumbnail\" alt=\"\" loading=\"lazy\" \/><\/a>\n\t\t\t<\/dt><\/dl><br style=\"clear: both\" \/><dl class='gallery-item'>\n\t\t\t<dt class='gallery-icon landscape'>\n\t\t\t\t<a href='https:\/\/cuernavaca.gob.mx\/?attachment_id=58724'><img width=\"150\" height=\"150\" src=\"https:\/\/cuernavaca.gob.mx\/wp-content\/uploads\/2026\/04\/CUERNAVACA-IMPULSA-LA-CIENCIA-Y-EL-CONOCIMIENTO-CON-22IBT-CONECTA22-EN-EL-PARQUE-MELCHOR-OCAMPO12-150x150.jpeg\" class=\"attachment-thumbnail size-thumbnail\" alt=\"\" loading=\"lazy\" \/><\/a>\n\t\t\t<\/dt><\/dl><dl class='gallery-item'>\n\t\t\t<dt class='gallery-icon landscape'>\n\t\t\t\t<a href='https:\/\/cuernavaca.gob.mx\/?attachment_id=58725'><img width=\"150\" height=\"150\" src=\"https:\/\/cuernavaca.gob.mx\/wp-content\/uploads\/2026\/04\/CUERNAVACA-IMPULSA-LA-CIENCIA-Y-EL-CONOCIMIENTO-CON-22IBT-CONECTA22-EN-EL-PARQUE-MELCHOR-OCAMPO13-150x150.jpeg\" class=\"attachment-thumbnail size-thumbnail\" alt=\"\" loading=\"lazy\" \/><\/a>\n\t\t\t<\/dt><\/dl><dl class='gallery-item'>\n\t\t\t<dt class='gallery-icon landscape'>\n\t\t\t\t<a href='https:\/\/cuernavaca.gob.mx\/?attachment_id=58726'><img width=\"150\" height=\"150\" src=\"https:\/\/cuernavaca.gob.mx\/wp-content\/uploads\/2026\/04\/CUERNAVACA-IMPULSA-LA-CIENCIA-Y-EL-CONOCIMIENTO-CON-22IBT-CONECTA22-EN-EL-PARQUE-MELCHOR-OCAMPO14-150x150.jpeg\" class=\"attachment-thumbnail size-thumbnail\" alt=\"\" loading=\"lazy\" \/><\/a>\n\t\t\t<\/dt><\/dl><br style=\"clear: both\" \/><dl class='gallery-item'>\n\t\t\t<dt class='gallery-icon landscape'>\n\t\t\t\t<a href='https:\/\/cuernavaca.gob.mx\/?attachment_id=58727'><img width=\"150\" height=\"150\" src=\"https:\/\/cuernavaca.gob.mx\/wp-content\/uploads\/2026\/04\/CUERNAVACA-IMPULSA-LA-CIENCIA-Y-EL-CONOCIMIENTO-CON-22IBT-CONECTA22-EN-EL-PARQUE-MELCHOR-OCAMPO15-150x150.jpeg\" class=\"attachment-thumbnail size-thumbnail\" alt=\"\" loading=\"lazy\" \/><\/a>\n\t\t\t<\/dt><\/dl>\n\t\t\t<br style='clear: both' \/>\n\t\t<\/div>\n\n","protected":false},"excerpt":{"rendered":"<p>\u2022 600 personas participaron en actividades interactivas que acercaron la ciencia de forma accesible, din\u00e1mica y participativa a ni\u00f1as y ni\u00f1os El Ayuntamiento de Cuernavaca, encabezado por el alcalde Jos\u00e9 Luis Uri\u00f3stegui Salgado, fortaleci\u00f3 la divulgaci\u00f3n cient\u00edfica y el acceso al conocimiento a trav\u00e9s de la realizaci\u00f3n de &#8220;IBT Conecta&#8221; en el Parque Melchor Ocampo, [&hellip;]<\/p>\n","protected":false},"author":1,"featured_media":58712,"comment_status":"closed","ping_status":"open","sticky":false,"template":"","format":"standard","meta":[],"categories":[3090],"tags":[3034,848,121,576,4342,120,206,379,380,4343],"aioseo_notices":[],"_links":{"self":[{"href":"https:\/\/cuernavaca.gob.mx\/index.php?rest_route=\/wp\/v2\/posts\/58711"}],"collection":[{"href":"https:\/\/cuernavaca.gob.mx\/index.php?rest_route=\/wp\/v2\/posts"}],"about":[{"href":"https:\/\/cuernavaca.gob.mx\/index.php?rest_route=\/wp\/v2\/types\/post"}],"author":[{"embeddable":true,"href":"https:\/\/cuernavaca.gob.mx\/index.php?rest_route=\/wp\/v2\/users\/1"}],"replies":[{"embeddable":true,"href":"https:\/\/cuernavaca.gob.mx\/index.php?rest_route=%2Fwp%2Fv2%2Fcomments&post=58711"}],"version-history":[{"count":1,"href":"https:\/\/cuernavaca.gob.mx\/index.php?rest_route=\/wp\/v2\/posts\/58711\/revisions"}],"predecessor-version":[{"id":58728,"href":"https:\/\/cuernavaca.gob.mx\/index.php?rest_route=\/wp\/v2\/posts\/58711\/revisions\/58728"}],"wp:featuredmedia":[{"embeddable":true,"href":"https:\/\/cuernavaca.gob.mx\/index.php?rest_route=\/wp\/v2\/media\/58712"}],"wp:attachment":[{"href":"https:\/\/cuernavaca.gob.mx\/index.php?rest_route=%2Fwp%2Fv2%2Fmedia&parent=58711"}],"wp:term":[{"taxonomy":"category","embeddable":true,"href":"https:\/\/cuernavaca.gob.mx\/index.php?rest_route=%2Fwp%2Fv2%2Fcategories&post=58711"},{"taxonomy":"post_tag","embeddable":true,"href":"https:\/\/cuernavaca.gob.mx\/index.php?rest_route=%2Fwp%2Fv2%2Ftags&post=58711"}],"curies":[{"name":"wp","href":"https:\/\/api.w.org\/{rel}","templated":true}]}}