{"id":58729,"date":"2026-04-28T15:13:31","date_gmt":"2026-04-28T21:13:31","guid":{"rendered":"https:\/\/cuernavaca.gob.mx\/?p=58729"},"modified":"2026-04-28T15:50:27","modified_gmt":"2026-04-28T21:50:27","slug":"b1140-28-04-26-cuernavaca-activa-estrategia-integral-de-gestion-de-riesgos-en-el-municipio-a-traves-de-la-coordinacion-interinstitucional-y-ciudadana","status":"publish","type":"post","link":"https:\/\/cuernavaca.gob.mx\/?p=58729","title":{"rendered":"B1140 28\/04\/26 CUERNAVACA ACTIVA ESTRATEGIA INTEGRAL DE GESTI\u00d3N DE RIESGOS EN EL MUNICIPIO A TRAV\u00c9S DE LA COORDINACI\u00d3N INTERINSTITUCIONAL Y CIUDADANA"},"content":{"rendered":"<p><strong>\u2022 En la tercera sesi\u00f3n ordinaria del Consejo Municipal de Protecci\u00f3n Civil, el Ayuntamiento de Cuernavaca reafirm\u00f3 su compromiso de fortalecer las acciones preventivas para reducir riesgos en la capital morelense<\/strong><\/p>\n<p>El Ayuntamiento de Cuernavaca, encabezado por el alcalde Jos\u00e9 Luis Uri\u00f3stegui Salgado, fortaleci\u00f3 la estrategia de prevenci\u00f3n y gesti\u00f3n de riesgos en la capital morelense en la tercera sesi\u00f3n ordinaria del Consejo Municipal de Protecci\u00f3n Civil, donde se reiter\u00f3 que la seguridad de la poblaci\u00f3n depende de la acci\u00f3n coordinada entre gobierno y ciudadan\u00eda.<\/p>\n<p>En su calidad de presidente del Consejo, Jos\u00e9 Luis Uri\u00f3stegui Salgado subray\u00f3 que la Protecci\u00f3n Civil ha evolucionado hacia un modelo de Gesti\u00f3n Integral de Riesgos, que no solo atiende emergencias, sino que prioriza la prevenci\u00f3n mediante informaci\u00f3n oportuna, coordinaci\u00f3n institucional y corresponsabilidad social.<\/p>\n<p>Bajo este enfoque, resalt\u00f3 que el Ayuntamiento mantiene acciones permanentes para reducir riesgos en el municipio, como la limpieza de rejillas, el manejo adecuado de residuos y el aprovechamiento de llantas, que son enviadas al Centro Estatal de Econom\u00eda Circular, donde se transforman en combustible para la industria cementera, en coordinaci\u00f3n con el Gobierno del Estado de Morelos.<\/p>\n<p>No obstante, enfatiz\u00f3 que estas acciones deben ir acompa\u00f1adas de una mayor difusi\u00f3n hacia la ciudadan\u00eda, especialmente para prevenir riesgos que se generan en la vida cotidiana, como la acumulaci\u00f3n de basura en calles y rejillas, la cual provoca taponamientos en el drenaje, encharcamientos e inundaciones durante la temporada de lluvias.<\/p>\n<p>Por su parte, el coordinador municipal de Protecci\u00f3n Civil y secretario t\u00e9cnico del Consejo, Enrique Clement Gallardo, inform\u00f3 que el cambio clim\u00e1tico ha incrementado la intensidad y frecuencia de los fen\u00f3menos hidrometeorol\u00f3gicos, por lo que el municipio mantiene una preparaci\u00f3n permanente ante la temporada de lluvias y las olas de calor.<\/p>\n<p>Detall\u00f3 que, de manera coordinada entre las distintas \u00e1reas administrativas y operativas del Ayuntamiento, se han identificado 11 puntos de riesgo por lluvias en Cuernavaca, los cuales se encuentran bajo monitoreo constante, adem\u00e1s de continuar con recorridos t\u00e9cnicos para detectar posibles nuevas zonas vulnerables.<\/p>\n<p>En representaci\u00f3n del Gobierno del Estado, el secretario de Desarrollo Sustentable, Al\u00e1n Dupr\u00e9 Ram\u00edrez, destac\u00f3 la importancia del enfoque ambiental para reducir riesgos asociados al cambio clim\u00e1tico, y puso a disposici\u00f3n del municipio el programa \u201cMorelos Limpio\u201d, orientado a la limpieza de barrancas y r\u00edos, como una herramienta que puede fortalecer las acciones preventivas en Cuernavaca.<\/p>\n<p>Finalmente, el coordinador estatal de Protecci\u00f3n Civil, Ubaldo Gonz\u00e1lez Carretes, reiter\u00f3 que la gesti\u00f3n integral de riesgos es una responsabilidad compartida entre autoridades y ciudadan\u00eda, al implicar la identificaci\u00f3n, an\u00e1lisis y reducci\u00f3n de riesgos de manera transversal, con la participaci\u00f3n activa de la poblaci\u00f3n como elemento clave en la prevenci\u00f3n.<\/p>\n<p>El Gobierno Municipal de Cuernavaca refrenda su compromiso con el fortalecimiento de la pol\u00edtica de prevenci\u00f3n basada en la coordinaci\u00f3n institucional, el trabajo territorial y la participaci\u00f3n ciudadana, con el objetivo de reducir riesgos y reforzar la capacidad de respuesta.<\/p>\n\n\t\t<style type=\"text\/css\">\n\t\t\t#gallery-1 {\n\t\t\t\tmargin: auto;\n\t\t\t}\n\t\t\t#gallery-1 .gallery-item {\n\t\t\t\tfloat: left;\n\t\t\t\tmargin-top: 10px;\n\t\t\t\ttext-align: center;\n\t\t\t\twidth: 33%;\n\t\t\t}\n\t\t\t#gallery-1 img {\n\t\t\t\tborder: 2px solid #cfcfcf;\n\t\t\t}\n\t\t\t#gallery-1 .gallery-caption {\n\t\t\t\tmargin-left: 0;\n\t\t\t}\n\t\t\t\/* see gallery_shortcode() in wp-includes\/media.php *\/\n\t\t<\/style>\n\t\t<div id='gallery-1' class='gallery galleryid-58729 gallery-columns-3 gallery-size-thumbnail'><dl class='gallery-item'>\n\t\t\t<dt class='gallery-icon landscape'>\n\t\t\t\t<a href='https:\/\/cuernavaca.gob.mx\/?attachment_id=58730'><img width=\"150\" height=\"150\" src=\"https:\/\/cuernavaca.gob.mx\/wp-content\/uploads\/2026\/04\/CUERNAVACA-ACTIVA-ESTRATEGIA-INTEGRAL-DE-GESTIO\u0301N-DE-RIESGOS-EN-EL-MUNICIPIO-A-TRAVE\u0301S-DE-LA-COORDINACIO\u0301N-INTERINSTITUCIONAL-Y-CIUDADANA-150x150.jpeg\" class=\"attachment-thumbnail size-thumbnail\" alt=\"\" loading=\"lazy\" \/><\/a>\n\t\t\t<\/dt><\/dl><dl class='gallery-item'>\n\t\t\t<dt class='gallery-icon landscape'>\n\t\t\t\t<a href='https:\/\/cuernavaca.gob.mx\/?attachment_id=58731'><img width=\"150\" height=\"150\" src=\"https:\/\/cuernavaca.gob.mx\/wp-content\/uploads\/2026\/04\/CUERNAVACA-ACTIVA-ESTRATEGIA-INTEGRAL-DE-GESTIO\u0301N-DE-RIESGOS-EN-EL-MUNICIPIO-A-TRAVE\u0301S-DE-LA-COORDINACIO\u0301N-INTERINSTITUCIONAL-Y-CIUDADANA1-150x150.jpeg\" class=\"attachment-thumbnail size-thumbnail\" alt=\"\" loading=\"lazy\" \/><\/a>\n\t\t\t<\/dt><\/dl><dl class='gallery-item'>\n\t\t\t<dt class='gallery-icon landscape'>\n\t\t\t\t<a href='https:\/\/cuernavaca.gob.mx\/?attachment_id=58732'><img width=\"150\" height=\"150\" src=\"https:\/\/cuernavaca.gob.mx\/wp-content\/uploads\/2026\/04\/CUERNAVACA-ACTIVA-ESTRATEGIA-INTEGRAL-DE-GESTIO\u0301N-DE-RIESGOS-EN-EL-MUNICIPIO-A-TRAVE\u0301S-DE-LA-COORDINACIO\u0301N-INTERINSTITUCIONAL-Y-CIUDADANA2-150x150.jpeg\" class=\"attachment-thumbnail size-thumbnail\" alt=\"\" loading=\"lazy\" \/><\/a>\n\t\t\t<\/dt><\/dl><br style=\"clear: both\" \/><dl class='gallery-item'>\n\t\t\t<dt class='gallery-icon landscape'>\n\t\t\t\t<a href='https:\/\/cuernavaca.gob.mx\/?attachment_id=58733'><img width=\"150\" height=\"150\" src=\"https:\/\/cuernavaca.gob.mx\/wp-content\/uploads\/2026\/04\/CUERNAVACA-ACTIVA-ESTRATEGIA-INTEGRAL-DE-GESTIO\u0301N-DE-RIESGOS-EN-EL-MUNICIPIO-A-TRAVE\u0301S-DE-LA-COORDINACIO\u0301N-INTERINSTITUCIONAL-Y-CIUDADANA3-150x150.jpeg\" class=\"attachment-thumbnail size-thumbnail\" alt=\"\" loading=\"lazy\" \/><\/a>\n\t\t\t<\/dt><\/dl><dl class='gallery-item'>\n\t\t\t<dt class='gallery-icon landscape'>\n\t\t\t\t<a href='https:\/\/cuernavaca.gob.mx\/?attachment_id=58734'><img width=\"150\" height=\"150\" src=\"https:\/\/cuernavaca.gob.mx\/wp-content\/uploads\/2026\/04\/CUERNAVACA-ACTIVA-ESTRATEGIA-INTEGRAL-DE-GESTIO\u0301N-DE-RIESGOS-EN-EL-MUNICIPIO-A-TRAVE\u0301S-DE-LA-COORDINACIO\u0301N-INTERINSTITUCIONAL-Y-CIUDADANA4-150x150.jpeg\" class=\"attachment-thumbnail size-thumbnail\" alt=\"\" loading=\"lazy\" \/><\/a>\n\t\t\t<\/dt><\/dl><dl class='gallery-item'>\n\t\t\t<dt class='gallery-icon landscape'>\n\t\t\t\t<a href='https:\/\/cuernavaca.gob.mx\/?attachment_id=58735'><img width=\"150\" height=\"150\" src=\"https:\/\/cuernavaca.gob.mx\/wp-content\/uploads\/2026\/04\/CUERNAVACA-ACTIVA-ESTRATEGIA-INTEGRAL-DE-GESTIO\u0301N-DE-RIESGOS-EN-EL-MUNICIPIO-A-TRAVE\u0301S-DE-LA-COORDINACIO\u0301N-INTERINSTITUCIONAL-Y-CIUDADANA5-150x150.jpeg\" class=\"attachment-thumbnail size-thumbnail\" alt=\"\" loading=\"lazy\" \/><\/a>\n\t\t\t<\/dt><\/dl><br style=\"clear: both\" \/><dl class='gallery-item'>\n\t\t\t<dt class='gallery-icon landscape'>\n\t\t\t\t<a href='https:\/\/cuernavaca.gob.mx\/?attachment_id=58736'><img width=\"150\" height=\"150\" src=\"https:\/\/cuernavaca.gob.mx\/wp-content\/uploads\/2026\/04\/CUERNAVACA-ACTIVA-ESTRATEGIA-INTEGRAL-DE-GESTIO\u0301N-DE-RIESGOS-EN-EL-MUNICIPIO-A-TRAVE\u0301S-DE-LA-COORDINACIO\u0301N-INTERINSTITUCIONAL-Y-CIUDADANA6-150x150.jpeg\" class=\"attachment-thumbnail size-thumbnail\" alt=\"\" loading=\"lazy\" \/><\/a>\n\t\t\t<\/dt><\/dl><dl class='gallery-item'>\n\t\t\t<dt class='gallery-icon landscape'>\n\t\t\t\t<a href='https:\/\/cuernavaca.gob.mx\/?attachment_id=58737'><img width=\"150\" height=\"150\" src=\"https:\/\/cuernavaca.gob.mx\/wp-content\/uploads\/2026\/04\/CUERNAVACA-ACTIVA-ESTRATEGIA-INTEGRAL-DE-GESTIO\u0301N-DE-RIESGOS-EN-EL-MUNICIPIO-A-TRAVE\u0301S-DE-LA-COORDINACIO\u0301N-INTERINSTITUCIONAL-Y-CIUDADANA7-150x150.jpeg\" class=\"attachment-thumbnail size-thumbnail\" alt=\"\" loading=\"lazy\" \/><\/a>\n\t\t\t<\/dt><\/dl>\n\t\t\t<br style='clear: both' \/>\n\t\t<\/div>\n\n","protected":false},"excerpt":{"rendered":"<p>\u2022 En la tercera sesi\u00f3n ordinaria del Consejo Municipal de Protecci\u00f3n Civil, el Ayuntamiento de Cuernavaca reafirm\u00f3 su compromiso de fortalecer las acciones preventivas para reducir riesgos en la capital morelense El Ayuntamiento de Cuernavaca, encabezado por el alcalde Jos\u00e9 Luis Uri\u00f3stegui Salgado, fortaleci\u00f3 la estrategia de prevenci\u00f3n y gesti\u00f3n de riesgos en la capital [&hellip;]<\/p>\n","protected":false},"author":1,"featured_media":58736,"comment_status":"closed","ping_status":"open","sticky":false,"template":"","format":"standard","meta":[],"categories":[2227],"tags":[3034,121,238,120,1044,206,4344,172],"aioseo_notices":[],"_links":{"self":[{"href":"https:\/\/cuernavaca.gob.mx\/index.php?rest_route=\/wp\/v2\/posts\/58729"}],"collection":[{"href":"https:\/\/cuernavaca.gob.mx\/index.php?rest_route=\/wp\/v2\/posts"}],"about":[{"href":"https:\/\/cuernavaca.gob.mx\/index.php?rest_route=\/wp\/v2\/types\/post"}],"author":[{"embeddable":true,"href":"https:\/\/cuernavaca.gob.mx\/index.php?rest_route=\/wp\/v2\/users\/1"}],"replies":[{"embeddable":true,"href":"https:\/\/cuernavaca.gob.mx\/index.php?rest_route=%2Fwp%2Fv2%2Fcomments&post=58729"}],"version-history":[{"count":1,"href":"https:\/\/cuernavaca.gob.mx\/index.php?rest_route=\/wp\/v2\/posts\/58729\/revisions"}],"predecessor-version":[{"id":58738,"href":"https:\/\/cuernavaca.gob.mx\/index.php?rest_route=\/wp\/v2\/posts\/58729\/revisions\/58738"}],"wp:featuredmedia":[{"embeddable":true,"href":"https:\/\/cuernavaca.gob.mx\/index.php?rest_route=\/wp\/v2\/media\/58736"}],"wp:attachment":[{"href":"https:\/\/cuernavaca.gob.mx\/index.php?rest_route=%2Fwp%2Fv2%2Fmedia&parent=58729"}],"wp:term":[{"taxonomy":"category","embeddable":true,"href":"https:\/\/cuernavaca.gob.mx\/index.php?rest_route=%2Fwp%2Fv2%2Fcategories&post=58729"},{"taxonomy":"post_tag","embeddable":true,"href":"https:\/\/cuernavaca.gob.mx\/index.php?rest_route=%2Fwp%2Fv2%2Ftags&post=58729"}],"curies":[{"name":"wp","href":"https:\/\/api.w.org\/{rel}","templated":true}]}}