{"id":58739,"date":"2026-04-29T08:00:03","date_gmt":"2026-04-29T14:00:03","guid":{"rendered":"https:\/\/cuernavaca.gob.mx\/?p=58739"},"modified":"2026-04-29T10:51:30","modified_gmt":"2026-04-29T16:51:30","slug":"b1141-29-04-26-impulsa-ayuntamiento-de-cuernavaca-el-desarrollo-cultural-infantil-con-el-festival-de-las-infancias","status":"publish","type":"post","link":"https:\/\/cuernavaca.gob.mx\/?p=58739","title":{"rendered":"B1141 29\/04\/26 IMPULSA AYUNTAMIENTO DE CUERNAVACA EL DESARROLLO CULTURAL INFANTIL CON EL FESTIVAL DE LAS INFANCIAS"},"content":{"rendered":"<p><strong>* Ni\u00f1as, ni\u00f1os y familias participaron en una jornada cultural con presentaciones literarias y una puesta en escena, fortaleciendo el acceso al arte y la convivencia comunitaria en Cuernavaca<\/strong><\/p>\n<p>El Ayuntamiento de Cuernavaca, a trav\u00e9s del Instituto de Cultura, adscrito a la Secretar\u00eda de Desarrollo Humano y Participaci\u00f3n Social (SDHyPS), llev\u00f3 a cabo con \u00e9xito una jornada cultural en el Museo de la Ciudad de Cuernavaca (MuCiC), en el marco del Festival de las Infancias, donde ni\u00f1as, ni\u00f1os y familias disfrutaron de actividades art\u00edsticas y literarias dise\u00f1adas para fomentar la creatividad, la imaginaci\u00f3n y el gusto por la lectura.<\/p>\n<p>Como parte de la programaci\u00f3n, se realiz\u00f3 la presentaci\u00f3n del libro \u201cPinta el G\u00e9nesis\u201d, una propuesta editorial dirigida al p\u00fablico infantil que combina el aprendizaje con la expresi\u00f3n art\u00edstica, permitiendo a las y los asistentes interactuar con historias a trav\u00e9s del dibujo y el color y que, a su vez, contribuye con el desarrollo de habilidades creativas y al acercamiento temprano a la lectura para las infancias.<\/p>\n<p>Posteriormente, se present\u00f3 la obra de teatro \u201cImaginaci\u00f3n\u201d, una puesta en escena infantil llena de color, personajes entra\u00f1ables y mensajes positivos, que promovi\u00f3 valores como la amistad, la empat\u00eda y el trabajo en equipo, generando un ambiente l\u00fadico y participativo entre el p\u00fablico infantil.<\/p>\n<p>La jornada concluy\u00f3 con la presentaci\u00f3n del libro \u201cCuento que cuento, un cuento contando\u201d, una obra literaria enfocada en el arte de narrar historias y despertar la imaginaci\u00f3n, fortaleciendo la tradici\u00f3n oral y el v\u00ednculo entre la literatura y la ni\u00f1ez.<\/p>\n<p>Este tipo de actividades se enmarcan en la conmemoraci\u00f3n del D\u00eda Mundial del Libro y el D\u00eda Internacional de la Ni\u00f1ez, destacando la importancia de acercar contenidos culturales y educativos a las nuevas generaciones y el impulso a la lectura como una herramienta fundamental para el aprendizaje que favorece el desarrollo del pensamiento cr\u00edtico, la creatividad y la comprensi\u00f3n del entorno.<\/p>\n<p>Con una destacada participaci\u00f3n de familias cuernavacenses, el evento consolid\u00f3 al museo como un espacio de encuentro comunitario donde el arte y la cultura se viven de manera accesible e incluyente.<\/p>\n<p>El Ayuntamiento de Cuernavaca reafirma su compromiso de seguir impulsando programas culturales que fortalezcan el desarrollo integral de la ni\u00f1ez, promoviendo entornos donde el conocimiento, la imaginaci\u00f3n y la convivencia sean pilares para la construcci\u00f3n de una sociedad m\u00e1s participativa y consciente.<\/p>\n\n\t\t<style type=\"text\/css\">\n\t\t\t#gallery-1 {\n\t\t\t\tmargin: auto;\n\t\t\t}\n\t\t\t#gallery-1 .gallery-item {\n\t\t\t\tfloat: left;\n\t\t\t\tmargin-top: 10px;\n\t\t\t\ttext-align: center;\n\t\t\t\twidth: 33%;\n\t\t\t}\n\t\t\t#gallery-1 img {\n\t\t\t\tborder: 2px solid #cfcfcf;\n\t\t\t}\n\t\t\t#gallery-1 .gallery-caption {\n\t\t\t\tmargin-left: 0;\n\t\t\t}\n\t\t\t\/* see gallery_shortcode() in wp-includes\/media.php *\/\n\t\t<\/style>\n\t\t<div id='gallery-1' class='gallery galleryid-58739 gallery-columns-3 gallery-size-thumbnail'><dl class='gallery-item'>\n\t\t\t<dt class='gallery-icon portrait'>\n\t\t\t\t<a href='https:\/\/cuernavaca.gob.mx\/?attachment_id=58740'><img width=\"150\" height=\"150\" src=\"https:\/\/cuernavaca.gob.mx\/wp-content\/uploads\/2026\/04\/IMPULSA-AYUNTAMIENTO-DE-CUERNAVACA-EL-DESARROLLO-CULTURAL-INFANTIL-CON-EL-FESTIVAL-DE-LAS-INFANCIAS-1-150x150.jpg\" class=\"attachment-thumbnail size-thumbnail\" alt=\"\" loading=\"lazy\" srcset=\"https:\/\/cuernavaca.gob.mx\/wp-content\/uploads\/2026\/04\/IMPULSA-AYUNTAMIENTO-DE-CUERNAVACA-EL-DESARROLLO-CULTURAL-INFANTIL-CON-EL-FESTIVAL-DE-LAS-INFANCIAS-1-150x150.jpg 150w, https:\/\/cuernavaca.gob.mx\/wp-content\/uploads\/2026\/04\/IMPULSA-AYUNTAMIENTO-DE-CUERNAVACA-EL-DESARROLLO-CULTURAL-INFANTIL-CON-EL-FESTIVAL-DE-LAS-INFANCIAS-1-300x300.jpg 300w, https:\/\/cuernavaca.gob.mx\/wp-content\/uploads\/2026\/04\/IMPULSA-AYUNTAMIENTO-DE-CUERNAVACA-EL-DESARROLLO-CULTURAL-INFANTIL-CON-EL-FESTIVAL-DE-LAS-INFANCIAS-1-768x769.jpg 768w, https:\/\/cuernavaca.gob.mx\/wp-content\/uploads\/2026\/04\/IMPULSA-AYUNTAMIENTO-DE-CUERNAVACA-EL-DESARROLLO-CULTURAL-INFANTIL-CON-EL-FESTIVAL-DE-LAS-INFANCIAS-1-600x600.jpg 600w, https:\/\/cuernavaca.gob.mx\/wp-content\/uploads\/2026\/04\/IMPULSA-AYUNTAMIENTO-DE-CUERNAVACA-EL-DESARROLLO-CULTURAL-INFANTIL-CON-EL-FESTIVAL-DE-LAS-INFANCIAS-1-560x560.jpg 560w, https:\/\/cuernavaca.gob.mx\/wp-content\/uploads\/2026\/04\/IMPULSA-AYUNTAMIENTO-DE-CUERNAVACA-EL-DESARROLLO-CULTURAL-INFANTIL-CON-EL-FESTIVAL-DE-LAS-INFANCIAS-1.jpg 959w\" sizes=\"(max-width: 150px) 100vw, 150px\" \/><\/a>\n\t\t\t<\/dt><\/dl><dl class='gallery-item'>\n\t\t\t<dt class='gallery-icon landscape'>\n\t\t\t\t<a href='https:\/\/cuernavaca.gob.mx\/?attachment_id=58741'><img width=\"150\" height=\"150\" src=\"https:\/\/cuernavaca.gob.mx\/wp-content\/uploads\/2026\/04\/IMPULSA-AYUNTAMIENTO-DE-CUERNAVACA-EL-DESARROLLO-CULTURAL-INFANTIL-CON-EL-FESTIVAL-DE-LAS-INFANCIAS-2-150x150.jpg\" class=\"attachment-thumbnail size-thumbnail\" alt=\"\" loading=\"lazy\" \/><\/a>\n\t\t\t<\/dt><\/dl><dl class='gallery-item'>\n\t\t\t<dt class='gallery-icon landscape'>\n\t\t\t\t<a href='https:\/\/cuernavaca.gob.mx\/?attachment_id=58742'><img width=\"150\" height=\"150\" src=\"https:\/\/cuernavaca.gob.mx\/wp-content\/uploads\/2026\/04\/IMPULSA-AYUNTAMIENTO-DE-CUERNAVACA-EL-DESARROLLO-CULTURAL-INFANTIL-CON-EL-FESTIVAL-DE-LAS-INFANCIAS-3-150x150.jpg\" class=\"attachment-thumbnail size-thumbnail\" alt=\"\" loading=\"lazy\" \/><\/a>\n\t\t\t<\/dt><\/dl><br style=\"clear: both\" \/><dl class='gallery-item'>\n\t\t\t<dt class='gallery-icon landscape'>\n\t\t\t\t<a href='https:\/\/cuernavaca.gob.mx\/?attachment_id=58743'><img width=\"150\" height=\"150\" src=\"https:\/\/cuernavaca.gob.mx\/wp-content\/uploads\/2026\/04\/IMPULSA-AYUNTAMIENTO-DE-CUERNAVACA-EL-DESARROLLO-CULTURAL-INFANTIL-CON-EL-FESTIVAL-DE-LAS-INFANCIAS-5-150x150.jpg\" class=\"attachment-thumbnail size-thumbnail\" alt=\"\" loading=\"lazy\" \/><\/a>\n\t\t\t<\/dt><\/dl><dl class='gallery-item'>\n\t\t\t<dt class='gallery-icon portrait'>\n\t\t\t\t<a href='https:\/\/cuernavaca.gob.mx\/?attachment_id=58744'><img width=\"150\" height=\"150\" src=\"https:\/\/cuernavaca.gob.mx\/wp-content\/uploads\/2026\/04\/IMPULSA-AYUNTAMIENTO-DE-CUERNAVACA-EL-DESARROLLO-CULTURAL-INFANTIL-CON-EL-FESTIVAL-DE-LAS-INFANCIAS-4-150x150.jpg\" class=\"attachment-thumbnail size-thumbnail\" alt=\"\" loading=\"lazy\" \/><\/a>\n\t\t\t<\/dt><\/dl>\n\t\t\t<br style='clear: both' \/>\n\t\t<\/div>\n\n","protected":false},"excerpt":{"rendered":"<p>* Ni\u00f1as, ni\u00f1os y familias participaron en una jornada cultural con presentaciones literarias y una puesta en escena, fortaleciendo el acceso al arte y la convivencia comunitaria en Cuernavaca El Ayuntamiento de Cuernavaca, a trav\u00e9s del Instituto de Cultura, adscrito a la Secretar\u00eda de Desarrollo Humano y Participaci\u00f3n Social (SDHyPS), llev\u00f3 a cabo con \u00e9xito [&hellip;]<\/p>\n","protected":false},"author":1,"featured_media":58740,"comment_status":"closed","ping_status":"open","sticky":false,"template":"","format":"standard","meta":[],"categories":[2292],"tags":[],"aioseo_notices":[],"_links":{"self":[{"href":"https:\/\/cuernavaca.gob.mx\/index.php?rest_route=\/wp\/v2\/posts\/58739"}],"collection":[{"href":"https:\/\/cuernavaca.gob.mx\/index.php?rest_route=\/wp\/v2\/posts"}],"about":[{"href":"https:\/\/cuernavaca.gob.mx\/index.php?rest_route=\/wp\/v2\/types\/post"}],"author":[{"embeddable":true,"href":"https:\/\/cuernavaca.gob.mx\/index.php?rest_route=\/wp\/v2\/users\/1"}],"replies":[{"embeddable":true,"href":"https:\/\/cuernavaca.gob.mx\/index.php?rest_route=%2Fwp%2Fv2%2Fcomments&post=58739"}],"version-history":[{"count":1,"href":"https:\/\/cuernavaca.gob.mx\/index.php?rest_route=\/wp\/v2\/posts\/58739\/revisions"}],"predecessor-version":[{"id":58745,"href":"https:\/\/cuernavaca.gob.mx\/index.php?rest_route=\/wp\/v2\/posts\/58739\/revisions\/58745"}],"wp:featuredmedia":[{"embeddable":true,"href":"https:\/\/cuernavaca.gob.mx\/index.php?rest_route=\/wp\/v2\/media\/58740"}],"wp:attachment":[{"href":"https:\/\/cuernavaca.gob.mx\/index.php?rest_route=%2Fwp%2Fv2%2Fmedia&parent=58739"}],"wp:term":[{"taxonomy":"category","embeddable":true,"href":"https:\/\/cuernavaca.gob.mx\/index.php?rest_route=%2Fwp%2Fv2%2Fcategories&post=58739"},{"taxonomy":"post_tag","embeddable":true,"href":"https:\/\/cuernavaca.gob.mx\/index.php?rest_route=%2Fwp%2Fv2%2Ftags&post=58739"}],"curies":[{"name":"wp","href":"https:\/\/api.w.org\/{rel}","templated":true}]}}