{"id":58755,"date":"2026-04-29T17:35:42","date_gmt":"2026-04-29T23:35:42","guid":{"rendered":"https:\/\/cuernavaca.gob.mx\/?p=58755"},"modified":"2026-04-30T11:01:06","modified_gmt":"2026-04-30T17:01:06","slug":"b1143-29-04-26-v","status":"publish","type":"post","link":"https:\/\/cuernavaca.gob.mx\/?p=58755","title":{"rendered":"B1143 29\/04\/26 COMPARECENCIAS DEL GABINETE MUNICIPAL MARCAN RUTA DE RESULTADOS Y CONTROL INSTITUCIONAL EN CUERNAVACA"},"content":{"rendered":"<p><strong>* El Cabildo reforz\u00f3 los mecanismos de supervisi\u00f3n, an\u00e1lisis y seguimiento de las pol\u00edticas p\u00fablicas municipales, con \u00e9nfasis en metas cumplidas y uso responsable de recursos<\/strong><\/p>\n<p>Con un enfoque centrado en resultados, transparencia y apertura institucional, el Cabildo del Ayuntamiento de Cuernavaca, encabezado por el alcalde Jos\u00e9 Luis Uri\u00f3stegui Salgado, concluy\u00f3 este mi\u00e9rcoles el ciclo de comparecencias del Gabinete Municipal, fortaleciendo los mecanismos de rendici\u00f3n de cuentas y supervisi\u00f3n del quehacer p\u00fablico.<\/p>\n<p>Durante la sesi\u00f3n ordinaria de Cabildo participaron el secretario de Desarrollo Econ\u00f3mico y Turismo, Marcos Manuel Su\u00e1rez Gerard; la consejera jur\u00eddica, Mar\u00eda Antonieta Luna Herrera; y la secretaria de Administraci\u00f3n, Rosa Icela G\u00f3mez D\u00edaz, quienes presentaron un balance puntual de avances, retos y acciones estrat\u00e9gicas en sus respectivas \u00e1reas.<\/p>\n<p>Este ejercicio trascendi\u00f3 la presentaci\u00f3n de informes para consolidarse como un espacio efectivo de an\u00e1lisis y evaluaci\u00f3n, donde las y los integrantes del cuerpo edilicio cuestionaron, contrastaron y dieron seguimiento a las pol\u00edticas p\u00fablicas municipales, con el prop\u00f3sito de garantizar resultados concretos en beneficio de la ciudadan\u00eda.<\/p>\n<p>Uno de los ejes centrales fue el di\u00e1logo directo entre regidoras, regidores, la s\u00edndica y el presidente municipal con los titulares de las dependencias, abordando temas clave como el cumplimiento de metas, la ejecuci\u00f3n de programas y la identificaci\u00f3n de \u00e1reas de oportunidad, lo que fortalece los mecanismos de control interno y la mejora continua.<\/p>\n<p>Las comparecencias formaron parte de una agenda iniciada hace dos semanas, orientada a consolidar una cultura de evaluaci\u00f3n permanente dentro del gobierno municipal, en la que cada \u00e1rea no solo informa, sino que asume compromisos medibles y verificables.<\/p>\n<p>Al respecto, el alcalde, Jos\u00e9 Luis Uri\u00f3stegui Salgado, se\u00f1al\u00f3 que la conclusi\u00f3n de este ejercicio permite contar con un panorama integral del desempe\u00f1o de todas las \u00e1reas de la administraci\u00f3n central y sus organismos descentralizados, as\u00ed como de las metas alcanzadas, la inversi\u00f3n realizada y el ejercicio del presupuesto, elementos que contribuyen a definir con claridad el rumbo del gobierno municipal.<\/p>\n<p>Reconoci\u00f3 que, si bien existen retos propios de la gesti\u00f3n p\u00fablica, su administraci\u00f3n mantiene el compromiso de seguir trabajando para mejorar las condiciones de vida de la poblaci\u00f3n, mediante el fortalecimiento de la obra p\u00fablica, los servicios municipales y la atenci\u00f3n efectiva de las necesidades ciudadanas.<\/p>\n<p>El Ayuntamiento de Cuernavaca reafirma su compromiso con un gobierno transparente, cercano y orientado a resultados, colocando a la ciudadan\u00eda en el centro de su actuaci\u00f3n.<\/p>\n\n\t\t<style type=\"text\/css\">\n\t\t\t#gallery-1 {\n\t\t\t\tmargin: auto;\n\t\t\t}\n\t\t\t#gallery-1 .gallery-item {\n\t\t\t\tfloat: left;\n\t\t\t\tmargin-top: 10px;\n\t\t\t\ttext-align: center;\n\t\t\t\twidth: 33%;\n\t\t\t}\n\t\t\t#gallery-1 img {\n\t\t\t\tborder: 2px solid #cfcfcf;\n\t\t\t}\n\t\t\t#gallery-1 .gallery-caption {\n\t\t\t\tmargin-left: 0;\n\t\t\t}\n\t\t\t\/* see gallery_shortcode() in wp-includes\/media.php *\/\n\t\t<\/style>\n\t\t<div id='gallery-1' class='gallery galleryid-58755 gallery-columns-3 gallery-size-thumbnail'><dl class='gallery-item'>\n\t\t\t<dt class='gallery-icon landscape'>\n\t\t\t\t<a href='https:\/\/cuernavaca.gob.mx\/?attachment_id=58756'><img width=\"150\" height=\"150\" src=\"https:\/\/cuernavaca.gob.mx\/wp-content\/uploads\/2026\/04\/COMPARECENCIAS-DEL-GABINETE-MUNICIPAL-MARCAN-RUTA-DE-RESULTADOS-Y-CONTROL-INSTITUCIONAL-EN-CUERNAVACA-1-150x150.jpg\" class=\"attachment-thumbnail size-thumbnail\" alt=\"\" loading=\"lazy\" \/><\/a>\n\t\t\t<\/dt><\/dl><dl class='gallery-item'>\n\t\t\t<dt class='gallery-icon landscape'>\n\t\t\t\t<a href='https:\/\/cuernavaca.gob.mx\/?attachment_id=58757'><img width=\"150\" height=\"150\" src=\"https:\/\/cuernavaca.gob.mx\/wp-content\/uploads\/2026\/04\/COMPARECENCIAS-DEL-GABINETE-MUNICIPAL-MARCAN-RUTA-DE-RESULTADOS-Y-CONTROL-INSTITUCIONAL-EN-CUERNAVACA-2-150x150.jpg\" class=\"attachment-thumbnail size-thumbnail\" alt=\"\" loading=\"lazy\" \/><\/a>\n\t\t\t<\/dt><\/dl><dl class='gallery-item'>\n\t\t\t<dt class='gallery-icon landscape'>\n\t\t\t\t<a href='https:\/\/cuernavaca.gob.mx\/?attachment_id=58758'><img width=\"150\" height=\"150\" src=\"https:\/\/cuernavaca.gob.mx\/wp-content\/uploads\/2026\/04\/COMPARECENCIAS-DEL-GABINETE-MUNICIPAL-MARCAN-RUTA-DE-RESULTADOS-Y-CONTROL-INSTITUCIONAL-EN-CUERNAVACA-3-150x150.jpg\" class=\"attachment-thumbnail size-thumbnail\" alt=\"\" loading=\"lazy\" \/><\/a>\n\t\t\t<\/dt><\/dl><br style=\"clear: both\" \/><dl class='gallery-item'>\n\t\t\t<dt class='gallery-icon landscape'>\n\t\t\t\t<a href='https:\/\/cuernavaca.gob.mx\/?attachment_id=58759'><img width=\"150\" height=\"150\" src=\"https:\/\/cuernavaca.gob.mx\/wp-content\/uploads\/2026\/04\/COMPARECENCIAS-DEL-GABINETE-MUNICIPAL-MARCAN-RUTA-DE-RESULTADOS-Y-CONTROL-INSTITUCIONAL-EN-CUERNAVACA-4-150x150.jpg\" class=\"attachment-thumbnail size-thumbnail\" alt=\"\" loading=\"lazy\" \/><\/a>\n\t\t\t<\/dt><\/dl><dl class='gallery-item'>\n\t\t\t<dt class='gallery-icon landscape'>\n\t\t\t\t<a href='https:\/\/cuernavaca.gob.mx\/?attachment_id=58760'><img width=\"150\" height=\"150\" src=\"https:\/\/cuernavaca.gob.mx\/wp-content\/uploads\/2026\/04\/COMPARECENCIAS-DEL-GABINETE-MUNICIPAL-MARCAN-RUTA-DE-RESULTADOS-Y-CONTROL-INSTITUCIONAL-EN-CUERNAVACA-5-150x150.jpg\" class=\"attachment-thumbnail size-thumbnail\" alt=\"\" loading=\"lazy\" \/><\/a>\n\t\t\t<\/dt><\/dl><dl class='gallery-item'>\n\t\t\t<dt class='gallery-icon landscape'>\n\t\t\t\t<a href='https:\/\/cuernavaca.gob.mx\/?attachment_id=58761'><img width=\"150\" height=\"150\" src=\"https:\/\/cuernavaca.gob.mx\/wp-content\/uploads\/2026\/04\/COMPARECENCIAS-DEL-GABINETE-MUNICIPAL-MARCAN-RUTA-DE-RESULTADOS-Y-CONTROL-INSTITUCIONAL-EN-CUERNAVACA-6-150x150.jpg\" class=\"attachment-thumbnail size-thumbnail\" alt=\"\" loading=\"lazy\" \/><\/a>\n\t\t\t<\/dt><\/dl><br style=\"clear: both\" \/><dl class='gallery-item'>\n\t\t\t<dt class='gallery-icon landscape'>\n\t\t\t\t<a href='https:\/\/cuernavaca.gob.mx\/?attachment_id=58762'><img width=\"150\" height=\"150\" src=\"https:\/\/cuernavaca.gob.mx\/wp-content\/uploads\/2026\/04\/COMPARECENCIAS-DEL-GABINETE-MUNICIPAL-MARCAN-RUTA-DE-RESULTADOS-Y-CONTROL-INSTITUCIONAL-EN-CUERNAVACA-7-150x150.jpg\" class=\"attachment-thumbnail size-thumbnail\" alt=\"\" loading=\"lazy\" \/><\/a>\n\t\t\t<\/dt><\/dl>\n\t\t\t<br style='clear: both' \/>\n\t\t<\/div>\n\n","protected":false},"excerpt":{"rendered":"<p>* El Cabildo reforz\u00f3 los mecanismos de supervisi\u00f3n, an\u00e1lisis y seguimiento de las pol\u00edticas p\u00fablicas municipales, con \u00e9nfasis en metas cumplidas y uso responsable de recursos Con un enfoque centrado en resultados, transparencia y apertura institucional, el Cabildo del Ayuntamiento de Cuernavaca, encabezado por el alcalde Jos\u00e9 Luis Uri\u00f3stegui Salgado, concluy\u00f3 este mi\u00e9rcoles el ciclo [&hellip;]<\/p>\n","protected":false},"author":1,"featured_media":58760,"comment_status":"closed","ping_status":"open","sticky":false,"template":"","format":"standard","meta":[],"categories":[1],"tags":[],"aioseo_notices":[],"_links":{"self":[{"href":"https:\/\/cuernavaca.gob.mx\/index.php?rest_route=\/wp\/v2\/posts\/58755"}],"collection":[{"href":"https:\/\/cuernavaca.gob.mx\/index.php?rest_route=\/wp\/v2\/posts"}],"about":[{"href":"https:\/\/cuernavaca.gob.mx\/index.php?rest_route=\/wp\/v2\/types\/post"}],"author":[{"embeddable":true,"href":"https:\/\/cuernavaca.gob.mx\/index.php?rest_route=\/wp\/v2\/users\/1"}],"replies":[{"embeddable":true,"href":"https:\/\/cuernavaca.gob.mx\/index.php?rest_route=%2Fwp%2Fv2%2Fcomments&post=58755"}],"version-history":[{"count":2,"href":"https:\/\/cuernavaca.gob.mx\/index.php?rest_route=\/wp\/v2\/posts\/58755\/revisions"}],"predecessor-version":[{"id":58764,"href":"https:\/\/cuernavaca.gob.mx\/index.php?rest_route=\/wp\/v2\/posts\/58755\/revisions\/58764"}],"wp:featuredmedia":[{"embeddable":true,"href":"https:\/\/cuernavaca.gob.mx\/index.php?rest_route=\/wp\/v2\/media\/58760"}],"wp:attachment":[{"href":"https:\/\/cuernavaca.gob.mx\/index.php?rest_route=%2Fwp%2Fv2%2Fmedia&parent=58755"}],"wp:term":[{"taxonomy":"category","embeddable":true,"href":"https:\/\/cuernavaca.gob.mx\/index.php?rest_route=%2Fwp%2Fv2%2Fcategories&post=58755"},{"taxonomy":"post_tag","embeddable":true,"href":"https:\/\/cuernavaca.gob.mx\/index.php?rest_route=%2Fwp%2Fv2%2Ftags&post=58755"}],"curies":[{"name":"wp","href":"https:\/\/api.w.org\/{rel}","templated":true}]}}