{"id":58766,"date":"2026-04-30T08:00:08","date_gmt":"2026-04-30T14:00:08","guid":{"rendered":"https:\/\/cuernavaca.gob.mx\/?p=58766"},"modified":"2026-04-30T11:19:35","modified_gmt":"2026-04-30T17:19:35","slug":"b1144-30-04-26-cuernavaca-conecta-educacion-turismo-y-desarrollo-economico-en-el-tianguis-turistico-2026","status":"publish","type":"post","link":"https:\/\/cuernavaca.gob.mx\/?p=58766","title":{"rendered":"B1144 30\/04\/26 CUERNAVACA CONECTA EDUCACI\u00d3N, TURISMO Y DESARROLLO ECON\u00d3MICO EN EL TIANGUIS TUR\u00cdSTICO 2026"},"content":{"rendered":"<p><strong>* El secretario de Desarrollo Econ\u00f3mico y Turismo de Cuernavaca realiz\u00f3 una visita a un modelo educativo innovador enfocado en el desarrollo de habilidades emprendedoras y formaci\u00f3n integral de estudiantes<\/strong><\/p>\n<p>Como parte de su agenda de trabajo en el Tianguis Tur\u00edstico M\u00e9xico 2026, edici\u00f3n n\u00famero 50, realizado en Acapulco, Guerrero, el secretario de Desarrollo Econ\u00f3mico y Turismo de Cuernavaca, Marcos Manuel Su\u00e1rez Gerard, llev\u00f3 a cabo una visita estrat\u00e9gica al Colegio Espa\u00f1ol Primaria, orientada a identificar modelos educativos que fortalezcan la formaci\u00f3n emprendedora desde edades tempranas.<\/p>\n<p>Durante el recorrido, el rector del Grupo Educativo Espa\u00f1ol, V\u00edctor Jorr\u00edn Lozano, present\u00f3 un esquema acad\u00e9mico enfocado en el desarrollo integral del alumnado, donde la ense\u00f1anza trasciende el aula mediante espacios especializados como laboratorios de innovaci\u00f3n y tecnolog\u00eda, \u00e1reas de producci\u00f3n en radio y televisi\u00f3n, as\u00ed como m\u00f3dulos dedicados al desarrollo de habilidades gerenciales y a la formaci\u00f3n en justicia y legalidad.<\/p>\n<p>Este modelo permite que las y los estudiantes adquieran competencias pr\u00e1cticas a trav\u00e9s de experiencias interactivas, alineadas con las demandas actuales del entorno econ\u00f3mico y social, lo que lo posiciona como un referente en la formaci\u00f3n de capital humano con visi\u00f3n emprendedora.<\/p>\n<p>Como parte de la visita, se desarroll\u00f3 una experiencia inmersiva en el auditorio 360\u00b0, donde, a trav\u00e9s de recorridos virtuales por distintas regiones del mundo, se promueve una perspectiva global que enriquece la formaci\u00f3n acad\u00e9mica.<\/p>\n<p>El Gobierno Municipal de Cuernavaca refuerza su visi\u00f3n de desarrollo econ\u00f3mico al vincular el turismo con la educaci\u00f3n y la innovaci\u00f3n, apostando por la formaci\u00f3n de talento como eje para la competitividad y el crecimiento sostenible.<\/p>\n\n\t\t<style type=\"text\/css\">\n\t\t\t#gallery-1 {\n\t\t\t\tmargin: auto;\n\t\t\t}\n\t\t\t#gallery-1 .gallery-item {\n\t\t\t\tfloat: left;\n\t\t\t\tmargin-top: 10px;\n\t\t\t\ttext-align: center;\n\t\t\t\twidth: 33%;\n\t\t\t}\n\t\t\t#gallery-1 img {\n\t\t\t\tborder: 2px solid #cfcfcf;\n\t\t\t}\n\t\t\t#gallery-1 .gallery-caption {\n\t\t\t\tmargin-left: 0;\n\t\t\t}\n\t\t\t\/* see gallery_shortcode() in wp-includes\/media.php *\/\n\t\t<\/style>\n\t\t<div id='gallery-1' class='gallery galleryid-58766 gallery-columns-3 gallery-size-thumbnail'><dl class='gallery-item'>\n\t\t\t<dt class='gallery-icon landscape'>\n\t\t\t\t<a href='https:\/\/cuernavaca.gob.mx\/?attachment_id=58767'><img width=\"150\" height=\"150\" src=\"https:\/\/cuernavaca.gob.mx\/wp-content\/uploads\/2026\/04\/CUERNAVACA-CONECTA-EDUCACIO\u0301N-TURISMO-Y-DESARROLLO-ECONO\u0301MICO-EN-EL-TIANGUIS-TURI\u0301STICO-2026-2-150x150.jpg\" class=\"attachment-thumbnail size-thumbnail\" alt=\"\" loading=\"lazy\" \/><\/a>\n\t\t\t<\/dt><\/dl><dl class='gallery-item'>\n\t\t\t<dt class='gallery-icon landscape'>\n\t\t\t\t<a href='https:\/\/cuernavaca.gob.mx\/?attachment_id=58768'><img width=\"150\" height=\"150\" src=\"https:\/\/cuernavaca.gob.mx\/wp-content\/uploads\/2026\/04\/CUERNAVACA-CONECTA-EDUCACIO\u0301N-TURISMO-Y-DESARROLLO-ECONO\u0301MICO-EN-EL-TIANGUIS-TURI\u0301STICO-2026-3-150x150.jpg\" class=\"attachment-thumbnail size-thumbnail\" alt=\"\" loading=\"lazy\" \/><\/a>\n\t\t\t<\/dt><\/dl><dl class='gallery-item'>\n\t\t\t<dt class='gallery-icon landscape'>\n\t\t\t\t<a href='https:\/\/cuernavaca.gob.mx\/?attachment_id=58769'><img width=\"150\" height=\"150\" src=\"https:\/\/cuernavaca.gob.mx\/wp-content\/uploads\/2026\/04\/CUERNAVACA-CONECTA-EDUCACIO\u0301N-TURISMO-Y-DESARROLLO-ECONO\u0301MICO-EN-EL-TIANGUIS-TURI\u0301STICO-2026-4-150x150.jpg\" class=\"attachment-thumbnail size-thumbnail\" alt=\"\" loading=\"lazy\" \/><\/a>\n\t\t\t<\/dt><\/dl><br style=\"clear: both\" \/><dl class='gallery-item'>\n\t\t\t<dt class='gallery-icon landscape'>\n\t\t\t\t<a href='https:\/\/cuernavaca.gob.mx\/?attachment_id=58770'><img width=\"150\" height=\"150\" src=\"https:\/\/cuernavaca.gob.mx\/wp-content\/uploads\/2026\/04\/CUERNAVACA-CONECTA-EDUCACIO\u0301N-TURISMO-Y-DESARROLLO-ECONO\u0301MICO-EN-EL-TIANGUIS-TURI\u0301STICO-2026-5-150x150.jpg\" class=\"attachment-thumbnail size-thumbnail\" alt=\"\" loading=\"lazy\" \/><\/a>\n\t\t\t<\/dt><\/dl><dl class='gallery-item'>\n\t\t\t<dt class='gallery-icon landscape'>\n\t\t\t\t<a href='https:\/\/cuernavaca.gob.mx\/?attachment_id=58771'><img width=\"150\" height=\"150\" src=\"https:\/\/cuernavaca.gob.mx\/wp-content\/uploads\/2026\/04\/CUERNAVACA-CONECTA-EDUCACIO\u0301N-TURISMO-Y-DESARROLLO-ECONO\u0301MICO-EN-EL-TIANGUIS-TURI\u0301STICO-2026-6-150x150.jpg\" class=\"attachment-thumbnail size-thumbnail\" alt=\"\" loading=\"lazy\" \/><\/a>\n\t\t\t<\/dt><\/dl><dl class='gallery-item'>\n\t\t\t<dt class='gallery-icon landscape'>\n\t\t\t\t<a href='https:\/\/cuernavaca.gob.mx\/?attachment_id=58772'><img width=\"150\" height=\"150\" src=\"https:\/\/cuernavaca.gob.mx\/wp-content\/uploads\/2026\/04\/CUERNAVACA-CONECTA-EDUCACIO\u0301N-TURISMO-Y-DESARROLLO-ECONO\u0301MICO-EN-EL-TIANGUIS-TURI\u0301STICO-2026-7-150x150.jpg\" class=\"attachment-thumbnail size-thumbnail\" alt=\"\" loading=\"lazy\" \/><\/a>\n\t\t\t<\/dt><\/dl><br style=\"clear: both\" \/>\n\t\t<\/div>\n\n","protected":false},"excerpt":{"rendered":"<p>* El secretario de Desarrollo Econ\u00f3mico y Turismo de Cuernavaca realiz\u00f3 una visita a un modelo educativo innovador enfocado en el desarrollo de habilidades emprendedoras y formaci\u00f3n integral de estudiantes Como parte de su agenda de trabajo en el Tianguis Tur\u00edstico M\u00e9xico 2026, edici\u00f3n n\u00famero 50, realizado en Acapulco, Guerrero, el secretario de Desarrollo Econ\u00f3mico [&hellip;]<\/p>\n","protected":false},"author":1,"featured_media":58771,"comment_status":"closed","ping_status":"open","sticky":false,"template":"","format":"standard","meta":[],"categories":[2294],"tags":[],"aioseo_notices":[],"_links":{"self":[{"href":"https:\/\/cuernavaca.gob.mx\/index.php?rest_route=\/wp\/v2\/posts\/58766"}],"collection":[{"href":"https:\/\/cuernavaca.gob.mx\/index.php?rest_route=\/wp\/v2\/posts"}],"about":[{"href":"https:\/\/cuernavaca.gob.mx\/index.php?rest_route=\/wp\/v2\/types\/post"}],"author":[{"embeddable":true,"href":"https:\/\/cuernavaca.gob.mx\/index.php?rest_route=\/wp\/v2\/users\/1"}],"replies":[{"embeddable":true,"href":"https:\/\/cuernavaca.gob.mx\/index.php?rest_route=%2Fwp%2Fv2%2Fcomments&post=58766"}],"version-history":[{"count":1,"href":"https:\/\/cuernavaca.gob.mx\/index.php?rest_route=\/wp\/v2\/posts\/58766\/revisions"}],"predecessor-version":[{"id":58773,"href":"https:\/\/cuernavaca.gob.mx\/index.php?rest_route=\/wp\/v2\/posts\/58766\/revisions\/58773"}],"wp:featuredmedia":[{"embeddable":true,"href":"https:\/\/cuernavaca.gob.mx\/index.php?rest_route=\/wp\/v2\/media\/58771"}],"wp:attachment":[{"href":"https:\/\/cuernavaca.gob.mx\/index.php?rest_route=%2Fwp%2Fv2%2Fmedia&parent=58766"}],"wp:term":[{"taxonomy":"category","embeddable":true,"href":"https:\/\/cuernavaca.gob.mx\/index.php?rest_route=%2Fwp%2Fv2%2Fcategories&post=58766"},{"taxonomy":"post_tag","embeddable":true,"href":"https:\/\/cuernavaca.gob.mx\/index.php?rest_route=%2Fwp%2Fv2%2Ftags&post=58766"}],"curies":[{"name":"wp","href":"https:\/\/api.w.org\/{rel}","templated":true}]}}