{"id":58774,"date":"2026-04-30T08:35:40","date_gmt":"2026-04-30T14:35:40","guid":{"rendered":"https:\/\/cuernavaca.gob.mx\/?p=58774"},"modified":"2026-04-30T11:30:05","modified_gmt":"2026-04-30T17:30:05","slug":"f229-30-04-26-servicios-publicos-de-cuernavaca-refuerza-podas-preventivas-ante-temporada-de-lluvias","status":"publish","type":"post","link":"https:\/\/cuernavaca.gob.mx\/?p=58774","title":{"rendered":"F229 30\/04\/26 SERVICIOS P\u00daBLICOS DE CUERNAVACA REFUERZA PODAS PREVENTIVAS ANTE TEMPORADA DE LLUVIAS"},"content":{"rendered":"<p>Con el objetivo de prevenir riesgos durante la pr\u00f3xima temporada de lluvias, la Secretar\u00eda de Desarrollo Sustentable y Servicios P\u00fablicos (SDSySP) de Cuernavaca, mediante sus \u00e1reas operativas, realiza trabajos de poda y mantenimiento de arbolado en distintos puntos de la ciudad.<\/p>\n<p>Estas labores forman parte de una estrategia integral para mantener en condiciones adecuadas el arbolado urbano, fortalecer su estructura, favorecer su crecimiento y reducir el riesgo de ca\u00edda de ramas ante lluvias intensas y vientos.<\/p>\n<p>Con ello, se protege la seguridad de peatones y automovilistas, al tiempo que se conservan las \u00e1reas verdes y se mejora la imagen urbana del municipio.<\/p>\n<p>El Gobierno Municipal, a trav\u00e9s de la SDSySP mantendr\u00e1 estas acciones de manera permanente en toda la ciudad e invita a la ciudadan\u00eda a respetar los trabajos, as\u00ed como a colaborar en el cuidado de los espacios p\u00fablicos para contribuir a un entorno m\u00e1s seguro y ordenado.<\/p>\n<p>&nbsp;<\/p>\n<p><img loading=\"lazy\" class=\"alignnone size-medium wp-image-58775\" src=\"https:\/\/cuernavaca.gob.mx\/wp-content\/uploads\/2026\/04\/SERVICIOS-PU\u0301BLICOS-DE-CUERNAVACA-REFUERZA-PODAS-PREVENTIVAS-ANTE-TEMPORADA-DE-LLUVIAS-1-225x300.jpg\" alt=\"\" width=\"225\" height=\"300\" srcset=\"https:\/\/cuernavaca.gob.mx\/wp-content\/uploads\/2026\/04\/SERVICIOS-PU\u0301BLICOS-DE-CUERNAVACA-REFUERZA-PODAS-PREVENTIVAS-ANTE-TEMPORADA-DE-LLUVIAS-1-225x300.jpg 225w, https:\/\/cuernavaca.gob.mx\/wp-content\/uploads\/2026\/04\/SERVICIOS-PU\u0301BLICOS-DE-CUERNAVACA-REFUERZA-PODAS-PREVENTIVAS-ANTE-TEMPORADA-DE-LLUVIAS-1-768x1023.jpg 768w, https:\/\/cuernavaca.gob.mx\/wp-content\/uploads\/2026\/04\/SERVICIOS-PU\u0301BLICOS-DE-CUERNAVACA-REFUERZA-PODAS-PREVENTIVAS-ANTE-TEMPORADA-DE-LLUVIAS-1-1153x1536.jpg 1153w, https:\/\/cuernavaca.gob.mx\/wp-content\/uploads\/2026\/04\/SERVICIOS-PU\u0301BLICOS-DE-CUERNAVACA-REFUERZA-PODAS-PREVENTIVAS-ANTE-TEMPORADA-DE-LLUVIAS-1-450x600.jpg 450w, https:\/\/cuernavaca.gob.mx\/wp-content\/uploads\/2026\/04\/SERVICIOS-PU\u0301BLICOS-DE-CUERNAVACA-REFUERZA-PODAS-PREVENTIVAS-ANTE-TEMPORADA-DE-LLUVIAS-1-420x560.jpg 420w, https:\/\/cuernavaca.gob.mx\/wp-content\/uploads\/2026\/04\/SERVICIOS-PU\u0301BLICOS-DE-CUERNAVACA-REFUERZA-PODAS-PREVENTIVAS-ANTE-TEMPORADA-DE-LLUVIAS-1.jpg 1200w\" sizes=\"(max-width: 225px) 100vw, 225px\" \/> <img loading=\"lazy\" class=\"alignnone size-medium wp-image-58776\" src=\"https:\/\/cuernavaca.gob.mx\/wp-content\/uploads\/2026\/04\/SERVICIOS-PU\u0301BLICOS-DE-CUERNAVACA-REFUERZA-PODAS-PREVENTIVAS-ANTE-TEMPORADA-DE-LLUVIAS-2-300x200.jpg\" alt=\"\" width=\"300\" height=\"200\" srcset=\"https:\/\/cuernavaca.gob.mx\/wp-content\/uploads\/2026\/04\/SERVICIOS-PU\u0301BLICOS-DE-CUERNAVACA-REFUERZA-PODAS-PREVENTIVAS-ANTE-TEMPORADA-DE-LLUVIAS-2-300x200.jpg 300w, https:\/\/cuernavaca.gob.mx\/wp-content\/uploads\/2026\/04\/SERVICIOS-PU\u0301BLICOS-DE-CUERNAVACA-REFUERZA-PODAS-PREVENTIVAS-ANTE-TEMPORADA-DE-LLUVIAS-2-1024x682.jpg 1024w, https:\/\/cuernavaca.gob.mx\/wp-content\/uploads\/2026\/04\/SERVICIOS-PU\u0301BLICOS-DE-CUERNAVACA-REFUERZA-PODAS-PREVENTIVAS-ANTE-TEMPORADA-DE-LLUVIAS-2-768x512.jpg 768w, https:\/\/cuernavaca.gob.mx\/wp-content\/uploads\/2026\/04\/SERVICIOS-PU\u0301BLICOS-DE-CUERNAVACA-REFUERZA-PODAS-PREVENTIVAS-ANTE-TEMPORADA-DE-LLUVIAS-2-1536x1023.jpg 1536w, https:\/\/cuernavaca.gob.mx\/wp-content\/uploads\/2026\/04\/SERVICIOS-PU\u0301BLICOS-DE-CUERNAVACA-REFUERZA-PODAS-PREVENTIVAS-ANTE-TEMPORADA-DE-LLUVIAS-2-600x400.jpg 600w, https:\/\/cuernavaca.gob.mx\/wp-content\/uploads\/2026\/04\/SERVICIOS-PU\u0301BLICOS-DE-CUERNAVACA-REFUERZA-PODAS-PREVENTIVAS-ANTE-TEMPORADA-DE-LLUVIAS-2-560x373.jpg 560w, https:\/\/cuernavaca.gob.mx\/wp-content\/uploads\/2026\/04\/SERVICIOS-PU\u0301BLICOS-DE-CUERNAVACA-REFUERZA-PODAS-PREVENTIVAS-ANTE-TEMPORADA-DE-LLUVIAS-2.jpg 1600w\" sizes=\"(max-width: 300px) 100vw, 300px\" \/> <img loading=\"lazy\" class=\"alignnone size-medium wp-image-58777\" src=\"https:\/\/cuernavaca.gob.mx\/wp-content\/uploads\/2026\/04\/SERVICIOS-PU\u0301BLICOS-DE-CUERNAVACA-REFUERZA-PODAS-PREVENTIVAS-ANTE-TEMPORADA-DE-LLUVIAS-3-225x300.jpg\" alt=\"\" width=\"225\" height=\"300\" srcset=\"https:\/\/cuernavaca.gob.mx\/wp-content\/uploads\/2026\/04\/SERVICIOS-PU\u0301BLICOS-DE-CUERNAVACA-REFUERZA-PODAS-PREVENTIVAS-ANTE-TEMPORADA-DE-LLUVIAS-3-225x300.jpg 225w, https:\/\/cuernavaca.gob.mx\/wp-content\/uploads\/2026\/04\/SERVICIOS-PU\u0301BLICOS-DE-CUERNAVACA-REFUERZA-PODAS-PREVENTIVAS-ANTE-TEMPORADA-DE-LLUVIAS-3-768x1023.jpg 768w, https:\/\/cuernavaca.gob.mx\/wp-content\/uploads\/2026\/04\/SERVICIOS-PU\u0301BLICOS-DE-CUERNAVACA-REFUERZA-PODAS-PREVENTIVAS-ANTE-TEMPORADA-DE-LLUVIAS-3-1153x1536.jpg 1153w, https:\/\/cuernavaca.gob.mx\/wp-content\/uploads\/2026\/04\/SERVICIOS-PU\u0301BLICOS-DE-CUERNAVACA-REFUERZA-PODAS-PREVENTIVAS-ANTE-TEMPORADA-DE-LLUVIAS-3-450x600.jpg 450w, https:\/\/cuernavaca.gob.mx\/wp-content\/uploads\/2026\/04\/SERVICIOS-PU\u0301BLICOS-DE-CUERNAVACA-REFUERZA-PODAS-PREVENTIVAS-ANTE-TEMPORADA-DE-LLUVIAS-3-420x560.jpg 420w, https:\/\/cuernavaca.gob.mx\/wp-content\/uploads\/2026\/04\/SERVICIOS-PU\u0301BLICOS-DE-CUERNAVACA-REFUERZA-PODAS-PREVENTIVAS-ANTE-TEMPORADA-DE-LLUVIAS-3.jpg 1200w\" sizes=\"(max-width: 225px) 100vw, 225px\" \/> <img loading=\"lazy\" class=\"alignnone size-medium wp-image-58778\" src=\"https:\/\/cuernavaca.gob.mx\/wp-content\/uploads\/2026\/04\/SERVICIOS-PU\u0301BLICOS-DE-CUERNAVACA-REFUERZA-PODAS-PREVENTIVAS-ANTE-TEMPORADA-DE-LLUVIAS-4-300x200.jpg\" alt=\"\" width=\"300\" height=\"200\" srcset=\"https:\/\/cuernavaca.gob.mx\/wp-content\/uploads\/2026\/04\/SERVICIOS-PU\u0301BLICOS-DE-CUERNAVACA-REFUERZA-PODAS-PREVENTIVAS-ANTE-TEMPORADA-DE-LLUVIAS-4-300x200.jpg 300w, https:\/\/cuernavaca.gob.mx\/wp-content\/uploads\/2026\/04\/SERVICIOS-PU\u0301BLICOS-DE-CUERNAVACA-REFUERZA-PODAS-PREVENTIVAS-ANTE-TEMPORADA-DE-LLUVIAS-4-1024x682.jpg 1024w, https:\/\/cuernavaca.gob.mx\/wp-content\/uploads\/2026\/04\/SERVICIOS-PU\u0301BLICOS-DE-CUERNAVACA-REFUERZA-PODAS-PREVENTIVAS-ANTE-TEMPORADA-DE-LLUVIAS-4-768x512.jpg 768w, https:\/\/cuernavaca.gob.mx\/wp-content\/uploads\/2026\/04\/SERVICIOS-PU\u0301BLICOS-DE-CUERNAVACA-REFUERZA-PODAS-PREVENTIVAS-ANTE-TEMPORADA-DE-LLUVIAS-4-1536x1023.jpg 1536w, https:\/\/cuernavaca.gob.mx\/wp-content\/uploads\/2026\/04\/SERVICIOS-PU\u0301BLICOS-DE-CUERNAVACA-REFUERZA-PODAS-PREVENTIVAS-ANTE-TEMPORADA-DE-LLUVIAS-4-600x400.jpg 600w, https:\/\/cuernavaca.gob.mx\/wp-content\/uploads\/2026\/04\/SERVICIOS-PU\u0301BLICOS-DE-CUERNAVACA-REFUERZA-PODAS-PREVENTIVAS-ANTE-TEMPORADA-DE-LLUVIAS-4-560x373.jpg 560w, https:\/\/cuernavaca.gob.mx\/wp-content\/uploads\/2026\/04\/SERVICIOS-PU\u0301BLICOS-DE-CUERNAVACA-REFUERZA-PODAS-PREVENTIVAS-ANTE-TEMPORADA-DE-LLUVIAS-4.jpg 1600w\" sizes=\"(max-width: 300px) 100vw, 300px\" \/> <img loading=\"lazy\" class=\"alignnone size-medium wp-image-58779\" src=\"https:\/\/cuernavaca.gob.mx\/wp-content\/uploads\/2026\/04\/SERVICIOS-PU\u0301BLICOS-DE-CUERNAVACA-REFUERZA-PODAS-PREVENTIVAS-ANTE-TEMPORADA-DE-LLUVIAS-5-225x300.jpg\" alt=\"\" width=\"225\" height=\"300\" srcset=\"https:\/\/cuernavaca.gob.mx\/wp-content\/uploads\/2026\/04\/SERVICIOS-PU\u0301BLICOS-DE-CUERNAVACA-REFUERZA-PODAS-PREVENTIVAS-ANTE-TEMPORADA-DE-LLUVIAS-5-225x300.jpg 225w, https:\/\/cuernavaca.gob.mx\/wp-content\/uploads\/2026\/04\/SERVICIOS-PU\u0301BLICOS-DE-CUERNAVACA-REFUERZA-PODAS-PREVENTIVAS-ANTE-TEMPORADA-DE-LLUVIAS-5-768x1024.jpg 768w, https:\/\/cuernavaca.gob.mx\/wp-content\/uploads\/2026\/04\/SERVICIOS-PU\u0301BLICOS-DE-CUERNAVACA-REFUERZA-PODAS-PREVENTIVAS-ANTE-TEMPORADA-DE-LLUVIAS-5-1152x1536.jpg 1152w, https:\/\/cuernavaca.gob.mx\/wp-content\/uploads\/2026\/04\/SERVICIOS-PU\u0301BLICOS-DE-CUERNAVACA-REFUERZA-PODAS-PREVENTIVAS-ANTE-TEMPORADA-DE-LLUVIAS-5-450x600.jpg 450w, https:\/\/cuernavaca.gob.mx\/wp-content\/uploads\/2026\/04\/SERVICIOS-PU\u0301BLICOS-DE-CUERNAVACA-REFUERZA-PODAS-PREVENTIVAS-ANTE-TEMPORADA-DE-LLUVIAS-5-420x560.jpg 420w, https:\/\/cuernavaca.gob.mx\/wp-content\/uploads\/2026\/04\/SERVICIOS-PU\u0301BLICOS-DE-CUERNAVACA-REFUERZA-PODAS-PREVENTIVAS-ANTE-TEMPORADA-DE-LLUVIAS-5.jpg 1200w\" sizes=\"(max-width: 225px) 100vw, 225px\" \/><\/p>\n","protected":false},"excerpt":{"rendered":"<p>Con el objetivo de prevenir riesgos durante la pr\u00f3xima temporada de lluvias, la Secretar\u00eda de Desarrollo Sustentable y Servicios P\u00fablicos (SDSySP) de Cuernavaca, mediante sus \u00e1reas operativas, realiza trabajos de poda y mantenimiento de arbolado en distintos puntos de la ciudad. Estas labores forman parte de una estrategia integral para mantener en condiciones adecuadas el [&hellip;]<\/p>\n","protected":false},"author":1,"featured_media":58777,"comment_status":"closed","ping_status":"open","sticky":false,"template":"","format":"standard","meta":[],"categories":[2271],"tags":[],"aioseo_notices":[],"_links":{"self":[{"href":"https:\/\/cuernavaca.gob.mx\/index.php?rest_route=\/wp\/v2\/posts\/58774"}],"collection":[{"href":"https:\/\/cuernavaca.gob.mx\/index.php?rest_route=\/wp\/v2\/posts"}],"about":[{"href":"https:\/\/cuernavaca.gob.mx\/index.php?rest_route=\/wp\/v2\/types\/post"}],"author":[{"embeddable":true,"href":"https:\/\/cuernavaca.gob.mx\/index.php?rest_route=\/wp\/v2\/users\/1"}],"replies":[{"embeddable":true,"href":"https:\/\/cuernavaca.gob.mx\/index.php?rest_route=%2Fwp%2Fv2%2Fcomments&post=58774"}],"version-history":[{"count":1,"href":"https:\/\/cuernavaca.gob.mx\/index.php?rest_route=\/wp\/v2\/posts\/58774\/revisions"}],"predecessor-version":[{"id":58780,"href":"https:\/\/cuernavaca.gob.mx\/index.php?rest_route=\/wp\/v2\/posts\/58774\/revisions\/58780"}],"wp:featuredmedia":[{"embeddable":true,"href":"https:\/\/cuernavaca.gob.mx\/index.php?rest_route=\/wp\/v2\/media\/58777"}],"wp:attachment":[{"href":"https:\/\/cuernavaca.gob.mx\/index.php?rest_route=%2Fwp%2Fv2%2Fmedia&parent=58774"}],"wp:term":[{"taxonomy":"category","embeddable":true,"href":"https:\/\/cuernavaca.gob.mx\/index.php?rest_route=%2Fwp%2Fv2%2Fcategories&post=58774"},{"taxonomy":"post_tag","embeddable":true,"href":"https:\/\/cuernavaca.gob.mx\/index.php?rest_route=%2Fwp%2Fv2%2Ftags&post=58774"}],"curies":[{"name":"wp","href":"https:\/\/api.w.org\/{rel}","templated":true}]}}