{"id":58781,"date":"2026-04-30T13:03:10","date_gmt":"2026-04-30T19:03:10","guid":{"rendered":"https:\/\/cuernavaca.gob.mx\/?p=58781"},"modified":"2026-04-30T13:03:10","modified_gmt":"2026-04-30T19:03:10","slug":"b1145-30-04-26-cuernavaca-refuerza-atencion-directa-en-territorio-con-cuernavaca-en-tu-colonia-en-antonio-barona","status":"publish","type":"post","link":"https:\/\/cuernavaca.gob.mx\/?p=58781","title":{"rendered":"B1145 30\/04\/26 CUERNAVACA REFUERZA ATENCI\u00d3N DIRECTA EN TERRITORIO CON &#8220;CUERNAVACA EN TU COLONIA&#8221; EN ANTONIO BARONA"},"content":{"rendered":"<p><strong>\u2022 El DIF Cuernavaca acerc\u00f3 servicios m\u00e9dicos, tr\u00e1mites, apoyos sociales y actividades comunitarias a familias de la delegaci\u00f3n, fortaleciendo el modelo de gobierno cercano impulsado por la administraci\u00f3n municipal<\/strong><\/p>\n<p>El Ayuntamiento de Cuernavaca, a trav\u00e9s del Sistema Municipal DIF encabezado por Luz Mar\u00eda Zagal Guzm\u00e1n, realiz\u00f3 este jueves una nueva jornada del programa &#8220;Cuernavaca en tu colonia&#8221; en la delegaci\u00f3n Antonio Barona, reafirmando la estrategia de gobierno cercano y atenci\u00f3n directa a la ciudadan\u00eda impulsada por el presidente municipal Jos\u00e9 Luis Uri\u00f3stegui Salgado.<\/p>\n<p>Durante esta jornada, vecinas y vecinos tuvieron acceso a servicios municipales, de salud y apoyo social en un solo punto de atenci\u00f3n, evitando traslados a oficinas centrales y facilitando la realizaci\u00f3n de tr\u00e1mites, lo que contribuye a una atenci\u00f3n m\u00e1s \u00e1gil y eficiente en territorio.<\/p>\n<p>La presidenta del DIF Cuernavaca subray\u00f3 que este programa funciona como un puente directo entre el gobierno y la ciudadan\u00eda, al integrar medicina general, atenci\u00f3n dental, de la Unidad B\u00e1sica de Rehabilitaci\u00f3n, donaci\u00f3n de ropa y calzado, vacunaci\u00f3n por parte del ISSSTE, as\u00ed como servicios de la Escuela de Belleza Oswely.<\/p>\n<p>Como parte del enfoque comunitario, y en el marco del D\u00eda de la Ni\u00f1a y el Ni\u00f1o, se llevaron a cabo actividades como pintacaritas y entrega de juguetes, generando espacios de convivencia y fortalecimiento del tejido social en la zona.<\/p>\n<p>Al respecto, el alcalde Jos\u00e9 Luis Uri\u00f3stegui Salgado reiter\u00f3 que \u201cCuernavaca en tu colonia\u201d es un modelo de atenci\u00f3n itinerante que traslada los servicios del Ayuntamiento directamente a las colonias, integrando \u00e1reas como salud, asistencia social, servicios p\u00fablicos, regularizaci\u00f3n de predios, tr\u00e1mites administrativos y programas sociales.<\/p>\n<p>En esta edici\u00f3n participaron la secretaria de Desarrollo Humano y Participaci\u00f3n Social, Sandra Pinz\u00f3n S\u00e1nchez; la directora de Prevenci\u00f3n Social de la Violencia de la Secretar\u00eda de Protecci\u00f3n y Auxilio Ciudadano, Guadalupe Isela Ch\u00e1vez Cardoso; el secretario del Ayuntamiento, \u00d3scar Cano Mondrag\u00f3n; y el secretario de Desarrollo Sustentable y Servicios P\u00fablicos, Alberto Men\u00e9ndez Serrano.<\/p>\n<p>Con esta jornada en Antonio Barona, el programa \u201cCuernavaca en tu colonia\u201d contin\u00faa su recorrido por distintas zonas del municipio, consolid\u00e1ndose como una estrategia permanente de cercan\u00eda institucional, atenci\u00f3n directa y presencia activa en el territorio.<\/p>\n\n\t\t<style type=\"text\/css\">\n\t\t\t#gallery-1 {\n\t\t\t\tmargin: auto;\n\t\t\t}\n\t\t\t#gallery-1 .gallery-item {\n\t\t\t\tfloat: left;\n\t\t\t\tmargin-top: 10px;\n\t\t\t\ttext-align: center;\n\t\t\t\twidth: 33%;\n\t\t\t}\n\t\t\t#gallery-1 img {\n\t\t\t\tborder: 2px solid #cfcfcf;\n\t\t\t}\n\t\t\t#gallery-1 .gallery-caption {\n\t\t\t\tmargin-left: 0;\n\t\t\t}\n\t\t\t\/* see gallery_shortcode() in wp-includes\/media.php *\/\n\t\t<\/style>\n\t\t<div id='gallery-1' class='gallery galleryid-58781 gallery-columns-3 gallery-size-thumbnail'><dl class='gallery-item'>\n\t\t\t<dt class='gallery-icon landscape'>\n\t\t\t\t<a href='https:\/\/cuernavaca.gob.mx\/?attachment_id=58782'><img width=\"150\" height=\"150\" src=\"https:\/\/cuernavaca.gob.mx\/wp-content\/uploads\/2026\/04\/CUERNAVACA-REFUERZA-ATENCIO\u0301N-DIRECTA-EN-TERRITORIO-CON-22CUERNAVACA-EN-TU-COLONIA22-EN-ANTONIO-BARONA-1-150x150.jpg\" class=\"attachment-thumbnail size-thumbnail\" alt=\"\" loading=\"lazy\" \/><\/a>\n\t\t\t<\/dt><\/dl><dl class='gallery-item'>\n\t\t\t<dt class='gallery-icon landscape'>\n\t\t\t\t<a href='https:\/\/cuernavaca.gob.mx\/?attachment_id=58783'><img width=\"150\" height=\"150\" src=\"https:\/\/cuernavaca.gob.mx\/wp-content\/uploads\/2026\/04\/CUERNAVACA-REFUERZA-ATENCIO\u0301N-DIRECTA-EN-TERRITORIO-CON-22CUERNAVACA-EN-TU-COLONIA22-EN-ANTONIO-BARONA-2-150x150.jpg\" class=\"attachment-thumbnail size-thumbnail\" alt=\"\" loading=\"lazy\" \/><\/a>\n\t\t\t<\/dt><\/dl><dl class='gallery-item'>\n\t\t\t<dt class='gallery-icon landscape'>\n\t\t\t\t<a href='https:\/\/cuernavaca.gob.mx\/?attachment_id=58784'><img width=\"150\" height=\"150\" src=\"https:\/\/cuernavaca.gob.mx\/wp-content\/uploads\/2026\/04\/CUERNAVACA-REFUERZA-ATENCIO\u0301N-DIRECTA-EN-TERRITORIO-CON-22CUERNAVACA-EN-TU-COLONIA22-EN-ANTONIO-BARONA-3-150x150.jpg\" class=\"attachment-thumbnail size-thumbnail\" alt=\"\" loading=\"lazy\" \/><\/a>\n\t\t\t<\/dt><\/dl><br style=\"clear: both\" \/><dl class='gallery-item'>\n\t\t\t<dt class='gallery-icon landscape'>\n\t\t\t\t<a href='https:\/\/cuernavaca.gob.mx\/?attachment_id=58785'><img width=\"150\" height=\"150\" src=\"https:\/\/cuernavaca.gob.mx\/wp-content\/uploads\/2026\/04\/CUERNAVACA-REFUERZA-ATENCIO\u0301N-DIRECTA-EN-TERRITORIO-CON-22CUERNAVACA-EN-TU-COLONIA22-EN-ANTONIO-BARONA-5-150x150.jpg\" class=\"attachment-thumbnail size-thumbnail\" alt=\"\" loading=\"lazy\" \/><\/a>\n\t\t\t<\/dt><\/dl><dl class='gallery-item'>\n\t\t\t<dt class='gallery-icon landscape'>\n\t\t\t\t<a href='https:\/\/cuernavaca.gob.mx\/?attachment_id=58786'><img width=\"150\" height=\"150\" src=\"https:\/\/cuernavaca.gob.mx\/wp-content\/uploads\/2026\/04\/CUERNAVACA-REFUERZA-ATENCIO\u0301N-DIRECTA-EN-TERRITORIO-CON-22CUERNAVACA-EN-TU-COLONIA22-EN-ANTONIO-BARONA-6-150x150.jpg\" class=\"attachment-thumbnail size-thumbnail\" alt=\"\" loading=\"lazy\" \/><\/a>\n\t\t\t<\/dt><\/dl><dl class='gallery-item'>\n\t\t\t<dt class='gallery-icon landscape'>\n\t\t\t\t<a href='https:\/\/cuernavaca.gob.mx\/?attachment_id=58787'><img width=\"150\" height=\"150\" src=\"https:\/\/cuernavaca.gob.mx\/wp-content\/uploads\/2026\/04\/CUERNAVACA-REFUERZA-ATENCIO\u0301N-DIRECTA-EN-TERRITORIO-CON-22CUERNAVACA-EN-TU-COLONIA22-EN-ANTONIO-BARONA-7-150x150.jpg\" class=\"attachment-thumbnail size-thumbnail\" alt=\"\" loading=\"lazy\" \/><\/a>\n\t\t\t<\/dt><\/dl><br style=\"clear: both\" \/><dl class='gallery-item'>\n\t\t\t<dt class='gallery-icon landscape'>\n\t\t\t\t<a href='https:\/\/cuernavaca.gob.mx\/?attachment_id=58788'><img width=\"150\" height=\"150\" src=\"https:\/\/cuernavaca.gob.mx\/wp-content\/uploads\/2026\/04\/CUERNAVACA-REFUERZA-ATENCIO\u0301N-DIRECTA-EN-TERRITORIO-CON-22CUERNAVACA-EN-TU-COLONIA22-EN-ANTONIO-BARONA-8-150x150.jpg\" class=\"attachment-thumbnail size-thumbnail\" alt=\"\" loading=\"lazy\" \/><\/a>\n\t\t\t<\/dt><\/dl><dl class='gallery-item'>\n\t\t\t<dt class='gallery-icon landscape'>\n\t\t\t\t<a href='https:\/\/cuernavaca.gob.mx\/?attachment_id=58789'><img width=\"150\" height=\"150\" src=\"https:\/\/cuernavaca.gob.mx\/wp-content\/uploads\/2026\/04\/CUERNAVACA-REFUERZA-ATENCIO\u0301N-DIRECTA-EN-TERRITORIO-CON-22CUERNAVACA-EN-TU-COLONIA22-EN-ANTONIO-BARONA-9-150x150.jpg\" class=\"attachment-thumbnail size-thumbnail\" alt=\"\" loading=\"lazy\" \/><\/a>\n\t\t\t<\/dt><\/dl><dl class='gallery-item'>\n\t\t\t<dt class='gallery-icon landscape'>\n\t\t\t\t<a href='https:\/\/cuernavaca.gob.mx\/?attachment_id=58790'><img width=\"150\" height=\"150\" src=\"https:\/\/cuernavaca.gob.mx\/wp-content\/uploads\/2026\/04\/CUERNAVACA-REFUERZA-ATENCIO\u0301N-DIRECTA-EN-TERRITORIO-CON-22CUERNAVACA-EN-TU-COLONIA22-EN-ANTONIO-BARONA-10-150x150.jpg\" class=\"attachment-thumbnail size-thumbnail\" alt=\"\" loading=\"lazy\" \/><\/a>\n\t\t\t<\/dt><\/dl><br style=\"clear: both\" \/><dl class='gallery-item'>\n\t\t\t<dt class='gallery-icon landscape'>\n\t\t\t\t<a href='https:\/\/cuernavaca.gob.mx\/?attachment_id=58791'><img width=\"150\" height=\"150\" src=\"https:\/\/cuernavaca.gob.mx\/wp-content\/uploads\/2026\/04\/CUERNAVACA-REFUERZA-ATENCIO\u0301N-DIRECTA-EN-TERRITORIO-CON-22CUERNAVACA-EN-TU-COLONIA22-EN-ANTONIO-BARONA-11-150x150.jpg\" class=\"attachment-thumbnail size-thumbnail\" alt=\"\" loading=\"lazy\" \/><\/a>\n\t\t\t<\/dt><\/dl><dl class='gallery-item'>\n\t\t\t<dt class='gallery-icon landscape'>\n\t\t\t\t<a href='https:\/\/cuernavaca.gob.mx\/?attachment_id=58792'><img width=\"150\" height=\"150\" src=\"https:\/\/cuernavaca.gob.mx\/wp-content\/uploads\/2026\/04\/CUERNAVACA-REFUERZA-ATENCIO\u0301N-DIRECTA-EN-TERRITORIO-CON-22CUERNAVACA-EN-TU-COLONIA22-EN-ANTONIO-BARONA-12-150x150.jpg\" class=\"attachment-thumbnail size-thumbnail\" alt=\"\" loading=\"lazy\" \/><\/a>\n\t\t\t<\/dt><\/dl><dl class='gallery-item'>\n\t\t\t<dt class='gallery-icon landscape'>\n\t\t\t\t<a href='https:\/\/cuernavaca.gob.mx\/?attachment_id=58793'><img width=\"150\" height=\"150\" src=\"https:\/\/cuernavaca.gob.mx\/wp-content\/uploads\/2026\/04\/CUERNAVACA-REFUERZA-ATENCIO\u0301N-DIRECTA-EN-TERRITORIO-CON-22CUERNAVACA-EN-TU-COLONIA22-EN-ANTONIO-BARONA-13-150x150.jpg\" class=\"attachment-thumbnail size-thumbnail\" alt=\"\" loading=\"lazy\" \/><\/a>\n\t\t\t<\/dt><\/dl><br style=\"clear: both\" \/><dl class='gallery-item'>\n\t\t\t<dt class='gallery-icon landscape'>\n\t\t\t\t<a href='https:\/\/cuernavaca.gob.mx\/?attachment_id=58794'><img width=\"150\" height=\"150\" src=\"https:\/\/cuernavaca.gob.mx\/wp-content\/uploads\/2026\/04\/CUERNAVACA-REFUERZA-ATENCIO\u0301N-DIRECTA-EN-TERRITORIO-CON-22CUERNAVACA-EN-TU-COLONIA22-EN-ANTONIO-BARONA-14-150x150.jpg\" class=\"attachment-thumbnail size-thumbnail\" alt=\"\" loading=\"lazy\" \/><\/a>\n\t\t\t<\/dt><\/dl><dl class='gallery-item'>\n\t\t\t<dt class='gallery-icon landscape'>\n\t\t\t\t<a href='https:\/\/cuernavaca.gob.mx\/?attachment_id=58795'><img width=\"150\" height=\"150\" src=\"https:\/\/cuernavaca.gob.mx\/wp-content\/uploads\/2026\/04\/CUERNAVACA-REFUERZA-ATENCIO\u0301N-DIRECTA-EN-TERRITORIO-CON-22CUERNAVACA-EN-TU-COLONIA22-EN-ANTONIO-BARONA-15-150x150.jpg\" class=\"attachment-thumbnail size-thumbnail\" alt=\"\" loading=\"lazy\" \/><\/a>\n\t\t\t<\/dt><\/dl>\n\t\t\t<br style='clear: both' \/>\n\t\t<\/div>\n\n","protected":false},"excerpt":{"rendered":"<p>\u2022 El DIF Cuernavaca acerc\u00f3 servicios m\u00e9dicos, tr\u00e1mites, apoyos sociales y actividades comunitarias a familias de la delegaci\u00f3n, fortaleciendo el modelo de gobierno cercano impulsado por la administraci\u00f3n municipal El Ayuntamiento de Cuernavaca, a trav\u00e9s del Sistema Municipal DIF encabezado por Luz Mar\u00eda Zagal Guzm\u00e1n, realiz\u00f3 este jueves una nueva jornada del programa &#8220;Cuernavaca en [&hellip;]<\/p>\n","protected":false},"author":1,"featured_media":58785,"comment_status":"closed","ping_status":"open","sticky":false,"template":"","format":"standard","meta":[],"categories":[16],"tags":[],"aioseo_notices":[],"_links":{"self":[{"href":"https:\/\/cuernavaca.gob.mx\/index.php?rest_route=\/wp\/v2\/posts\/58781"}],"collection":[{"href":"https:\/\/cuernavaca.gob.mx\/index.php?rest_route=\/wp\/v2\/posts"}],"about":[{"href":"https:\/\/cuernavaca.gob.mx\/index.php?rest_route=\/wp\/v2\/types\/post"}],"author":[{"embeddable":true,"href":"https:\/\/cuernavaca.gob.mx\/index.php?rest_route=\/wp\/v2\/users\/1"}],"replies":[{"embeddable":true,"href":"https:\/\/cuernavaca.gob.mx\/index.php?rest_route=%2Fwp%2Fv2%2Fcomments&post=58781"}],"version-history":[{"count":1,"href":"https:\/\/cuernavaca.gob.mx\/index.php?rest_route=\/wp\/v2\/posts\/58781\/revisions"}],"predecessor-version":[{"id":58796,"href":"https:\/\/cuernavaca.gob.mx\/index.php?rest_route=\/wp\/v2\/posts\/58781\/revisions\/58796"}],"wp:featuredmedia":[{"embeddable":true,"href":"https:\/\/cuernavaca.gob.mx\/index.php?rest_route=\/wp\/v2\/media\/58785"}],"wp:attachment":[{"href":"https:\/\/cuernavaca.gob.mx\/index.php?rest_route=%2Fwp%2Fv2%2Fmedia&parent=58781"}],"wp:term":[{"taxonomy":"category","embeddable":true,"href":"https:\/\/cuernavaca.gob.mx\/index.php?rest_route=%2Fwp%2Fv2%2Fcategories&post=58781"},{"taxonomy":"post_tag","embeddable":true,"href":"https:\/\/cuernavaca.gob.mx\/index.php?rest_route=%2Fwp%2Fv2%2Ftags&post=58781"}],"curies":[{"name":"wp","href":"https:\/\/api.w.org\/{rel}","templated":true}]}}