{"id":58797,"date":"2026-04-30T14:30:24","date_gmt":"2026-04-30T20:30:24","guid":{"rendered":"https:\/\/cuernavaca.gob.mx\/?p=58797"},"modified":"2026-04-30T15:14:50","modified_gmt":"2026-04-30T21:14:50","slug":"b1146-30-04-26-cuernavaca-impulsa-la-vinculacion-empresarial-con-la-expo-proveeduria-morelos-2026","status":"publish","type":"post","link":"https:\/\/cuernavaca.gob.mx\/?p=58797","title":{"rendered":"B1146 30\/04\/26 CUERNAVACA IMPULSA LA VINCULACI\u00d3N EMPRESARIAL CON LA EXPO PROVEEDUR\u00cdA MORELOS 2026"},"content":{"rendered":"<p><strong>\u2022 El evento reunir\u00e1 a productores, proveedores y empresas para generar v\u00ednculos comerciales directos y fortalecer la econom\u00eda local<\/strong><\/p>\n<p>Con el objetivo de fortalecer las cadenas de suministro, impulsar la vinculaci\u00f3n empresarial y generar nuevas oportunidades de negocio, el Ayuntamiento de Cuernavaca, a trav\u00e9s de la Secretar\u00eda de Desarrollo Econ\u00f3mico y Turismo (SDEyT), en coordinaci\u00f3n con la C\u00e1mara Nacional de la Industria de Restaurantes y Alimentos Condimentados (CANIRAC) Morelos, la Secretar\u00eda de Desarrollo Agropecuario del Gobierno del Estado (SEDAGRO) y asociaciones empresariales, anunci\u00f3 la realizaci\u00f3n de la Expo Proveedur\u00eda Morelos 2026, que se llevar\u00e1 a cabo los d\u00edas 13 y 14 de mayo en el Jard\u00edn La Estancia.<\/p>\n<p>En rueda de prensa, el secretario de Desarrollo Econ\u00f3mico y Turismo, Marcos Manuel Su\u00e1rez Gerard, indic\u00f3 que este evento reunir\u00e1 a productores, proveedores, empresarios y actores estrat\u00e9gicos del ecosistema econ\u00f3mico, consolid\u00e1ndose como una plataforma efectiva de articulaci\u00f3n entre los sectores productivo, comercial y de servicios.<\/p>\n<p>Subray\u00f3 que esta iniciativa responde a una visi\u00f3n clara de las pol\u00edticas p\u00fablicas establecidas por el alcalde Jos\u00e9 Luis Uri\u00f3stegui Salgado, orientadas a fortalecer la econom\u00eda desde lo local, integrando a los productores con quienes transforman, comercializan y generan consumo, y promoviendo as\u00ed cadenas de valor m\u00e1s s\u00f3lidas, competitivas y sostenibles.<\/p>\n<p>La presidenta del Consejo Nacional de Mujeres Empresarias, Comit\u00e9 Ejecutivo de Expo Proveedur\u00eda, Emilia Vidal, explic\u00f3 que este proyecto, creado por mujeres empresarias, se concibe como un espacio de vinculaci\u00f3n directa entre productores, proveedores y consumidores, eliminando intermediarios para garantizar costos m\u00e1s justos. En este contexto, enfatiz\u00f3 que la producci\u00f3n local cobra una relevancia fundamental para la reactivaci\u00f3n econ\u00f3mica, la cual debe sustentarse en principios de equidad.<\/p>\n<p>Por su parte, la titular de la Sedagro, Margarita Mar\u00eda Galeana Torres, se\u00f1al\u00f3 que la dependencia se suma con entusiasmo a este esfuerzo interinstitucional, cuyo objetivo es acortar las cadenas de distribuci\u00f3n y generar v\u00ednculos directos entre productores y compradores, adem\u00e1s de ofrecer un espacio para el encuentro, la convivencia y la generaci\u00f3n de relaciones comerciales que impulsen el desarrollo econ\u00f3mico regional.<\/p>\n<p>A su vez, la presidenta de CANIRAC Morelos, Karla Garc\u00eda Olgu\u00edn, agradeci\u00f3 la apertura del secretario Su\u00e1rez Gerard para escuchar propuestas que fortalecen no solo a Cuernavaca, sino a todo el estado. Destac\u00f3 que la Expo Proveedur\u00eda surge como una plataforma estrat\u00e9gica para generar v\u00ednculos reales entre expositores y sectores como el restaurantero, hotelero y de servicios.<\/p>\n<p>Agreg\u00f3 que, a diferencia de otros eventos, en esta Expo no solo se exhibir\u00e1n productos, sino que se promover\u00e1 la venta directa y, sobre todo, la creaci\u00f3n de relaciones comerciales a largo plazo, permitiendo a los productores integrarse de manera m\u00e1s s\u00f3lida al mercado y fomentando el consumo local y el crecimiento conjunto.<\/p>\n<p>La presidenta del Consejo Coordinador Empresarial, Griselda Hurtado Calder\u00f3n, refrend\u00f3 el compromiso de convocar de manera directa a c\u00e1maras empresariales, as\u00ed como a empresarias y empresarios, para sumarse a este evento.<\/p>\n<p>Cabe mencionar que el evento contar\u00e1 con una amplia red de productores morelenses, entre los que destacan Moltalli, Ixtli, Bio Flora, Mikita, El Andariego, Nopimor, Apiarios Alonso y Real de Huautla, junto con productores de jitomate de Tetela y acuacultores de la regi\u00f3n Jiutepec-Temixco.<\/p>\n<p>Asimismo, se contempla la vinculaci\u00f3n con el Consejo Estatal de Agroexportadores y Agroindustriales de Morelos (CEAYAM), y la participaci\u00f3n de diversas embajadas, lo que permitir\u00e1 fortalecer las oportunidades de acceso a mercados nacionales e internacionales.<\/p>\n<p>La Expo Proveedur\u00eda Morelos 2026 tendr\u00e1 entre sus invitados especiales a B\u00e1rbara Botello, titular de la marca Hecho en M\u00e9xico, y a Roc\u00edo Mej\u00eda, de Financiera para el Bienestar. Adem\u00e1s, contar\u00e1 con un programa integral que incluye stands de exposici\u00f3n, conferencias especializadas, espacios de networking estrat\u00e9gico, y un \u00e1rea de convivencia y venta de alimentos.<\/p>\n<p>Con esta iniciativa, el Ayuntamiento de Cuernavaca reafirma su compromiso de posicionar a la ciudad capital como un nodo estrat\u00e9gico de vinculaci\u00f3n econ\u00f3mica, capaz de generar alianzas, impulsar la competitividad empresarial y detonar el desarrollo sostenible en Morelos.<\/p>\n<p>Informes y contacto<br \/>\nTel\u00e9fono: 55 31 24 01 25<br \/>\nCorreo electr\u00f3nico: expoproveeduriamorelos@gmail.com<\/p>\n<p>&nbsp;<\/p>\n\n\t\t<style type=\"text\/css\">\n\t\t\t#gallery-1 {\n\t\t\t\tmargin: auto;\n\t\t\t}\n\t\t\t#gallery-1 .gallery-item {\n\t\t\t\tfloat: left;\n\t\t\t\tmargin-top: 10px;\n\t\t\t\ttext-align: center;\n\t\t\t\twidth: 33%;\n\t\t\t}\n\t\t\t#gallery-1 img {\n\t\t\t\tborder: 2px solid #cfcfcf;\n\t\t\t}\n\t\t\t#gallery-1 .gallery-caption {\n\t\t\t\tmargin-left: 0;\n\t\t\t}\n\t\t\t\/* see gallery_shortcode() in wp-includes\/media.php *\/\n\t\t<\/style>\n\t\t<div id='gallery-1' class='gallery galleryid-58797 gallery-columns-3 gallery-size-thumbnail'><dl class='gallery-item'>\n\t\t\t<dt class='gallery-icon landscape'>\n\t\t\t\t<a href='https:\/\/cuernavaca.gob.mx\/?attachment_id=58798'><img width=\"150\" height=\"150\" src=\"https:\/\/cuernavaca.gob.mx\/wp-content\/uploads\/2026\/04\/oCUERNAVACA-IMPULSA-LA-VINCULACIO\u0301N-EMPRESARIAL-CON-LA-EXPO-PROVEEDURI\u0301A-MORELOS-2026-1-150x150.jpg\" class=\"attachment-thumbnail size-thumbnail\" alt=\"\" loading=\"lazy\" \/><\/a>\n\t\t\t<\/dt><\/dl><dl class='gallery-item'>\n\t\t\t<dt class='gallery-icon landscape'>\n\t\t\t\t<a href='https:\/\/cuernavaca.gob.mx\/?attachment_id=58799'><img width=\"150\" height=\"150\" src=\"https:\/\/cuernavaca.gob.mx\/wp-content\/uploads\/2026\/04\/CUERNAVACA-IMPULSA-LA-VINCULACIO\u0301N-EMPRESARIAL-CON-LA-EXPO-PROVEEDURI\u0301A-MORELOS-2026-2-150x150.jpg\" class=\"attachment-thumbnail size-thumbnail\" alt=\"\" loading=\"lazy\" \/><\/a>\n\t\t\t<\/dt><\/dl><dl class='gallery-item'>\n\t\t\t<dt class='gallery-icon landscape'>\n\t\t\t\t<a href='https:\/\/cuernavaca.gob.mx\/?attachment_id=58800'><img width=\"150\" height=\"150\" src=\"https:\/\/cuernavaca.gob.mx\/wp-content\/uploads\/2026\/04\/CUERNAVACA-IMPULSA-LA-VINCULACIO\u0301N-EMPRESARIAL-CON-LA-EXPO-PROVEEDURI\u0301A-MORELOS-2026-3-150x150.jpg\" class=\"attachment-thumbnail size-thumbnail\" alt=\"\" loading=\"lazy\" \/><\/a>\n\t\t\t<\/dt><\/dl><br style=\"clear: both\" \/>\n\t\t<\/div>\n\n","protected":false},"excerpt":{"rendered":"<p>\u2022 El evento reunir\u00e1 a productores, proveedores y empresas para generar v\u00ednculos comerciales directos y fortalecer la econom\u00eda local Con el objetivo de fortalecer las cadenas de suministro, impulsar la vinculaci\u00f3n empresarial y generar nuevas oportunidades de negocio, el Ayuntamiento de Cuernavaca, a trav\u00e9s de la Secretar\u00eda de Desarrollo Econ\u00f3mico y Turismo (SDEyT), en coordinaci\u00f3n [&hellip;]<\/p>\n","protected":false},"author":1,"featured_media":58800,"comment_status":"closed","ping_status":"open","sticky":false,"template":"","format":"standard","meta":[],"categories":[1],"tags":[],"aioseo_notices":[],"_links":{"self":[{"href":"https:\/\/cuernavaca.gob.mx\/index.php?rest_route=\/wp\/v2\/posts\/58797"}],"collection":[{"href":"https:\/\/cuernavaca.gob.mx\/index.php?rest_route=\/wp\/v2\/posts"}],"about":[{"href":"https:\/\/cuernavaca.gob.mx\/index.php?rest_route=\/wp\/v2\/types\/post"}],"author":[{"embeddable":true,"href":"https:\/\/cuernavaca.gob.mx\/index.php?rest_route=\/wp\/v2\/users\/1"}],"replies":[{"embeddable":true,"href":"https:\/\/cuernavaca.gob.mx\/index.php?rest_route=%2Fwp%2Fv2%2Fcomments&post=58797"}],"version-history":[{"count":1,"href":"https:\/\/cuernavaca.gob.mx\/index.php?rest_route=\/wp\/v2\/posts\/58797\/revisions"}],"predecessor-version":[{"id":58801,"href":"https:\/\/cuernavaca.gob.mx\/index.php?rest_route=\/wp\/v2\/posts\/58797\/revisions\/58801"}],"wp:featuredmedia":[{"embeddable":true,"href":"https:\/\/cuernavaca.gob.mx\/index.php?rest_route=\/wp\/v2\/media\/58800"}],"wp:attachment":[{"href":"https:\/\/cuernavaca.gob.mx\/index.php?rest_route=%2Fwp%2Fv2%2Fmedia&parent=58797"}],"wp:term":[{"taxonomy":"category","embeddable":true,"href":"https:\/\/cuernavaca.gob.mx\/index.php?rest_route=%2Fwp%2Fv2%2Fcategories&post=58797"},{"taxonomy":"post_tag","embeddable":true,"href":"https:\/\/cuernavaca.gob.mx\/index.php?rest_route=%2Fwp%2Fv2%2Ftags&post=58797"}],"curies":[{"name":"wp","href":"https:\/\/api.w.org\/{rel}","templated":true}]}}