{"id":58842,"date":"2026-05-02T08:00:48","date_gmt":"2026-05-02T14:00:48","guid":{"rendered":"https:\/\/cuernavaca.gob.mx\/?p=58842"},"modified":"2026-05-02T15:35:15","modified_gmt":"2026-05-02T21:35:15","slug":"b1149-02-05-26-cuernavaca-concluye-taller-de-cereria-en-la-colonia-antonio-barona-para-fortalecer-oficios-tradicionales","status":"publish","type":"post","link":"https:\/\/cuernavaca.gob.mx\/?p=58842","title":{"rendered":"B1149 02\/05\/26 CUERNAVACA CONCLUYE TALLER DE CERER\u00cdA EN LA COLONIA ANTONIO BARONA PARA FORTALECER OFICIOS TRADICIONALES"},"content":{"rendered":"<p><strong>\u2022 Las participantes destacaron la importancia de esta iniciativa como una oportunidad de aprendizaje con potencial para el autoempleo y el fortalecimiento de su econom\u00eda familiar<\/strong><\/p>\n<p>Como parte de las acciones orientadas al fortalecimiento del desarrollo comunitario y la preservaci\u00f3n de los oficios tradicionales, el Ayuntamiento de Cuernavaca, a trav\u00e9s de la Secretar\u00eda de Desarrollo Humano y Participaci\u00f3n Social (SDHyPS) y el Instituto de Cultura de Cuernavaca, concluy\u00f3 el taller de cerer\u00eda realizado en el Centro de Desarrollo Comunitario (CDC) de la colonia Antonio Barona.<\/p>\n<p>Durante los meses de marzo y abril, vecinas de la comunidad asistieron a la capacitaci\u00f3n impartida por el maestro cerero Juan Carlos Garc\u00eda, quien ense\u00f1\u00f3 t\u00e9cnicas tradicionales para la elaboraci\u00f3n de velas artesanales. A lo largo de las sesiones pr\u00e1cticas, adquirieron conocimientos sobre el manejo de materiales, los procesos de elaboraci\u00f3n y el cuidado en los acabados, desarrollando piezas que reflejan creatividad y dedicaci\u00f3n.<\/p>\n<p>El taller permiti\u00f3 consolidar un espacio de convivencia e intercambio de saberes, fortaleciendo la organizaci\u00f3n comunitaria y promoviendo la colaboraci\u00f3n entre las participantes.<\/p>\n<p>Las asistentes expresaron su agradecimiento por esta iniciativa, al representar una oportunidad de aprendizaje con potencial de autoempleo. Las herramientas adquiridas permiten la elaboraci\u00f3n de productos con valor cultural y comercial, contribuyendo al fortalecimiento de la econom\u00eda familiar y la autonom\u00eda econ\u00f3mica.<\/p>\n<p>Con esta actividad, se reafirma el inter\u00e9s de la comunidad en la preservaci\u00f3n de las tradiciones artesanales, como una expresi\u00f3n cultural que se transmite de generaci\u00f3n en generaci\u00f3n, al tiempo que se fortalecen espacios incluyentes de aprendizaje y participaci\u00f3n ciudadana.<\/p>\n<p>El Gobierno Municipal refrenda su compromiso con el impulso de programas orientados al desarrollo integral de las personas, el rescate de oficios tradicionales y la construcci\u00f3n de comunidades m\u00e1s unidas y con mayores oportunidades de bienestar.<\/p>\n\n\t\t<style type=\"text\/css\">\n\t\t\t#gallery-1 {\n\t\t\t\tmargin: auto;\n\t\t\t}\n\t\t\t#gallery-1 .gallery-item {\n\t\t\t\tfloat: left;\n\t\t\t\tmargin-top: 10px;\n\t\t\t\ttext-align: center;\n\t\t\t\twidth: 33%;\n\t\t\t}\n\t\t\t#gallery-1 img {\n\t\t\t\tborder: 2px solid #cfcfcf;\n\t\t\t}\n\t\t\t#gallery-1 .gallery-caption {\n\t\t\t\tmargin-left: 0;\n\t\t\t}\n\t\t\t\/* see gallery_shortcode() in wp-includes\/media.php *\/\n\t\t<\/style>\n\t\t<div id='gallery-1' class='gallery galleryid-58842 gallery-columns-3 gallery-size-thumbnail'><dl class='gallery-item'>\n\t\t\t<dt class='gallery-icon portrait'>\n\t\t\t\t<a href='https:\/\/cuernavaca.gob.mx\/?attachment_id=58843'><img width=\"150\" height=\"150\" src=\"https:\/\/cuernavaca.gob.mx\/wp-content\/uploads\/2026\/05\/CUERNAVACA-CONCLUYE-TALLER-DE-CERERI\u0301A-EN-LA-COLONIA-ANTONIO-BARONA-PARA-FORTALECER-OFICIOS-TRADICIONALES-1-150x150.jpg\" class=\"attachment-thumbnail size-thumbnail\" alt=\"\" loading=\"lazy\" \/><\/a>\n\t\t\t<\/dt><\/dl><dl class='gallery-item'>\n\t\t\t<dt class='gallery-icon portrait'>\n\t\t\t\t<a href='https:\/\/cuernavaca.gob.mx\/?attachment_id=58844'><img width=\"150\" height=\"150\" src=\"https:\/\/cuernavaca.gob.mx\/wp-content\/uploads\/2026\/05\/CUERNAVACA-CONCLUYE-TALLER-DE-CERERI\u0301A-EN-LA-COLONIA-ANTONIO-BARONA-PARA-FORTALECER-OFICIOS-TRADICIONALES-2-150x150.jpg\" class=\"attachment-thumbnail size-thumbnail\" alt=\"\" loading=\"lazy\" \/><\/a>\n\t\t\t<\/dt><\/dl><dl class='gallery-item'>\n\t\t\t<dt class='gallery-icon portrait'>\n\t\t\t\t<a href='https:\/\/cuernavaca.gob.mx\/?attachment_id=58845'><img width=\"150\" height=\"150\" src=\"https:\/\/cuernavaca.gob.mx\/wp-content\/uploads\/2026\/05\/CUERNAVACA-CONCLUYE-TALLER-DE-CERERI\u0301A-EN-LA-COLONIA-ANTONIO-BARONA-PARA-FORTALECER-OFICIOS-TRADICIONALES-3-150x150.jpg\" class=\"attachment-thumbnail size-thumbnail\" alt=\"\" loading=\"lazy\" \/><\/a>\n\t\t\t<\/dt><\/dl><br style=\"clear: both\" \/><dl class='gallery-item'>\n\t\t\t<dt class='gallery-icon portrait'>\n\t\t\t\t<a href='https:\/\/cuernavaca.gob.mx\/?attachment_id=58846'><img width=\"150\" height=\"150\" src=\"https:\/\/cuernavaca.gob.mx\/wp-content\/uploads\/2026\/05\/CUERNAVACA-CONCLUYE-TALLER-DE-CERERI\u0301A-EN-LA-COLONIA-ANTONIO-BARONA-PARA-FORTALECER-OFICIOS-TRADICIONALES-4-150x150.jpg\" class=\"attachment-thumbnail size-thumbnail\" alt=\"\" loading=\"lazy\" \/><\/a>\n\t\t\t<\/dt><\/dl>\n\t\t\t<br style='clear: both' \/>\n\t\t<\/div>\n\n","protected":false},"excerpt":{"rendered":"<p>\u2022 Las participantes destacaron la importancia de esta iniciativa como una oportunidad de aprendizaje con potencial para el autoempleo y el fortalecimiento de su econom\u00eda familiar Como parte de las acciones orientadas al fortalecimiento del desarrollo comunitario y la preservaci\u00f3n de los oficios tradicionales, el Ayuntamiento de Cuernavaca, a trav\u00e9s de la Secretar\u00eda de Desarrollo [&hellip;]<\/p>\n","protected":false},"author":1,"featured_media":58846,"comment_status":"closed","ping_status":"open","sticky":false,"template":"","format":"standard","meta":[],"categories":[862],"tags":[],"aioseo_notices":[],"_links":{"self":[{"href":"https:\/\/cuernavaca.gob.mx\/index.php?rest_route=\/wp\/v2\/posts\/58842"}],"collection":[{"href":"https:\/\/cuernavaca.gob.mx\/index.php?rest_route=\/wp\/v2\/posts"}],"about":[{"href":"https:\/\/cuernavaca.gob.mx\/index.php?rest_route=\/wp\/v2\/types\/post"}],"author":[{"embeddable":true,"href":"https:\/\/cuernavaca.gob.mx\/index.php?rest_route=\/wp\/v2\/users\/1"}],"replies":[{"embeddable":true,"href":"https:\/\/cuernavaca.gob.mx\/index.php?rest_route=%2Fwp%2Fv2%2Fcomments&post=58842"}],"version-history":[{"count":1,"href":"https:\/\/cuernavaca.gob.mx\/index.php?rest_route=\/wp\/v2\/posts\/58842\/revisions"}],"predecessor-version":[{"id":58847,"href":"https:\/\/cuernavaca.gob.mx\/index.php?rest_route=\/wp\/v2\/posts\/58842\/revisions\/58847"}],"wp:featuredmedia":[{"embeddable":true,"href":"https:\/\/cuernavaca.gob.mx\/index.php?rest_route=\/wp\/v2\/media\/58846"}],"wp:attachment":[{"href":"https:\/\/cuernavaca.gob.mx\/index.php?rest_route=%2Fwp%2Fv2%2Fmedia&parent=58842"}],"wp:term":[{"taxonomy":"category","embeddable":true,"href":"https:\/\/cuernavaca.gob.mx\/index.php?rest_route=%2Fwp%2Fv2%2Fcategories&post=58842"},{"taxonomy":"post_tag","embeddable":true,"href":"https:\/\/cuernavaca.gob.mx\/index.php?rest_route=%2Fwp%2Fv2%2Ftags&post=58842"}],"curies":[{"name":"wp","href":"https:\/\/api.w.org\/{rel}","templated":true}]}}