{"id":58849,"date":"2026-05-02T13:46:02","date_gmt":"2026-05-02T19:46:02","guid":{"rendered":"https:\/\/cuernavaca.gob.mx\/?p=58849"},"modified":"2026-05-02T15:53:06","modified_gmt":"2026-05-02T21:53:06","slug":"b1150-02-05-26-jose-luis-uriostegui-refuerza-su-apuesta-por-espacios-publicos-activos-y-seguros-con-el-skate-park-el-salto-en-san-anton","status":"publish","type":"post","link":"https:\/\/cuernavaca.gob.mx\/?p=58849","title":{"rendered":"B1150 02\/05\/26 JOS\u00c9 LUIS URI\u00d3STEGUI REFUERZA SU APUESTA POR ESPACIOS P\u00daBLICOS ACTIVOS Y SEGUROS CON EL SKATE PARK &#8220;EL SALTO&#8221; EN SAN ANT\u00d3N"},"content":{"rendered":"<p><strong>* Con un Demo Skate y el Skate Fest Cuernavaca, el Gobierno Municipal impulsa la convivencia comunitaria a trav\u00e9s del deporte en un espacio publico reci\u00e9n rehabilitado<\/strong><\/p>\n<p>Como parte de la estrategia para recuperar y activar los espacios p\u00fablicos en beneficio de la comunidad, el presidente municipal de Cuernavaca, Jos\u00e9 Luis Uri\u00f3stegui Salgado, encabez\u00f3 este s\u00e1bado la apertura de actividades del skate park &#8220;El Salto&#8221;, ubicado en el poblado de San Ant\u00f3n, consolid\u00e1ndose como un punto de encuentro para la convivencia familiar, la pr\u00e1ctica deportiva y la integraci\u00f3n social.<\/p>\n<p>A trav\u00e9s del Demo Skate y el Skate Fest Cuernavaca, el parque reafirm\u00f3 su vocaci\u00f3n comunitaria con la participaci\u00f3n de ni\u00f1as, ni\u00f1os, j\u00f3venes y familias, quienes disfrutaron exhibiciones de alto nivel a cargo de skaters reconocidos a nivel nacional e internacional, adem\u00e1s de integrarse en competencias para principiantes, intermedios y avanzados.<\/p>\n<p>Durante el acto, acompa\u00f1ado por su esposa, Luz Mar\u00eda Zagal Guzm\u00e1n, presidenta del DIF Cuernavaca, el alcalde detall\u00f3 que la rehabilitaci\u00f3n de este espacio represent\u00f3 una inversi\u00f3n de un mill\u00f3n 445 mil 518.82 pesos provenientes de recursos municipales, como parte de una visi\u00f3n integral orientada a fomentar estilos de vida saludables y fortalecer el tejido social.<\/p>\n<p>El parque no solo cuenta con una pista de skate, sino tambi\u00e9n con infraestructura complementaria como sanitarios, juegos infantiles, asadores y una cancha de f\u00fatbol r\u00e1pido, lo que lo convierte en un sitio multifuncional dise\u00f1ado para el disfrute de personas de todas las edades.<\/p>\n<p>En el evento participaron destacados patinadores como Bryan Coria, Oscar Meza, Fernan Origel y Mario Guti\u00e9rrez, quienes coincidieron en que contar con \u00e1reas dignas impulsa el desarrollo del talento local y motiva a nuevas generaciones a integrarse al deporte.<\/p>\n<p>En este sentido, Fernan Origel expres\u00f3 que el skateboarding, disciplina presente en los Juegos Ol\u00edmpicos, requiere infraestructura adecuada para su crecimiento, por lo que celebr\u00f3 la apuesta del municipio por este tipo de proyectos.<\/p>\n<p>Vecinas y vecinos tambi\u00e9n reconocieron el impacto positivo de la obra. Adriana Cacho se\u00f1al\u00f3 que este espacio ha permitido a su hijo acercarse al deporte y aprovechar su tiempo libre en un entorno seguro y funcional, evidenciando el valor social de este tipo de acciones del Ayuntamiento capitalino.<\/p>\n<p>Al evento asistieron autoridades municipales, entre ellas la regidora Miriam Barajas Basilio; el secretario de Desarrollo Urbano y Obras P\u00fablicas, Demetrio Chavira de la Torre; el secretario de Desarrollo Sustentable y Servicios P\u00fablicos, Alberto Menendez Serrano; el director general del Instituto del Deporte, Arturo S\u00e1nchez Mart\u00ednez; as\u00ed como Huber Rom\u00e1n Cuevas, representante del Instituto del Deporte, adem\u00e1s de habitantes de la comunidad, quienes coincidieron en que la recuperaci\u00f3n de espacios p\u00fablicos representa una inversi\u00f3n directa en bienestar, seguridad y cohesi\u00f3n social.<\/p>\n\n\t\t<style type=\"text\/css\">\n\t\t\t#gallery-1 {\n\t\t\t\tmargin: auto;\n\t\t\t}\n\t\t\t#gallery-1 .gallery-item {\n\t\t\t\tfloat: left;\n\t\t\t\tmargin-top: 10px;\n\t\t\t\ttext-align: center;\n\t\t\t\twidth: 33%;\n\t\t\t}\n\t\t\t#gallery-1 img {\n\t\t\t\tborder: 2px solid #cfcfcf;\n\t\t\t}\n\t\t\t#gallery-1 .gallery-caption {\n\t\t\t\tmargin-left: 0;\n\t\t\t}\n\t\t\t\/* see gallery_shortcode() in wp-includes\/media.php *\/\n\t\t<\/style>\n\t\t<div id='gallery-1' class='gallery galleryid-58849 gallery-columns-3 gallery-size-thumbnail'><dl class='gallery-item'>\n\t\t\t<dt class='gallery-icon landscape'>\n\t\t\t\t<a href='https:\/\/cuernavaca.gob.mx\/?attachment_id=58850'><img width=\"150\" height=\"150\" src=\"https:\/\/cuernavaca.gob.mx\/wp-content\/uploads\/2026\/05\/JOSE\u0301-LUIS-URIO\u0301STEGUI-REFUERZA-SU-APUESTA-POR-ESPACIOS-PU\u0301BLICOS-ACTIVOS-Y-SEGUROS-CON-EL-SKATE-PARK-22EL-SALTO22-EN-SAN-ANTO\u0301N-1-150x150.jpg\" class=\"attachment-thumbnail size-thumbnail\" alt=\"\" loading=\"lazy\" \/><\/a>\n\t\t\t<\/dt><\/dl><dl class='gallery-item'>\n\t\t\t<dt class='gallery-icon landscape'>\n\t\t\t\t<a href='https:\/\/cuernavaca.gob.mx\/?attachment_id=58851'><img width=\"150\" height=\"150\" src=\"https:\/\/cuernavaca.gob.mx\/wp-content\/uploads\/2026\/05\/JOSE\u0301-LUIS-URIO\u0301STEGUI-REFUERZA-SU-APUESTA-POR-ESPACIOS-PU\u0301BLICOS-ACTIVOS-Y-SEGUROS-CON-EL-SKATE-PARK-22EL-SALTO22-EN-SAN-ANTO\u0301N-2-150x150.jpg\" class=\"attachment-thumbnail size-thumbnail\" alt=\"\" loading=\"lazy\" \/><\/a>\n\t\t\t<\/dt><\/dl><dl class='gallery-item'>\n\t\t\t<dt class='gallery-icon landscape'>\n\t\t\t\t<a href='https:\/\/cuernavaca.gob.mx\/?attachment_id=58852'><img width=\"150\" height=\"150\" src=\"https:\/\/cuernavaca.gob.mx\/wp-content\/uploads\/2026\/05\/JOSE\u0301-LUIS-URIO\u0301STEGUI-REFUERZA-SU-APUESTA-POR-ESPACIOS-PU\u0301BLICOS-ACTIVOS-Y-SEGUROS-CON-EL-SKATE-PARK-22EL-SALTO22-EN-SAN-ANTO\u0301N-3-150x150.jpg\" class=\"attachment-thumbnail size-thumbnail\" alt=\"\" loading=\"lazy\" \/><\/a>\n\t\t\t<\/dt><\/dl><br style=\"clear: both\" \/><dl class='gallery-item'>\n\t\t\t<dt class='gallery-icon landscape'>\n\t\t\t\t<a href='https:\/\/cuernavaca.gob.mx\/?attachment_id=58853'><img width=\"150\" height=\"150\" src=\"https:\/\/cuernavaca.gob.mx\/wp-content\/uploads\/2026\/05\/JOSE\u0301-LUIS-URIO\u0301STEGUI-REFUERZA-SU-APUESTA-POR-ESPACIOS-PU\u0301BLICOS-ACTIVOS-Y-SEGUROS-CON-EL-SKATE-PARK-22EL-SALTO22-EN-SAN-ANTO\u0301N-4-150x150.jpg\" class=\"attachment-thumbnail size-thumbnail\" alt=\"\" loading=\"lazy\" \/><\/a>\n\t\t\t<\/dt><\/dl><dl class='gallery-item'>\n\t\t\t<dt class='gallery-icon landscape'>\n\t\t\t\t<a href='https:\/\/cuernavaca.gob.mx\/?attachment_id=58854'><img width=\"150\" height=\"150\" src=\"https:\/\/cuernavaca.gob.mx\/wp-content\/uploads\/2026\/05\/JOSE\u0301-LUIS-URIO\u0301STEGUI-REFUERZA-SU-APUESTA-POR-ESPACIOS-PU\u0301BLICOS-ACTIVOS-Y-SEGUROS-CON-EL-SKATE-PARK-22EL-SALTO22-EN-SAN-ANTO\u0301N-5-150x150.jpg\" class=\"attachment-thumbnail size-thumbnail\" alt=\"\" loading=\"lazy\" \/><\/a>\n\t\t\t<\/dt><\/dl><dl class='gallery-item'>\n\t\t\t<dt class='gallery-icon landscape'>\n\t\t\t\t<a href='https:\/\/cuernavaca.gob.mx\/?attachment_id=58855'><img width=\"150\" height=\"150\" src=\"https:\/\/cuernavaca.gob.mx\/wp-content\/uploads\/2026\/05\/JOSE\u0301-LUIS-URIO\u0301STEGUI-REFUERZA-SU-APUESTA-POR-ESPACIOS-PU\u0301BLICOS-ACTIVOS-Y-SEGUROS-CON-EL-SKATE-PARK-22EL-SALTO22-EN-SAN-ANTO\u0301N-6-150x150.jpg\" class=\"attachment-thumbnail size-thumbnail\" alt=\"\" loading=\"lazy\" \/><\/a>\n\t\t\t<\/dt><\/dl><br style=\"clear: both\" \/><dl class='gallery-item'>\n\t\t\t<dt class='gallery-icon landscape'>\n\t\t\t\t<a href='https:\/\/cuernavaca.gob.mx\/?attachment_id=58856'><img width=\"150\" height=\"150\" src=\"https:\/\/cuernavaca.gob.mx\/wp-content\/uploads\/2026\/05\/JOSE\u0301-LUIS-URIO\u0301STEGUI-REFUERZA-SU-APUESTA-POR-ESPACIOS-PU\u0301BLICOS-ACTIVOS-Y-SEGUROS-CON-EL-SKATE-PARK-22EL-SALTO22-EN-SAN-ANTO\u0301N-7-150x150.jpg\" class=\"attachment-thumbnail size-thumbnail\" alt=\"\" loading=\"lazy\" \/><\/a>\n\t\t\t<\/dt><\/dl><dl class='gallery-item'>\n\t\t\t<dt class='gallery-icon landscape'>\n\t\t\t\t<a href='https:\/\/cuernavaca.gob.mx\/?attachment_id=58857'><img width=\"150\" height=\"150\" src=\"https:\/\/cuernavaca.gob.mx\/wp-content\/uploads\/2026\/05\/JOSE\u0301-LUIS-URIO\u0301STEGUI-REFUERZA-SU-APUESTA-POR-ESPACIOS-PU\u0301BLICOS-ACTIVOS-Y-SEGUROS-CON-EL-SKATE-PARK-22EL-SALTO22-EN-SAN-ANTO\u0301N-8-150x150.jpg\" class=\"attachment-thumbnail size-thumbnail\" alt=\"\" loading=\"lazy\" \/><\/a>\n\t\t\t<\/dt><\/dl><dl class='gallery-item'>\n\t\t\t<dt class='gallery-icon landscape'>\n\t\t\t\t<a href='https:\/\/cuernavaca.gob.mx\/?attachment_id=58858'><img width=\"150\" height=\"150\" src=\"https:\/\/cuernavaca.gob.mx\/wp-content\/uploads\/2026\/05\/JOSE\u0301-LUIS-URIO\u0301STEGUI-REFUERZA-SU-APUESTA-POR-ESPACIOS-PU\u0301BLICOS-ACTIVOS-Y-SEGUROS-CON-EL-SKATE-PARK-22EL-SALTO22-EN-SAN-ANTO\u0301N-9-150x150.jpg\" class=\"attachment-thumbnail size-thumbnail\" alt=\"\" loading=\"lazy\" \/><\/a>\n\t\t\t<\/dt><\/dl><br style=\"clear: both\" \/><dl class='gallery-item'>\n\t\t\t<dt class='gallery-icon landscape'>\n\t\t\t\t<a href='https:\/\/cuernavaca.gob.mx\/?attachment_id=58859'><img width=\"150\" height=\"150\" src=\"https:\/\/cuernavaca.gob.mx\/wp-content\/uploads\/2026\/05\/JOSE\u0301-LUIS-URIO\u0301STEGUI-REFUERZA-SU-APUESTA-POR-ESPACIOS-PU\u0301BLICOS-ACTIVOS-Y-SEGUROS-CON-EL-SKATE-PARK-22EL-SALTO22-EN-SAN-ANTO\u0301N-10-150x150.jpg\" class=\"attachment-thumbnail size-thumbnail\" alt=\"\" loading=\"lazy\" \/><\/a>\n\t\t\t<\/dt><\/dl><dl class='gallery-item'>\n\t\t\t<dt class='gallery-icon landscape'>\n\t\t\t\t<a href='https:\/\/cuernavaca.gob.mx\/?attachment_id=58860'><img width=\"150\" height=\"150\" src=\"https:\/\/cuernavaca.gob.mx\/wp-content\/uploads\/2026\/05\/JOSE\u0301-LUIS-URIO\u0301STEGUI-REFUERZA-SU-APUESTA-POR-ESPACIOS-PU\u0301BLICOS-ACTIVOS-Y-SEGUROS-CON-EL-SKATE-PARK-22EL-SALTO22-EN-SAN-ANTO\u0301N-11-150x150.jpg\" class=\"attachment-thumbnail size-thumbnail\" alt=\"\" loading=\"lazy\" \/><\/a>\n\t\t\t<\/dt><\/dl><dl class='gallery-item'>\n\t\t\t<dt class='gallery-icon landscape'>\n\t\t\t\t<a href='https:\/\/cuernavaca.gob.mx\/?attachment_id=58861'><img width=\"150\" height=\"150\" src=\"https:\/\/cuernavaca.gob.mx\/wp-content\/uploads\/2026\/05\/JOSE\u0301-LUIS-URIO\u0301STEGUI-REFUERZA-SU-APUESTA-POR-ESPACIOS-PU\u0301BLICOS-ACTIVOS-Y-SEGUROS-CON-EL-SKATE-PARK-22EL-SALTO22-EN-SAN-ANTO\u0301N-12-150x150.jpg\" class=\"attachment-thumbnail size-thumbnail\" alt=\"\" loading=\"lazy\" \/><\/a>\n\t\t\t<\/dt><\/dl><br style=\"clear: both\" \/><dl class='gallery-item'>\n\t\t\t<dt class='gallery-icon landscape'>\n\t\t\t\t<a href='https:\/\/cuernavaca.gob.mx\/?attachment_id=58862'><img width=\"150\" height=\"150\" src=\"https:\/\/cuernavaca.gob.mx\/wp-content\/uploads\/2026\/05\/JOSE\u0301-LUIS-URIO\u0301STEGUI-REFUERZA-SU-APUESTA-POR-ESPACIOS-PU\u0301BLICOS-ACTIVOS-Y-SEGUROS-CON-EL-SKATE-PARK-22EL-SALTO22-EN-SAN-ANTO\u0301N-13-150x150.jpg\" class=\"attachment-thumbnail size-thumbnail\" alt=\"\" loading=\"lazy\" \/><\/a>\n\t\t\t<\/dt><\/dl><dl class='gallery-item'>\n\t\t\t<dt class='gallery-icon landscape'>\n\t\t\t\t<a href='https:\/\/cuernavaca.gob.mx\/?attachment_id=58863'><img width=\"150\" height=\"150\" src=\"https:\/\/cuernavaca.gob.mx\/wp-content\/uploads\/2026\/05\/JOSE\u0301-LUIS-URIO\u0301STEGUI-REFUERZA-SU-APUESTA-POR-ESPACIOS-PU\u0301BLICOS-ACTIVOS-Y-SEGUROS-CON-EL-SKATE-PARK-22EL-SALTO22-EN-SAN-ANTO\u0301N-14-150x150.jpg\" class=\"attachment-thumbnail size-thumbnail\" alt=\"\" loading=\"lazy\" \/><\/a>\n\t\t\t<\/dt><\/dl><dl class='gallery-item'>\n\t\t\t<dt class='gallery-icon landscape'>\n\t\t\t\t<a href='https:\/\/cuernavaca.gob.mx\/?attachment_id=58864'><img width=\"150\" height=\"150\" src=\"https:\/\/cuernavaca.gob.mx\/wp-content\/uploads\/2026\/05\/JOSE\u0301-LUIS-URIO\u0301STEGUI-REFUERZA-SU-APUESTA-POR-ESPACIOS-PU\u0301BLICOS-ACTIVOS-Y-SEGUROS-CON-EL-SKATE-PARK-22EL-SALTO22-EN-SAN-ANTO\u0301N-15-150x150.jpg\" class=\"attachment-thumbnail size-thumbnail\" alt=\"\" loading=\"lazy\" \/><\/a>\n\t\t\t<\/dt><\/dl><br style=\"clear: both\" \/><dl class='gallery-item'>\n\t\t\t<dt class='gallery-icon landscape'>\n\t\t\t\t<a href='https:\/\/cuernavaca.gob.mx\/?attachment_id=58865'><img width=\"150\" height=\"150\" src=\"https:\/\/cuernavaca.gob.mx\/wp-content\/uploads\/2026\/05\/JOSE\u0301-LUIS-URIO\u0301STEGUI-REFUERZA-SU-APUESTA-POR-ESPACIOS-PU\u0301BLICOS-ACTIVOS-Y-SEGUROS-CON-EL-SKATE-PARK-22EL-SALTO22-EN-SAN-ANTO\u0301N-17-150x150.jpg\" class=\"attachment-thumbnail size-thumbnail\" alt=\"\" loading=\"lazy\" \/><\/a>\n\t\t\t<\/dt><\/dl><dl class='gallery-item'>\n\t\t\t<dt class='gallery-icon landscape'>\n\t\t\t\t<a href='https:\/\/cuernavaca.gob.mx\/?attachment_id=58866'><img width=\"150\" height=\"150\" src=\"https:\/\/cuernavaca.gob.mx\/wp-content\/uploads\/2026\/05\/JOSE\u0301-LUIS-URIO\u0301STEGUI-REFUERZA-SU-APUESTA-POR-ESPACIOS-PU\u0301BLICOS-ACTIVOS-Y-SEGUROS-CON-EL-SKATE-PARK-22EL-SALTO22-EN-SAN-ANTO\u0301N-18-150x150.jpg\" class=\"attachment-thumbnail size-thumbnail\" alt=\"\" loading=\"lazy\" \/><\/a>\n\t\t\t<\/dt><\/dl>\n\t\t\t<br style='clear: both' \/>\n\t\t<\/div>\n\n","protected":false},"excerpt":{"rendered":"<p>* Con un Demo Skate y el Skate Fest Cuernavaca, el Gobierno Municipal impulsa la convivencia comunitaria a trav\u00e9s del deporte en un espacio publico reci\u00e9n rehabilitado Como parte de la estrategia para recuperar y activar los espacios p\u00fablicos en beneficio de la comunidad, el presidente municipal de Cuernavaca, Jos\u00e9 Luis Uri\u00f3stegui Salgado, encabez\u00f3 este [&hellip;]<\/p>\n","protected":false},"author":1,"featured_media":58863,"comment_status":"closed","ping_status":"open","sticky":false,"template":"","format":"standard","meta":[],"categories":[1],"tags":[],"aioseo_notices":[],"_links":{"self":[{"href":"https:\/\/cuernavaca.gob.mx\/index.php?rest_route=\/wp\/v2\/posts\/58849"}],"collection":[{"href":"https:\/\/cuernavaca.gob.mx\/index.php?rest_route=\/wp\/v2\/posts"}],"about":[{"href":"https:\/\/cuernavaca.gob.mx\/index.php?rest_route=\/wp\/v2\/types\/post"}],"author":[{"embeddable":true,"href":"https:\/\/cuernavaca.gob.mx\/index.php?rest_route=\/wp\/v2\/users\/1"}],"replies":[{"embeddable":true,"href":"https:\/\/cuernavaca.gob.mx\/index.php?rest_route=%2Fwp%2Fv2%2Fcomments&post=58849"}],"version-history":[{"count":1,"href":"https:\/\/cuernavaca.gob.mx\/index.php?rest_route=\/wp\/v2\/posts\/58849\/revisions"}],"predecessor-version":[{"id":58867,"href":"https:\/\/cuernavaca.gob.mx\/index.php?rest_route=\/wp\/v2\/posts\/58849\/revisions\/58867"}],"wp:featuredmedia":[{"embeddable":true,"href":"https:\/\/cuernavaca.gob.mx\/index.php?rest_route=\/wp\/v2\/media\/58863"}],"wp:attachment":[{"href":"https:\/\/cuernavaca.gob.mx\/index.php?rest_route=%2Fwp%2Fv2%2Fmedia&parent=58849"}],"wp:term":[{"taxonomy":"category","embeddable":true,"href":"https:\/\/cuernavaca.gob.mx\/index.php?rest_route=%2Fwp%2Fv2%2Fcategories&post=58849"},{"taxonomy":"post_tag","embeddable":true,"href":"https:\/\/cuernavaca.gob.mx\/index.php?rest_route=%2Fwp%2Fv2%2Ftags&post=58849"}],"curies":[{"name":"wp","href":"https:\/\/api.w.org\/{rel}","templated":true}]}}