{"id":62615,"date":"2026-08-30T08:00:56","date_gmt":"2026-08-30T14:00:56","guid":{"rendered":"https:\/\/cuernavaca.gob.mx\/?p=62615"},"modified":"2026-08-30T12:04:43","modified_gmt":"2026-08-30T18:04:43","slug":"b1485-30-08-26-seprac-implementara-operativo-de-seguridad-vial-por-regreso-a-clases","status":"publish","type":"post","link":"https:\/\/cuernavaca.gob.mx\/?p=62615","title":{"rendered":"B1485 30\/08\/26 SEPRAC IMPLEMENTAR\u00c1 OPERATIVO DE SEGURIDAD VIAL POR REGRESO A CLASES"},"content":{"rendered":"<p><strong>* La Direcci\u00f3n de Vialidad reforzar\u00e1 la presencia preventiva en zonas escolares para agilizar la circulaci\u00f3n y prevenir accidentes<\/strong><\/p>\n<p>Con motivo del regreso a clases, la Secretar\u00eda de Protecci\u00f3n y Auxilio Ciudadano (SEPRAC), a trav\u00e9s de la Direcci\u00f3n de Polic\u00eda Vial, implementar\u00e1 un operativo de seguridad y prevenci\u00f3n vial en diferentes puntos del municipio de Cuernavaca, con especial atenci\u00f3n en las zonas donde se registra una mayor concentraci\u00f3n vehicular durante los horarios de entrada y salida de los planteles educativos.<\/p>\n<p>El objetivo es contribuir a que el regreso a las aulas se desarrolle de manera segura, ordenada y con la menor afectaci\u00f3n posible a la circulaci\u00f3n, mediante la presencia de elementos de Polic\u00eda Vial, quienes apoyar\u00e1n en el control del tr\u00e1nsito, as\u00ed como en la atenci\u00f3n de cualquier situaci\u00f3n que pudiera presentarse.<\/p>\n<p>El director de Polic\u00eda Vial, Rigoberto Hern\u00e1ndez Cruz, hizo un llamado a madres y padres de familia, estudiantes, docentes y automovilistas a tomar previsiones y salir con anticipaci\u00f3n de sus hogares, ya que durante el regreso a clases se prev\u00e9 un incremento en el flujo vehicular y, en consecuencia, mayores tiempos de traslado.<\/p>\n<p>\u201cEs importante que las personas pongamos de nuestra parte. Salir con tiempo nos permitir\u00e1 evitar prisas y conducir con mayor precauci\u00f3n. La seguridad vial es responsabilidad de todas y todos\u201d, se\u00f1al\u00f3.<\/p>\n<p>La SEPRAC exhorta a las y los conductores a respetar las normas de tr\u00e1nsito y atender las siguientes recomendaciones:<\/p>\n<p>\u2022Respetar el 1&#215;1 para permitir una circulaci\u00f3n ordenada y evitar conflictos viales.<br \/>\n\u2022Respetar los se\u00f1alamientos y cruces peatonales, dando prioridad a quienes transitan a pie.<br \/>\n\u2022Respetar los l\u00edmites de velocidad, especialmente en zonas escolares y \u00e1reas de alta concentraci\u00f3n de personas.<br \/>\n\u2022Acatar las indicaciones de los elementos de Polic\u00eda Vial que estar\u00e1n apoyando en los diferentes puntos.<br \/>\n\u2022Considerar los tiempos de traslado y salir con anticipaci\u00f3n para evitar conducir con prisa.<br \/>\n\u2022Evitar estacionarse en lugares que obstruyan accesos a escuelas, cruces peatonales o la circulaci\u00f3n vehicular.<br \/>\nLa Secretar\u00eda de Protecci\u00f3n y Auxilio Ciudadano reitera que la participaci\u00f3n de la ciudadan\u00eda es fundamental para lograr un regreso a clases seguro. El respeto a las normas de tr\u00e1nsito y la conducci\u00f3n responsable contribuyen a proteger la integridad de ni\u00f1as, ni\u00f1os, adolescentes, peatones y dem\u00e1s usuarios de la v\u00eda p\u00fablica.<\/p>\n<p>La SEPRAC reforzar\u00e1 la vigilancia preventiva y la coordinaci\u00f3n con las autoridades correspondientes para atender las necesidades de movilidad que se presenten durante el regreso a clases. Ante cualquier emergencia, la ciudadan\u00eda puede comunicarse al n\u00famero 911.<\/p>\n\n\t\t<style type=\"text\/css\">\n\t\t\t#gallery-1 {\n\t\t\t\tmargin: auto;\n\t\t\t}\n\t\t\t#gallery-1 .gallery-item {\n\t\t\t\tfloat: left;\n\t\t\t\tmargin-top: 10px;\n\t\t\t\ttext-align: center;\n\t\t\t\twidth: 33%;\n\t\t\t}\n\t\t\t#gallery-1 img {\n\t\t\t\tborder: 2px solid #cfcfcf;\n\t\t\t}\n\t\t\t#gallery-1 .gallery-caption {\n\t\t\t\tmargin-left: 0;\n\t\t\t}\n\t\t\t\/* see gallery_shortcode() in wp-includes\/media.php *\/\n\t\t<\/style>\n\t\t<div id='gallery-1' class='gallery galleryid-62615 gallery-columns-3 gallery-size-thumbnail'><dl class='gallery-item'>\n\t\t\t<dt class='gallery-icon portrait'>\n\t\t\t\t<a href='https:\/\/cuernavaca.gob.mx\/?attachment_id=62616'><img width=\"150\" height=\"150\" src=\"https:\/\/cuernavaca.gob.mx\/wp-content\/uploads\/2026\/08\/SEPRAC-IMPLEMENTARA\u0301-OPERATIVO-DE-SEGURIDAD-VIAL-POR-REGRESO-A-CLASES-1-150x150.jpg\" class=\"attachment-thumbnail size-thumbnail\" alt=\"\" loading=\"lazy\" \/><\/a>\n\t\t\t<\/dt><\/dl><dl class='gallery-item'>\n\t\t\t<dt class='gallery-icon landscape'>\n\t\t\t\t<a href='https:\/\/cuernavaca.gob.mx\/?attachment_id=62617'><img width=\"150\" height=\"150\" src=\"https:\/\/cuernavaca.gob.mx\/wp-content\/uploads\/2026\/08\/SEPRAC-IMPLEMENTARA\u0301-OPERATIVO-DE-SEGURIDAD-VIAL-POR-REGRESO-A-CLASES-2-150x150.jpg\" class=\"attachment-thumbnail size-thumbnail\" alt=\"\" loading=\"lazy\" \/><\/a>\n\t\t\t<\/dt><\/dl><dl class='gallery-item'>\n\t\t\t<dt class='gallery-icon landscape'>\n\t\t\t\t<a href='https:\/\/cuernavaca.gob.mx\/?attachment_id=62618'><img width=\"150\" height=\"150\" src=\"https:\/\/cuernavaca.gob.mx\/wp-content\/uploads\/2026\/08\/SEPRAC-IMPLEMENTARA\u0301-OPERATIVO-DE-SEGURIDAD-VIAL-POR-REGRESO-A-CLASES-3-150x150.jpg\" class=\"attachment-thumbnail size-thumbnail\" alt=\"\" loading=\"lazy\" \/><\/a>\n\t\t\t<\/dt><\/dl><br style=\"clear: both\" \/><dl class='gallery-item'>\n\t\t\t<dt class='gallery-icon portrait'>\n\t\t\t\t<a href='https:\/\/cuernavaca.gob.mx\/?attachment_id=62619'><img width=\"150\" height=\"150\" src=\"https:\/\/cuernavaca.gob.mx\/wp-content\/uploads\/2026\/08\/SEPRAC-IMPLEMENTARA\u0301-OPERATIVO-DE-SEGURIDAD-VIAL-POR-REGRESO-A-CLASES-4-150x150.jpg\" class=\"attachment-thumbnail size-thumbnail\" alt=\"\" loading=\"lazy\" \/><\/a>\n\t\t\t<\/dt><\/dl><dl class='gallery-item'>\n\t\t\t<dt class='gallery-icon portrait'>\n\t\t\t\t<a href='https:\/\/cuernavaca.gob.mx\/?attachment_id=62620'><img width=\"150\" height=\"150\" src=\"https:\/\/cuernavaca.gob.mx\/wp-content\/uploads\/2026\/08\/SEPRAC-IMPLEMENTARA\u0301-OPERATIVO-DE-SEGURIDAD-VIAL-POR-REGRESO-A-CLASES-5-150x150.jpg\" class=\"attachment-thumbnail size-thumbnail\" alt=\"\" loading=\"lazy\" \/><\/a>\n\t\t\t<\/dt><\/dl>\n\t\t\t<br style='clear: both' \/>\n\t\t<\/div>\n\n","protected":false},"excerpt":{"rendered":"<p>* La Direcci\u00f3n de Vialidad reforzar\u00e1 la presencia preventiva en zonas escolares para agilizar la circulaci\u00f3n y prevenir accidentes Con motivo del regreso a clases, la Secretar\u00eda de Protecci\u00f3n y Auxilio Ciudadano (SEPRAC), a trav\u00e9s de la Direcci\u00f3n de Polic\u00eda Vial, implementar\u00e1 un operativo de seguridad y prevenci\u00f3n vial en diferentes puntos del municipio de [&hellip;]<\/p>\n","protected":false},"author":1,"featured_media":62617,"comment_status":"closed","ping_status":"open","sticky":false,"template":"","format":"standard","meta":[],"categories":[17],"tags":[],"aioseo_notices":[],"_links":{"self":[{"href":"https:\/\/cuernavaca.gob.mx\/index.php?rest_route=\/wp\/v2\/posts\/62615"}],"collection":[{"href":"https:\/\/cuernavaca.gob.mx\/index.php?rest_route=\/wp\/v2\/posts"}],"about":[{"href":"https:\/\/cuernavaca.gob.mx\/index.php?rest_route=\/wp\/v2\/types\/post"}],"author":[{"embeddable":true,"href":"https:\/\/cuernavaca.gob.mx\/index.php?rest_route=\/wp\/v2\/users\/1"}],"replies":[{"embeddable":true,"href":"https:\/\/cuernavaca.gob.mx\/index.php?rest_route=%2Fwp%2Fv2%2Fcomments&post=62615"}],"version-history":[{"count":1,"href":"https:\/\/cuernavaca.gob.mx\/index.php?rest_route=\/wp\/v2\/posts\/62615\/revisions"}],"predecessor-version":[{"id":62621,"href":"https:\/\/cuernavaca.gob.mx\/index.php?rest_route=\/wp\/v2\/posts\/62615\/revisions\/62621"}],"wp:featuredmedia":[{"embeddable":true,"href":"https:\/\/cuernavaca.gob.mx\/index.php?rest_route=\/wp\/v2\/media\/62617"}],"wp:attachment":[{"href":"https:\/\/cuernavaca.gob.mx\/index.php?rest_route=%2Fwp%2Fv2%2Fmedia&parent=62615"}],"wp:term":[{"taxonomy":"category","embeddable":true,"href":"https:\/\/cuernavaca.gob.mx\/index.php?rest_route=%2Fwp%2Fv2%2Fcategories&post=62615"},{"taxonomy":"post_tag","embeddable":true,"href":"https:\/\/cuernavaca.gob.mx\/index.php?rest_route=%2Fwp%2Fv2%2Ftags&post=62615"}],"curies":[{"name":"wp","href":"https:\/\/api.w.org\/{rel}","templated":true}]}}