{"id":62623,"date":"2026-08-30T12:24:33","date_gmt":"2026-08-30T18:24:33","guid":{"rendered":"https:\/\/cuernavaca.gob.mx\/?p=62623"},"modified":"2026-08-30T12:24:33","modified_gmt":"2026-08-30T18:24:33","slug":"b1486-30-08-26-cuernavaca-destina-560-mil-pesos-para-impulsar-a-productores-apicolas-y-fungicos","status":"publish","type":"post","link":"https:\/\/cuernavaca.gob.mx\/?p=62623","title":{"rendered":"B1486 30\/08\/26 CUERNAVACA DESTINA 560 MIL PESOS PARA IMPULSAR A PRODUCTORES AP\u00cdCOLAS Y F\u00daNGICOS"},"content":{"rendered":"<p><strong>* El apoyo benefici\u00f3 a 23 productores con equipamiento y materia prima, como parte de los 31.2 millones de pesos destinados este a\u00f1o al desarrollo del campo en Cuernavaca<\/strong><\/p>\n<p>El Ayuntamiento de Cuernavaca ampl\u00eda el respaldo al sector agropecuario con la entrega de 560 mil pesos del Fondo de Aportaciones Estatales para el Fomento Municipal (FAEFOM) 2026 a productoras y productores de las ramas ap\u00edcola y f\u00fangica, recursos destinados a mejorar sus unidades de producci\u00f3n, elevar sus rendimientos y contribuir a la generaci\u00f3n de empleos e ingresos para las familias que dependen de estas actividades.<\/p>\n<p>El presidente municipal Jos\u00e9 Luis Uri\u00f3stegui Salgado encabez\u00f3 la entrega y resalt\u00f3 que detr\u00e1s de productos como la miel y los hongos existe un proceso de trabajo que involucra conocimientos, inversi\u00f3n y la participaci\u00f3n de varias personas, adem\u00e1s de representar una fuente de empleo para numerosas familias. Reconoci\u00f3 que los recursos p\u00fablicos destinados al sector todav\u00eda son insuficientes frente a sus necesidades, pero se\u00f1al\u00f3 que constituyen un apoyo para que las y los productores puedan invertir, perfeccionar sus procesos y dar continuidad a una actividad fundamental para las comunidades rurales.<\/p>\n<p>Uri\u00f3stegui Salgado record\u00f3 que los recursos destinados al campo han registrado un crecimiento importante, al pasar de 24 millones de pesos en 2025 a 31.2 millones en 2026, y adelant\u00f3 que buscar\u00e1n que este monto pueda incrementarse si el FAEFOM tiene continuidad. A\u00f1adi\u00f3 que, junto con los apoyos, el Ayuntamiento brinda capacitaciones para profesionalizar el manejo administrativo de las unidades de producci\u00f3n y promover una visi\u00f3n empresarial, de manera que los recursos puedan convertirse en inversi\u00f3n, ahorro y mejores condiciones para las familias que dependen de esta actividad.<\/p>\n<p>Por su parte, el secretario de Desarrollo Econ\u00f3mico y Turismo, Marcos Manuel Su\u00e1rez Gerard, explic\u00f3 que, en esta ocasi\u00f3n, 19 productoras y productores ap\u00edcolas recibieron 485 mil pesos en equipamiento y materia prima, entre colmenas completas, ahumadores, herramientas para el manejo de abejas y az\u00facar. Del total, 285 mil pesos se destinaron a tecnificaci\u00f3n y equipamiento y 200 mil pesos a materia prima. Asimismo, cuatro productores f\u00fangicos recibieron un total de 80 bultos de semilla de sorgo, con una inversi\u00f3n de 75 mil pesos, para optimizar sus procesos productivos y la calidad de sus cultivos.<\/p>\n<p>La regidora Paz Hern\u00e1ndez Pardo, presidenta de la Comisi\u00f3n de Desarrollo Agropecuario y secretaria t\u00e9cnica del Consejo Municipal de Desarrollo Rural Sustentable (COMUNDERS), refrend\u00f3 el compromiso de la administraci\u00f3n municipal de continuar acompa\u00f1ando a estos sectores, al reconocer tanto el valor alimentario de sus productos como la importancia de la apicultura para los ecosistemas.<\/p>\n<p>En representaci\u00f3n de las y los productores, Hermelinda P\u00e9rez L\u00f3pez, de la rama f\u00fangica, y Norma Santana Colector, de la rama ap\u00edcola, agradecieron el apoyo y coincidieron en que permitir\u00e1 perfeccionar sus t\u00e9cnicas, contar con insumos de mayor calidad y elevar la productividad.<\/p>\n<p>Explicaron que la producci\u00f3n de miel genera empleos, particularmente durante las temporadas de cosecha, y ha logrado abrirse paso en mercados locales, nacionales e internacionales, incluido Estados Unidos. En tanto, el sector f\u00fangico ha diversificado su oferta con la comercializaci\u00f3n de micelio, setas y hongos medicinales en distintos puntos del pa\u00eds, adem\u00e1s de participar en actividades de capacitaci\u00f3n a nivel estatal.<\/p>\n<p>Con este esquema de apoyo, el Gobierno Municipal busca que los recursos destinados al campo se traduzcan en mayor capacidad productiva, rendimiento y nuevas oportunidades de comercializaci\u00f3n, dando continuidad a una actividad que genera empleo e ingresos para las familias de la capital morelense.<\/p>\n\n\t\t<style type=\"text\/css\">\n\t\t\t#gallery-1 {\n\t\t\t\tmargin: auto;\n\t\t\t}\n\t\t\t#gallery-1 .gallery-item {\n\t\t\t\tfloat: left;\n\t\t\t\tmargin-top: 10px;\n\t\t\t\ttext-align: center;\n\t\t\t\twidth: 33%;\n\t\t\t}\n\t\t\t#gallery-1 img {\n\t\t\t\tborder: 2px solid #cfcfcf;\n\t\t\t}\n\t\t\t#gallery-1 .gallery-caption {\n\t\t\t\tmargin-left: 0;\n\t\t\t}\n\t\t\t\/* see gallery_shortcode() in wp-includes\/media.php *\/\n\t\t<\/style>\n\t\t<div id='gallery-1' class='gallery galleryid-62623 gallery-columns-3 gallery-size-thumbnail'><dl class='gallery-item'>\n\t\t\t<dt class='gallery-icon landscape'>\n\t\t\t\t<a href='https:\/\/cuernavaca.gob.mx\/?attachment_id=62624'><img width=\"150\" height=\"150\" src=\"https:\/\/cuernavaca.gob.mx\/wp-content\/uploads\/2026\/08\/CUERNAVACA-DESTINA-560-MIL-PESOS-PARA-IMPULSAR-A-PRODUCTORES-API\u0301COLAS-Y-FU\u0301NGICOS-1-150x150.jpg\" class=\"attachment-thumbnail size-thumbnail\" alt=\"\" loading=\"lazy\" \/><\/a>\n\t\t\t<\/dt><\/dl><dl class='gallery-item'>\n\t\t\t<dt class='gallery-icon landscape'>\n\t\t\t\t<a href='https:\/\/cuernavaca.gob.mx\/?attachment_id=62625'><img width=\"150\" height=\"150\" src=\"https:\/\/cuernavaca.gob.mx\/wp-content\/uploads\/2026\/08\/CUERNAVACA-DESTINA-560-MIL-PESOS-PARA-IMPULSAR-A-PRODUCTORES-API\u0301COLAS-Y-FU\u0301NGICOS-2-150x150.jpg\" class=\"attachment-thumbnail size-thumbnail\" alt=\"\" loading=\"lazy\" \/><\/a>\n\t\t\t<\/dt><\/dl><dl class='gallery-item'>\n\t\t\t<dt class='gallery-icon landscape'>\n\t\t\t\t<a href='https:\/\/cuernavaca.gob.mx\/?attachment_id=62626'><img width=\"150\" height=\"150\" src=\"https:\/\/cuernavaca.gob.mx\/wp-content\/uploads\/2026\/08\/CUERNAVACA-DESTINA-560-MIL-PESOS-PARA-IMPULSAR-A-PRODUCTORES-API\u0301COLAS-Y-FU\u0301NGICOS-3-150x150.jpg\" class=\"attachment-thumbnail size-thumbnail\" alt=\"\" loading=\"lazy\" \/><\/a>\n\t\t\t<\/dt><\/dl><br style=\"clear: both\" \/><dl class='gallery-item'>\n\t\t\t<dt class='gallery-icon landscape'>\n\t\t\t\t<a href='https:\/\/cuernavaca.gob.mx\/?attachment_id=62627'><img width=\"150\" height=\"150\" src=\"https:\/\/cuernavaca.gob.mx\/wp-content\/uploads\/2026\/08\/CUERNAVACA-DESTINA-560-MIL-PESOS-PARA-IMPULSAR-A-PRODUCTORES-API\u0301COLAS-Y-FU\u0301NGICOS-4-150x150.jpg\" class=\"attachment-thumbnail size-thumbnail\" alt=\"\" loading=\"lazy\" \/><\/a>\n\t\t\t<\/dt><\/dl><dl class='gallery-item'>\n\t\t\t<dt class='gallery-icon landscape'>\n\t\t\t\t<a href='https:\/\/cuernavaca.gob.mx\/?attachment_id=62628'><img width=\"150\" height=\"150\" src=\"https:\/\/cuernavaca.gob.mx\/wp-content\/uploads\/2026\/08\/CUERNAVACA-DESTINA-560-MIL-PESOS-PARA-IMPULSAR-A-PRODUCTORES-API\u0301COLAS-Y-FU\u0301NGICOS-5-150x150.jpg\" class=\"attachment-thumbnail size-thumbnail\" alt=\"\" loading=\"lazy\" \/><\/a>\n\t\t\t<\/dt><\/dl><dl class='gallery-item'>\n\t\t\t<dt class='gallery-icon landscape'>\n\t\t\t\t<a href='https:\/\/cuernavaca.gob.mx\/?attachment_id=62629'><img width=\"150\" height=\"150\" src=\"https:\/\/cuernavaca.gob.mx\/wp-content\/uploads\/2026\/08\/CUERNAVACA-DESTINA-560-MIL-PESOS-PARA-IMPULSAR-A-PRODUCTORES-API\u0301COLAS-Y-FU\u0301NGICOS-6-150x150.jpg\" class=\"attachment-thumbnail size-thumbnail\" alt=\"\" loading=\"lazy\" \/><\/a>\n\t\t\t<\/dt><\/dl><br style=\"clear: both\" \/><dl class='gallery-item'>\n\t\t\t<dt class='gallery-icon landscape'>\n\t\t\t\t<a href='https:\/\/cuernavaca.gob.mx\/?attachment_id=62630'><img width=\"150\" height=\"150\" src=\"https:\/\/cuernavaca.gob.mx\/wp-content\/uploads\/2026\/08\/CUERNAVACA-DESTINA-560-MIL-PESOS-PARA-IMPULSAR-A-PRODUCTORES-API\u0301COLAS-Y-FU\u0301NGICOS-7-150x150.jpg\" class=\"attachment-thumbnail size-thumbnail\" alt=\"\" loading=\"lazy\" \/><\/a>\n\t\t\t<\/dt><\/dl><dl class='gallery-item'>\n\t\t\t<dt class='gallery-icon landscape'>\n\t\t\t\t<a href='https:\/\/cuernavaca.gob.mx\/?attachment_id=62631'><img width=\"150\" height=\"150\" src=\"https:\/\/cuernavaca.gob.mx\/wp-content\/uploads\/2026\/08\/CUERNAVACA-DESTINA-560-MIL-PESOS-PARA-IMPULSAR-A-PRODUCTORES-API\u0301COLAS-Y-FU\u0301NGICOS-8-150x150.jpg\" class=\"attachment-thumbnail size-thumbnail\" alt=\"\" loading=\"lazy\" \/><\/a>\n\t\t\t<\/dt><\/dl><dl class='gallery-item'>\n\t\t\t<dt class='gallery-icon landscape'>\n\t\t\t\t<a href='https:\/\/cuernavaca.gob.mx\/?attachment_id=62632'><img width=\"150\" height=\"150\" src=\"https:\/\/cuernavaca.gob.mx\/wp-content\/uploads\/2026\/08\/CUERNAVACA-DESTINA-560-MIL-PESOS-PARA-IMPULSAR-A-PRODUCTORES-API\u0301COLAS-Y-FU\u0301NGICOS-9-150x150.jpg\" class=\"attachment-thumbnail size-thumbnail\" alt=\"\" loading=\"lazy\" \/><\/a>\n\t\t\t<\/dt><\/dl><br style=\"clear: both\" \/><dl class='gallery-item'>\n\t\t\t<dt class='gallery-icon landscape'>\n\t\t\t\t<a href='https:\/\/cuernavaca.gob.mx\/?attachment_id=62633'><img width=\"150\" height=\"150\" src=\"https:\/\/cuernavaca.gob.mx\/wp-content\/uploads\/2026\/08\/CUERNAVACA-DESTINA-560-MIL-PESOS-PARA-IMPULSAR-A-PRODUCTORES-API\u0301COLAS-Y-FU\u0301NGICOS-10-150x150.jpg\" class=\"attachment-thumbnail size-thumbnail\" alt=\"\" loading=\"lazy\" \/><\/a>\n\t\t\t<\/dt><\/dl><dl class='gallery-item'>\n\t\t\t<dt class='gallery-icon landscape'>\n\t\t\t\t<a href='https:\/\/cuernavaca.gob.mx\/?attachment_id=62634'><img width=\"150\" height=\"150\" src=\"https:\/\/cuernavaca.gob.mx\/wp-content\/uploads\/2026\/08\/CUERNAVACA-DESTINA-560-MIL-PESOS-PARA-IMPULSAR-A-PRODUCTORES-API\u0301COLAS-Y-FU\u0301NGICOS-11-150x150.jpg\" class=\"attachment-thumbnail size-thumbnail\" alt=\"\" loading=\"lazy\" \/><\/a>\n\t\t\t<\/dt><\/dl><dl class='gallery-item'>\n\t\t\t<dt class='gallery-icon landscape'>\n\t\t\t\t<a href='https:\/\/cuernavaca.gob.mx\/?attachment_id=62635'><img width=\"150\" height=\"150\" src=\"https:\/\/cuernavaca.gob.mx\/wp-content\/uploads\/2026\/08\/CUERNAVACA-DESTINA-560-MIL-PESOS-PARA-IMPULSAR-A-PRODUCTORES-API\u0301COLAS-Y-FU\u0301NGICOS-12-150x150.jpg\" class=\"attachment-thumbnail size-thumbnail\" alt=\"\" loading=\"lazy\" \/><\/a>\n\t\t\t<\/dt><\/dl><br style=\"clear: both\" \/>\n\t\t<\/div>\n\n<p>&nbsp;<\/p>\n","protected":false},"excerpt":{"rendered":"<p>* El apoyo benefici\u00f3 a 23 productores con equipamiento y materia prima, como parte de los 31.2 millones de pesos destinados este a\u00f1o al desarrollo del campo en Cuernavaca El Ayuntamiento de Cuernavaca ampl\u00eda el respaldo al sector agropecuario con la entrega de 560 mil pesos del Fondo de Aportaciones Estatales para el Fomento Municipal [&hellip;]<\/p>\n","protected":false},"author":1,"featured_media":62628,"comment_status":"closed","ping_status":"open","sticky":false,"template":"","format":"standard","meta":[],"categories":[2294],"tags":[],"aioseo_notices":[],"_links":{"self":[{"href":"https:\/\/cuernavaca.gob.mx\/index.php?rest_route=\/wp\/v2\/posts\/62623"}],"collection":[{"href":"https:\/\/cuernavaca.gob.mx\/index.php?rest_route=\/wp\/v2\/posts"}],"about":[{"href":"https:\/\/cuernavaca.gob.mx\/index.php?rest_route=\/wp\/v2\/types\/post"}],"author":[{"embeddable":true,"href":"https:\/\/cuernavaca.gob.mx\/index.php?rest_route=\/wp\/v2\/users\/1"}],"replies":[{"embeddable":true,"href":"https:\/\/cuernavaca.gob.mx\/index.php?rest_route=%2Fwp%2Fv2%2Fcomments&post=62623"}],"version-history":[{"count":1,"href":"https:\/\/cuernavaca.gob.mx\/index.php?rest_route=\/wp\/v2\/posts\/62623\/revisions"}],"predecessor-version":[{"id":62636,"href":"https:\/\/cuernavaca.gob.mx\/index.php?rest_route=\/wp\/v2\/posts\/62623\/revisions\/62636"}],"wp:featuredmedia":[{"embeddable":true,"href":"https:\/\/cuernavaca.gob.mx\/index.php?rest_route=\/wp\/v2\/media\/62628"}],"wp:attachment":[{"href":"https:\/\/cuernavaca.gob.mx\/index.php?rest_route=%2Fwp%2Fv2%2Fmedia&parent=62623"}],"wp:term":[{"taxonomy":"category","embeddable":true,"href":"https:\/\/cuernavaca.gob.mx\/index.php?rest_route=%2Fwp%2Fv2%2Fcategories&post=62623"},{"taxonomy":"post_tag","embeddable":true,"href":"https:\/\/cuernavaca.gob.mx\/index.php?rest_route=%2Fwp%2Fv2%2Ftags&post=62623"}],"curies":[{"name":"wp","href":"https:\/\/api.w.org\/{rel}","templated":true}]}}