{"id":62646,"date":"2026-09-01T07:46:28","date_gmt":"2026-09-01T13:46:28","guid":{"rendered":"https:\/\/cuernavaca.gob.mx\/?p=62646"},"modified":"2026-09-01T07:46:28","modified_gmt":"2026-09-01T13:46:28","slug":"b1488-01-09-26-jose-luis-uriostegui-encabezo-recorrido-para-dar-atencion-prioritaria-a-colonias-de-la-zona-nororiente-de-cuernavaca","status":"publish","type":"post","link":"https:\/\/cuernavaca.gob.mx\/?p=62646","title":{"rendered":"B1488 01\/09\/26 JOS\u00c9 LUIS URI\u00d3STEGUI ENCABEZ\u00d3 RECORRIDO PARA DAR ATENCI\u00d3N PRIORITARIA A COLONIAS DE LA ZONA NORORIENTE DE CUERNAVACA"},"content":{"rendered":"<p><strong>* El alcalde llev\u00f3 a las \u00e1reas municipales con competencia directa a cerca de 10 colonias para revisar en territorio los planteamientos vecinales y definir alternativas de atenci\u00f3n<\/strong><\/p>\n<p>El alcalde de Cuernavaca, Jos\u00e9 Luis Uri\u00f3stegui Salgado, encabez\u00f3 un recorrido por cerca de 10 colonias de la zona nororiente de la ciudad, asentadas dentro de un pol\u00edgono considerado por la Federaci\u00f3n como zona natural protegida. Acompa\u00f1ado por representantes vecinales e integrantes de su Gabinete, revis\u00f3 directamente los planteamientos de la comunidad y pidi\u00f3 a las \u00e1reas con competencia en cada tema establecer una ruta de atenci\u00f3n prioritaria, con apego a las disposiciones ambientales aplicables.<\/p>\n<p>Guiado por representantes vecinales, Uri\u00f3stegui Salgado supervis\u00f3 puntos espec\u00edficos de las colonias Universo, Bosques de la Florida, Copalito, Villa Santiago, Cerritos de Garc\u00eda, Las Flores, Unidad Deportiva, Rodolfo L\u00f3pez Nava y Lomas Verdes, entre otras, donde dialog\u00f3 con habitantes y constat\u00f3 las condiciones de distintos puntos de la zona.<\/p>\n<p>En el recorrido participaron la secretaria de Desarrollo Humano y Participaci\u00f3n Social, Sandra Pinz\u00f3n S\u00e1nchez; el secretario de Desarrollo Urbano y Obras P\u00fablicas, Demetrio Chavira de la Torre; el secretario de Protecci\u00f3n y Auxilio Ciudadano, Pablo Aguilera Casados; el secretario de Desarrollo Sustentable y Servicios P\u00fablicos, Ren\u00e9 Casta\u00f1eda G\u00f3mez; y el director general del Sistema de Agua Potable y Alcantarillado de Cuernavaca (SAPAC), Arnoldo Heredia Romero, adem\u00e1s de directores de \u00e1rea.<\/p>\n<p>Durante la jornada, Jos\u00e9 Luis Uri\u00f3stegui instruy\u00f3 a las \u00e1reas municipales a revisar los planteamientos expuestos y determinar alternativas de atenci\u00f3n, considerando su viabilidad, el n\u00famero de habitantes beneficiados y la inversi\u00f3n requerida, as\u00ed como identificar aquellas solicitudes que pueden recibir atenci\u00f3n prioritaria dentro de las atribuciones del Ayuntamiento.<\/p>\n<p>Asimismo, anunci\u00f3 la posibilidad de incorporar m\u00e1s proyectos de estas colonias al Presupuesto Social Ciudadano y pidi\u00f3 a SAPAC dar seguimiento a la conclusi\u00f3n del Plan Integral de Drenaje, como parte de la atenci\u00f3n que las distintas \u00e1reas municipales dar\u00e1n a los planteamientos recibidos.<\/p>\n<p>Este recorrido da continuidad al trabajo que Jos\u00e9 Luis Uri\u00f3stegui Salgado ha mantenido en esta regi\u00f3n de la ciudad, donde el Gobierno Municipal tambi\u00e9n ha sumado esfuerzos con autoridades de la Comisi\u00f3n Nacional de \u00c1reas Naturales Protegidas (CONANP) para revisar el ordenamiento de los asentamientos humanos y las alternativas de atenci\u00f3n a la poblaci\u00f3n, siempre bajo las disposiciones ambientales aplicables y con apego a la protecci\u00f3n del \u00e1rea natural.<\/p>\n\n\t\t<style type=\"text\/css\">\n\t\t\t#gallery-1 {\n\t\t\t\tmargin: auto;\n\t\t\t}\n\t\t\t#gallery-1 .gallery-item {\n\t\t\t\tfloat: left;\n\t\t\t\tmargin-top: 10px;\n\t\t\t\ttext-align: center;\n\t\t\t\twidth: 33%;\n\t\t\t}\n\t\t\t#gallery-1 img {\n\t\t\t\tborder: 2px solid #cfcfcf;\n\t\t\t}\n\t\t\t#gallery-1 .gallery-caption {\n\t\t\t\tmargin-left: 0;\n\t\t\t}\n\t\t\t\/* see gallery_shortcode() in wp-includes\/media.php *\/\n\t\t<\/style>\n\t\t<div id='gallery-1' class='gallery galleryid-62646 gallery-columns-3 gallery-size-thumbnail'><dl class='gallery-item'>\n\t\t\t<dt class='gallery-icon landscape'>\n\t\t\t\t<a href='https:\/\/cuernavaca.gob.mx\/?attachment_id=62647'><img width=\"150\" height=\"150\" src=\"https:\/\/cuernavaca.gob.mx\/wp-content\/uploads\/2026\/09\/JOSE\u0301-LUIS-URIO\u0301STEGUI-ENCABEZO\u0301-RECORRIDO-PARA-DAR-ATENCIO\u0301N-PRIORITARIA-A-COLONIAS-DE-LA-ZONA-NORORIENTE-DE-CUERNAVACA-1-150x150.jpg\" class=\"attachment-thumbnail size-thumbnail\" alt=\"\" loading=\"lazy\" \/><\/a>\n\t\t\t<\/dt><\/dl><dl class='gallery-item'>\n\t\t\t<dt class='gallery-icon landscape'>\n\t\t\t\t<a href='https:\/\/cuernavaca.gob.mx\/?attachment_id=62648'><img width=\"150\" height=\"150\" src=\"https:\/\/cuernavaca.gob.mx\/wp-content\/uploads\/2026\/09\/JOSE\u0301-LUIS-URIO\u0301STEGUI-ENCABEZO\u0301-RECORRIDO-PARA-DAR-ATENCIO\u0301N-PRIORITARIA-A-COLONIAS-DE-LA-ZONA-NORORIENTE-DE-CUERNAVACA-2-150x150.jpg\" class=\"attachment-thumbnail size-thumbnail\" alt=\"\" loading=\"lazy\" \/><\/a>\n\t\t\t<\/dt><\/dl><dl class='gallery-item'>\n\t\t\t<dt class='gallery-icon landscape'>\n\t\t\t\t<a href='https:\/\/cuernavaca.gob.mx\/?attachment_id=62649'><img width=\"150\" height=\"150\" src=\"https:\/\/cuernavaca.gob.mx\/wp-content\/uploads\/2026\/09\/JOSE\u0301-LUIS-URIO\u0301STEGUI-ENCABEZO\u0301-RECORRIDO-PARA-DAR-ATENCIO\u0301N-PRIORITARIA-A-COLONIAS-DE-LA-ZONA-NORORIENTE-DE-CUERNAVACA-3-150x150.jpg\" class=\"attachment-thumbnail size-thumbnail\" alt=\"\" loading=\"lazy\" \/><\/a>\n\t\t\t<\/dt><\/dl><br style=\"clear: both\" \/><dl class='gallery-item'>\n\t\t\t<dt class='gallery-icon landscape'>\n\t\t\t\t<a href='https:\/\/cuernavaca.gob.mx\/?attachment_id=62650'><img width=\"150\" height=\"150\" src=\"https:\/\/cuernavaca.gob.mx\/wp-content\/uploads\/2026\/09\/JOSE\u0301-LUIS-URIO\u0301STEGUI-ENCABEZO\u0301-RECORRIDO-PARA-DAR-ATENCIO\u0301N-PRIORITARIA-A-COLONIAS-DE-LA-ZONA-NORORIENTE-DE-CUERNAVACA-4-150x150.jpg\" class=\"attachment-thumbnail size-thumbnail\" alt=\"\" loading=\"lazy\" \/><\/a>\n\t\t\t<\/dt><\/dl><dl class='gallery-item'>\n\t\t\t<dt class='gallery-icon landscape'>\n\t\t\t\t<a href='https:\/\/cuernavaca.gob.mx\/?attachment_id=62651'><img width=\"150\" height=\"150\" src=\"https:\/\/cuernavaca.gob.mx\/wp-content\/uploads\/2026\/09\/JOSE\u0301-LUIS-URIO\u0301STEGUI-ENCABEZO\u0301-RECORRIDO-PARA-DAR-ATENCIO\u0301N-PRIORITARIA-A-COLONIAS-DE-LA-ZONA-NORORIENTE-DE-CUERNAVACA-5-150x150.jpg\" class=\"attachment-thumbnail size-thumbnail\" alt=\"\" loading=\"lazy\" \/><\/a>\n\t\t\t<\/dt><\/dl><dl class='gallery-item'>\n\t\t\t<dt class='gallery-icon landscape'>\n\t\t\t\t<a href='https:\/\/cuernavaca.gob.mx\/?attachment_id=62652'><img width=\"150\" height=\"150\" src=\"https:\/\/cuernavaca.gob.mx\/wp-content\/uploads\/2026\/09\/JOSE\u0301-LUIS-URIO\u0301STEGUI-ENCABEZO\u0301-RECORRIDO-PARA-DAR-ATENCIO\u0301N-PRIORITARIA-A-COLONIAS-DE-LA-ZONA-NORORIENTE-DE-CUERNAVACA-6-150x150.jpg\" class=\"attachment-thumbnail size-thumbnail\" alt=\"\" loading=\"lazy\" \/><\/a>\n\t\t\t<\/dt><\/dl><br style=\"clear: both\" \/><dl class='gallery-item'>\n\t\t\t<dt class='gallery-icon landscape'>\n\t\t\t\t<a href='https:\/\/cuernavaca.gob.mx\/?attachment_id=62653'><img width=\"150\" height=\"150\" src=\"https:\/\/cuernavaca.gob.mx\/wp-content\/uploads\/2026\/09\/JOSE\u0301-LUIS-URIO\u0301STEGUI-ENCABEZO\u0301-RECORRIDO-PARA-DAR-ATENCIO\u0301N-PRIORITARIA-A-COLONIAS-DE-LA-ZONA-NORORIENTE-DE-CUERNAVACA-7-150x150.jpg\" class=\"attachment-thumbnail size-thumbnail\" alt=\"\" loading=\"lazy\" \/><\/a>\n\t\t\t<\/dt><\/dl><dl class='gallery-item'>\n\t\t\t<dt class='gallery-icon landscape'>\n\t\t\t\t<a href='https:\/\/cuernavaca.gob.mx\/?attachment_id=62654'><img width=\"150\" height=\"150\" src=\"https:\/\/cuernavaca.gob.mx\/wp-content\/uploads\/2026\/09\/JOSE\u0301-LUIS-URIO\u0301STEGUI-ENCABEZO\u0301-RECORRIDO-PARA-DAR-ATENCIO\u0301N-PRIORITARIA-A-COLONIAS-DE-LA-ZONA-NORORIENTE-DE-CUERNAVACA-8-150x150.jpg\" class=\"attachment-thumbnail size-thumbnail\" alt=\"\" loading=\"lazy\" \/><\/a>\n\t\t\t<\/dt><\/dl><dl class='gallery-item'>\n\t\t\t<dt class='gallery-icon landscape'>\n\t\t\t\t<a href='https:\/\/cuernavaca.gob.mx\/?attachment_id=62655'><img width=\"150\" height=\"150\" src=\"https:\/\/cuernavaca.gob.mx\/wp-content\/uploads\/2026\/09\/JOSE\u0301-LUIS-URIO\u0301STEGUI-ENCABEZO\u0301-RECORRIDO-PARA-DAR-ATENCIO\u0301N-PRIORITARIA-A-COLONIAS-DE-LA-ZONA-NORORIENTE-DE-CUERNAVACA-9-150x150.jpg\" class=\"attachment-thumbnail size-thumbnail\" alt=\"\" loading=\"lazy\" \/><\/a>\n\t\t\t<\/dt><\/dl><br style=\"clear: both\" \/>\n\t\t<\/div>\n\n","protected":false},"excerpt":{"rendered":"<p>* El alcalde llev\u00f3 a las \u00e1reas municipales con competencia directa a cerca de 10 colonias para revisar en territorio los planteamientos vecinales y definir alternativas de atenci\u00f3n El alcalde de Cuernavaca, Jos\u00e9 Luis Uri\u00f3stegui Salgado, encabez\u00f3 un recorrido por cerca de 10 colonias de la zona nororiente de la ciudad, asentadas dentro de un [&hellip;]<\/p>\n","protected":false},"author":1,"featured_media":62654,"comment_status":"closed","ping_status":"open","sticky":false,"template":"","format":"standard","meta":[],"categories":[20],"tags":[],"aioseo_notices":[],"_links":{"self":[{"href":"https:\/\/cuernavaca.gob.mx\/index.php?rest_route=\/wp\/v2\/posts\/62646"}],"collection":[{"href":"https:\/\/cuernavaca.gob.mx\/index.php?rest_route=\/wp\/v2\/posts"}],"about":[{"href":"https:\/\/cuernavaca.gob.mx\/index.php?rest_route=\/wp\/v2\/types\/post"}],"author":[{"embeddable":true,"href":"https:\/\/cuernavaca.gob.mx\/index.php?rest_route=\/wp\/v2\/users\/1"}],"replies":[{"embeddable":true,"href":"https:\/\/cuernavaca.gob.mx\/index.php?rest_route=%2Fwp%2Fv2%2Fcomments&post=62646"}],"version-history":[{"count":1,"href":"https:\/\/cuernavaca.gob.mx\/index.php?rest_route=\/wp\/v2\/posts\/62646\/revisions"}],"predecessor-version":[{"id":62656,"href":"https:\/\/cuernavaca.gob.mx\/index.php?rest_route=\/wp\/v2\/posts\/62646\/revisions\/62656"}],"wp:featuredmedia":[{"embeddable":true,"href":"https:\/\/cuernavaca.gob.mx\/index.php?rest_route=\/wp\/v2\/media\/62654"}],"wp:attachment":[{"href":"https:\/\/cuernavaca.gob.mx\/index.php?rest_route=%2Fwp%2Fv2%2Fmedia&parent=62646"}],"wp:term":[{"taxonomy":"category","embeddable":true,"href":"https:\/\/cuernavaca.gob.mx\/index.php?rest_route=%2Fwp%2Fv2%2Fcategories&post=62646"},{"taxonomy":"post_tag","embeddable":true,"href":"https:\/\/cuernavaca.gob.mx\/index.php?rest_route=%2Fwp%2Fv2%2Ftags&post=62646"}],"curies":[{"name":"wp","href":"https:\/\/api.w.org\/{rel}","templated":true}]}}