{"id":62669,"date":"2026-09-01T11:29:19","date_gmt":"2026-09-01T17:29:19","guid":{"rendered":"https:\/\/cuernavaca.gob.mx\/?p=62669"},"modified":"2026-09-01T11:29:19","modified_gmt":"2026-09-01T17:29:19","slug":"b1489-01-09-2026-recomienda-gobierno-de-cuernavaca-cuidar-el-peso-de-las-mochilas-para-proteger-la-salud-de-estudiantes","status":"publish","type":"post","link":"https:\/\/cuernavaca.gob.mx\/?p=62669","title":{"rendered":"B1489 01\/09\/2026 RECOMIENDA GOBIERNO DE CUERNAVACA CUIDAR EL PESO DE LAS MOCHILAS PARA PROTEGER LA SALUD DE ESTUDIANTES"},"content":{"rendered":"<p>\u2022 La Secretar\u00eda de Desarrollo Humano y Participaci\u00f3n Social llama a madres, padres y tutores a evitar cargas innecesarias y fomentar h\u00e1bitos que contribuyan al bienestar de ni\u00f1as, ni\u00f1os y adolescentes<\/p>\n<p>Ante el regreso a clases, el Ayuntamiento de Cuernavaca, a trav\u00e9s de la Direcci\u00f3n de Salud y Educaci\u00f3n, adscrita a la Secretar\u00eda de Desarrollo Humano y Participaci\u00f3n Social (SDHyPS), recomienda a madres, padres y tutores prestar atenci\u00f3n al peso, contenido y forma de utilizar las mochilas escolares, con el prop\u00f3sito de prevenir molestias y favorecer la salud de ni\u00f1as, ni\u00f1os y adolescentes.<\/p>\n<p>El director de Salud y Educaci\u00f3n, Arturo Y\u00e1\u00f1ez Hern\u00e1ndez, recomend\u00f3 a las familias preparar juntos la mochila un d\u00eda antes, llevando \u00fanicamente lo necesario para evitar peso de m\u00e1s y facilitar las actividades escolares.<\/p>\n<p>&#8220;Es importante que las madres y padres revisen qu\u00e9 llevan diariamente sus hijas e hijos en la mochila. Muchas veces cargan cosas que no necesitan y que terminan representando un peso adicional. Adem\u00e1s, debemos estar atentos a cualquier molestia f\u00edsica que pueda presentarse y, si es recurrente, buscar orientaci\u00f3n de un profesional de la salud\u201d, se\u00f1al\u00f3.<\/p>\n<p>El funcionario destac\u00f3 que el bienestar de las y los estudiantes tambi\u00e9n forma parte de su desarrollo integral, por lo que hizo un llamado a las familias a fomentar desde casa h\u00e1bitos de prevenci\u00f3n y autocuidado.<\/p>\n<p>De acuerdo con recomendaciones de la American Academy of Pediatrics, el peso de una mochila escolar no deber\u00eda superar el 15 por ciento del peso corporal del estudiante. Por ejemplo, si una ni\u00f1a, ni\u00f1o o adolescente pesa 30 kilogramos, su mochila no deber\u00eda superar aproximadamente los 4.5 kilogramos.<\/p>\n<p>Una mochila con una carga excesiva puede generar tensi\u00f3n y molestias en la espalda, cuello y hombros. Por ello, la Direcci\u00f3n de Salud y Educaci\u00f3n recomienda revisar diariamente los \u00fatiles que se trasladan a la escuela y retirar aquellos que no sean necesarios para las actividades de la jornada.<\/p>\n<p>Asimismo, se recomienda elegir una mochila adecuada para la edad y complexi\u00f3n de cada estudiante, preferentemente con tirantes amplios y acolchonados, y utilizarla correctamente sobre ambos hombros para distribuir mejor el peso.<\/p>\n<p>Con estas acciones, el Gobierno de Cuernavaca refrenda su compromiso de promover una cultura de prevenci\u00f3n y autocuidado desde las primeras etapas de la vida, impulsando entornos que contribuyan al desarrollo integral de ni\u00f1as, ni\u00f1os y adolescentes.<\/p>\n\n\t\t<style type=\"text\/css\">\n\t\t\t#gallery-1 {\n\t\t\t\tmargin: auto;\n\t\t\t}\n\t\t\t#gallery-1 .gallery-item {\n\t\t\t\tfloat: left;\n\t\t\t\tmargin-top: 10px;\n\t\t\t\ttext-align: center;\n\t\t\t\twidth: 33%;\n\t\t\t}\n\t\t\t#gallery-1 img {\n\t\t\t\tborder: 2px solid #cfcfcf;\n\t\t\t}\n\t\t\t#gallery-1 .gallery-caption {\n\t\t\t\tmargin-left: 0;\n\t\t\t}\n\t\t\t\/* see gallery_shortcode() in wp-includes\/media.php *\/\n\t\t<\/style>\n\t\t<div id='gallery-1' class='gallery galleryid-62669 gallery-columns-3 gallery-size-medium'><dl class='gallery-item'>\n\t\t\t<dt class='gallery-icon landscape'>\n\t\t\t\t<a href='https:\/\/cuernavaca.gob.mx\/wp-content\/uploads\/2026\/09\/WhatsApp-Image-2026-09-01-at-10.17.55-AM-2.jpeg'><img width=\"300\" height=\"300\" src=\"https:\/\/cuernavaca.gob.mx\/wp-content\/uploads\/2026\/09\/WhatsApp-Image-2026-09-01-at-10.17.55-AM-2-300x300.jpeg\" class=\"attachment-medium size-medium\" alt=\"\" loading=\"lazy\" srcset=\"https:\/\/cuernavaca.gob.mx\/wp-content\/uploads\/2026\/09\/WhatsApp-Image-2026-09-01-at-10.17.55-AM-2-300x300.jpeg 300w, https:\/\/cuernavaca.gob.mx\/wp-content\/uploads\/2026\/09\/WhatsApp-Image-2026-09-01-at-10.17.55-AM-2-1024x1024.jpeg 1024w, https:\/\/cuernavaca.gob.mx\/wp-content\/uploads\/2026\/09\/WhatsApp-Image-2026-09-01-at-10.17.55-AM-2-150x150.jpeg 150w, https:\/\/cuernavaca.gob.mx\/wp-content\/uploads\/2026\/09\/WhatsApp-Image-2026-09-01-at-10.17.55-AM-2-768x768.jpeg 768w, https:\/\/cuernavaca.gob.mx\/wp-content\/uploads\/2026\/09\/WhatsApp-Image-2026-09-01-at-10.17.55-AM-2-600x600.jpeg 600w, https:\/\/cuernavaca.gob.mx\/wp-content\/uploads\/2026\/09\/WhatsApp-Image-2026-09-01-at-10.17.55-AM-2-560x560.jpeg 560w, https:\/\/cuernavaca.gob.mx\/wp-content\/uploads\/2026\/09\/WhatsApp-Image-2026-09-01-at-10.17.55-AM-2.jpeg 1254w\" sizes=\"(max-width: 300px) 100vw, 300px\" \/><\/a>\n\t\t\t<\/dt><\/dl><dl class='gallery-item'>\n\t\t\t<dt class='gallery-icon landscape'>\n\t\t\t\t<a href='https:\/\/cuernavaca.gob.mx\/wp-content\/uploads\/2026\/09\/WhatsApp-Image-2026-09-01-at-10.17.55-AM-1.jpeg'><img width=\"300\" height=\"200\" src=\"https:\/\/cuernavaca.gob.mx\/wp-content\/uploads\/2026\/09\/WhatsApp-Image-2026-09-01-at-10.17.55-AM-1-300x200.jpeg\" class=\"attachment-medium size-medium\" alt=\"\" loading=\"lazy\" srcset=\"https:\/\/cuernavaca.gob.mx\/wp-content\/uploads\/2026\/09\/WhatsApp-Image-2026-09-01-at-10.17.55-AM-1-300x200.jpeg 300w, https:\/\/cuernavaca.gob.mx\/wp-content\/uploads\/2026\/09\/WhatsApp-Image-2026-09-01-at-10.17.55-AM-1-1024x683.jpeg 1024w, https:\/\/cuernavaca.gob.mx\/wp-content\/uploads\/2026\/09\/WhatsApp-Image-2026-09-01-at-10.17.55-AM-1-768x512.jpeg 768w, https:\/\/cuernavaca.gob.mx\/wp-content\/uploads\/2026\/09\/WhatsApp-Image-2026-09-01-at-10.17.55-AM-1-1536x1024.jpeg 1536w, https:\/\/cuernavaca.gob.mx\/wp-content\/uploads\/2026\/09\/WhatsApp-Image-2026-09-01-at-10.17.55-AM-1-600x400.jpeg 600w, https:\/\/cuernavaca.gob.mx\/wp-content\/uploads\/2026\/09\/WhatsApp-Image-2026-09-01-at-10.17.55-AM-1-560x373.jpeg 560w, https:\/\/cuernavaca.gob.mx\/wp-content\/uploads\/2026\/09\/WhatsApp-Image-2026-09-01-at-10.17.55-AM-1.jpeg 1599w\" sizes=\"(max-width: 300px) 100vw, 300px\" \/><\/a>\n\t\t\t<\/dt><\/dl><dl class='gallery-item'>\n\t\t\t<dt class='gallery-icon landscape'>\n\t\t\t\t<a href='https:\/\/cuernavaca.gob.mx\/wp-content\/uploads\/2026\/09\/WhatsApp-Image-2026-09-01-at-10.17.55-AM.jpeg'><img width=\"300\" height=\"200\" src=\"https:\/\/cuernavaca.gob.mx\/wp-content\/uploads\/2026\/09\/WhatsApp-Image-2026-09-01-at-10.17.55-AM-300x200.jpeg\" class=\"attachment-medium size-medium\" alt=\"\" loading=\"lazy\" srcset=\"https:\/\/cuernavaca.gob.mx\/wp-content\/uploads\/2026\/09\/WhatsApp-Image-2026-09-01-at-10.17.55-AM-300x200.jpeg 300w, https:\/\/cuernavaca.gob.mx\/wp-content\/uploads\/2026\/09\/WhatsApp-Image-2026-09-01-at-10.17.55-AM-1024x683.jpeg 1024w, https:\/\/cuernavaca.gob.mx\/wp-content\/uploads\/2026\/09\/WhatsApp-Image-2026-09-01-at-10.17.55-AM-768x512.jpeg 768w, https:\/\/cuernavaca.gob.mx\/wp-content\/uploads\/2026\/09\/WhatsApp-Image-2026-09-01-at-10.17.55-AM-1536x1024.jpeg 1536w, https:\/\/cuernavaca.gob.mx\/wp-content\/uploads\/2026\/09\/WhatsApp-Image-2026-09-01-at-10.17.55-AM-600x400.jpeg 600w, https:\/\/cuernavaca.gob.mx\/wp-content\/uploads\/2026\/09\/WhatsApp-Image-2026-09-01-at-10.17.55-AM-560x373.jpeg 560w, https:\/\/cuernavaca.gob.mx\/wp-content\/uploads\/2026\/09\/WhatsApp-Image-2026-09-01-at-10.17.55-AM.jpeg 1599w\" sizes=\"(max-width: 300px) 100vw, 300px\" \/><\/a>\n\t\t\t<\/dt><\/dl><br style=\"clear: both\" \/>\n\t\t<\/div>\n\n","protected":false},"excerpt":{"rendered":"<p>\u2022 La Secretar\u00eda de Desarrollo Humano y Participaci\u00f3n Social llama a madres, padres y tutores a evitar cargas innecesarias y fomentar h\u00e1bitos que contribuyan al bienestar de ni\u00f1as, ni\u00f1os y adolescentes Ante el regreso a clases, el Ayuntamiento de Cuernavaca, a trav\u00e9s de la Direcci\u00f3n de Salud y Educaci\u00f3n, adscrita a la Secretar\u00eda de Desarrollo [&hellip;]<\/p>\n","protected":false},"author":1,"featured_media":62672,"comment_status":"closed","ping_status":"open","sticky":false,"template":"","format":"standard","meta":[],"categories":[862,3090],"tags":[],"aioseo_notices":[],"_links":{"self":[{"href":"https:\/\/cuernavaca.gob.mx\/index.php?rest_route=\/wp\/v2\/posts\/62669"}],"collection":[{"href":"https:\/\/cuernavaca.gob.mx\/index.php?rest_route=\/wp\/v2\/posts"}],"about":[{"href":"https:\/\/cuernavaca.gob.mx\/index.php?rest_route=\/wp\/v2\/types\/post"}],"author":[{"embeddable":true,"href":"https:\/\/cuernavaca.gob.mx\/index.php?rest_route=\/wp\/v2\/users\/1"}],"replies":[{"embeddable":true,"href":"https:\/\/cuernavaca.gob.mx\/index.php?rest_route=%2Fwp%2Fv2%2Fcomments&post=62669"}],"version-history":[{"count":1,"href":"https:\/\/cuernavaca.gob.mx\/index.php?rest_route=\/wp\/v2\/posts\/62669\/revisions"}],"predecessor-version":[{"id":62673,"href":"https:\/\/cuernavaca.gob.mx\/index.php?rest_route=\/wp\/v2\/posts\/62669\/revisions\/62673"}],"wp:featuredmedia":[{"embeddable":true,"href":"https:\/\/cuernavaca.gob.mx\/index.php?rest_route=\/wp\/v2\/media\/62672"}],"wp:attachment":[{"href":"https:\/\/cuernavaca.gob.mx\/index.php?rest_route=%2Fwp%2Fv2%2Fmedia&parent=62669"}],"wp:term":[{"taxonomy":"category","embeddable":true,"href":"https:\/\/cuernavaca.gob.mx\/index.php?rest_route=%2Fwp%2Fv2%2Fcategories&post=62669"},{"taxonomy":"post_tag","embeddable":true,"href":"https:\/\/cuernavaca.gob.mx\/index.php?rest_route=%2Fwp%2Fv2%2Ftags&post=62669"}],"curies":[{"name":"wp","href":"https:\/\/api.w.org\/{rel}","templated":true}]}}