{"id":62674,"date":"2026-09-01T12:19:55","date_gmt":"2026-09-01T18:19:55","guid":{"rendered":"https:\/\/cuernavaca.gob.mx\/?p=62674"},"modified":"2026-09-01T12:19:55","modified_gmt":"2026-09-01T18:19:55","slug":"b1490-01-09-2026-llama-jose-luis-uriostegui-a-honrar-a-la-patria-desde-el-servicio-publico","status":"publish","type":"post","link":"https:\/\/cuernavaca.gob.mx\/?p=62674","title":{"rendered":"B1490 01\/09\/2026 LLAMA JOS\u00c9 LUIS URI\u00d3STEGUI A HONRAR A LA PATRIA DESDE EL SERVICIO P\u00daBLICO"},"content":{"rendered":"<p>\u2022 Durante la ceremonia de honores a la bandera en la sede Papagayo, el alcalde de Cuernavaca convoc\u00f3 a las y los servidores p\u00fablicos a trabajar con responsabilidad, amabilidad y sentido de bien com\u00fan<\/p>\n<p>El presidente municipal de Cuernavaca, Jos\u00e9 Luis Uri\u00f3stegui Salgado, encabez\u00f3 este martes, en la sede Papagayo del Ayuntamiento capitalino, la ceremonia de honores a la bandera, con la que el Gobierno Municipal dio inicio a las actividades c\u00edvicas del mes patrio. En este marco, convoc\u00f3 a las y los servidores p\u00fablicos a honrar a M\u00e9xico desde la responsabilidad y el compromiso de servir a la ciudadan\u00eda.<\/p>\n<p>Ante integrantes del Cabildo y personal del Ayuntamiento, el alcalde record\u00f3 que la Independencia de M\u00e9xico fue resultado de a\u00f1os de lucha y de la decisi\u00f3n de quienes tuvieron la voluntad de transformar las circunstancias de su tiempo. Se\u00f1al\u00f3 que esa misma determinaci\u00f3n debe estar presente en el servicio p\u00fablico, particularmente en una ciudad como Cuernavaca, que enfrent\u00f3 a\u00f1os de desorden administrativo y que hoy tiene el reto de seguir respondiendo con resultados a las necesidades de su poblaci\u00f3n.<\/p>\n<p>Uri\u00f3stegui Salgado subray\u00f3 que trabajar para servir a los dem\u00e1s representa uno de los mayores honores que puede recibir una persona, por lo que llam\u00f3 a quienes integran la administraci\u00f3n municipal a ejercer sus funciones con amabilidad, cordialidad y vocaci\u00f3n de servicio, teniendo siempre presente que los recursos p\u00fablicos deben destinarse a atender las necesidades de la poblaci\u00f3n.<\/p>\n<p>Al hacer referencia a los principios expresados por Jos\u00e9 Mar\u00eda Morelos y Pav\u00f3n en los Sentimientos de la Naci\u00f3n, resalt\u00f3 la importancia de construir una sociedad en la que la pobreza no determine el destino de las personas y donde el trabajo, la virtud y el bien com\u00fan sean valores que orienten la actuaci\u00f3n de quienes tienen una responsabilidad p\u00fablica.<\/p>\n<p>La ceremonia c\u00edvica cont\u00f3 con la participaci\u00f3n de las regidoras Miriam Barajas Basilio y Elia Ortiz Garc\u00eda, as\u00ed como de los regidores Alfredo Gonz\u00e1lez S\u00e1nchez y Gabriel Rivas R\u00edos. La escolta estuvo integrada por elementos de la Secretar\u00eda de Protecci\u00f3n y Auxilio Ciudadano (SEPRAC).<\/p>\n<p>Con este acto, el Ayuntamiento de Cuernavaca abri\u00f3 su calendario de actividades c\u00edvicas de septiembre, un mes en el que la capital morelense recuerda los acontecimientos que dieron origen a la naci\u00f3n mexicana y en el que, desde el servicio p\u00fablico, se renueva la responsabilidad de trabajar todos los d\u00edas por el bienestar de las y los habitantes.<\/p>\n\n\t\t<style type=\"text\/css\">\n\t\t\t#gallery-1 {\n\t\t\t\tmargin: auto;\n\t\t\t}\n\t\t\t#gallery-1 .gallery-item {\n\t\t\t\tfloat: left;\n\t\t\t\tmargin-top: 10px;\n\t\t\t\ttext-align: center;\n\t\t\t\twidth: 25%;\n\t\t\t}\n\t\t\t#gallery-1 img {\n\t\t\t\tborder: 2px solid #cfcfcf;\n\t\t\t}\n\t\t\t#gallery-1 .gallery-caption {\n\t\t\t\tmargin-left: 0;\n\t\t\t}\n\t\t\t\/* see gallery_shortcode() in wp-includes\/media.php *\/\n\t\t<\/style>\n\t\t<div id='gallery-1' class='gallery galleryid-62674 gallery-columns-4 gallery-size-medium'><dl class='gallery-item'>\n\t\t\t<dt class='gallery-icon landscape'>\n\t\t\t\t<a href='https:\/\/cuernavaca.gob.mx\/?attachment_id=62675'><img width=\"300\" height=\"200\" src=\"https:\/\/cuernavaca.gob.mx\/wp-content\/uploads\/2026\/09\/WhatsApp-Image-2026-09-01-at-11.48.52-AM-300x200.jpeg\" class=\"attachment-medium size-medium\" alt=\"\" loading=\"lazy\" srcset=\"https:\/\/cuernavaca.gob.mx\/wp-content\/uploads\/2026\/09\/WhatsApp-Image-2026-09-01-at-11.48.52-AM-300x200.jpeg 300w, https:\/\/cuernavaca.gob.mx\/wp-content\/uploads\/2026\/09\/WhatsApp-Image-2026-09-01-at-11.48.52-AM-1024x683.jpeg 1024w, https:\/\/cuernavaca.gob.mx\/wp-content\/uploads\/2026\/09\/WhatsApp-Image-2026-09-01-at-11.48.52-AM-768x512.jpeg 768w, https:\/\/cuernavaca.gob.mx\/wp-content\/uploads\/2026\/09\/WhatsApp-Image-2026-09-01-at-11.48.52-AM-600x400.jpeg 600w, https:\/\/cuernavaca.gob.mx\/wp-content\/uploads\/2026\/09\/WhatsApp-Image-2026-09-01-at-11.48.52-AM-560x374.jpeg 560w, https:\/\/cuernavaca.gob.mx\/wp-content\/uploads\/2026\/09\/WhatsApp-Image-2026-09-01-at-11.48.52-AM.jpeg 1280w\" sizes=\"(max-width: 300px) 100vw, 300px\" \/><\/a>\n\t\t\t<\/dt><\/dl><dl class='gallery-item'>\n\t\t\t<dt class='gallery-icon landscape'>\n\t\t\t\t<a href='https:\/\/cuernavaca.gob.mx\/?attachment_id=62676'><img width=\"300\" height=\"200\" src=\"https:\/\/cuernavaca.gob.mx\/wp-content\/uploads\/2026\/09\/WhatsApp-Image-2026-09-01-at-11.48.51-AM-1-300x200.jpeg\" class=\"attachment-medium size-medium\" alt=\"\" loading=\"lazy\" srcset=\"https:\/\/cuernavaca.gob.mx\/wp-content\/uploads\/2026\/09\/WhatsApp-Image-2026-09-01-at-11.48.51-AM-1-300x200.jpeg 300w, https:\/\/cuernavaca.gob.mx\/wp-content\/uploads\/2026\/09\/WhatsApp-Image-2026-09-01-at-11.48.51-AM-1-1024x683.jpeg 1024w, https:\/\/cuernavaca.gob.mx\/wp-content\/uploads\/2026\/09\/WhatsApp-Image-2026-09-01-at-11.48.51-AM-1-768x512.jpeg 768w, https:\/\/cuernavaca.gob.mx\/wp-content\/uploads\/2026\/09\/WhatsApp-Image-2026-09-01-at-11.48.51-AM-1-600x400.jpeg 600w, https:\/\/cuernavaca.gob.mx\/wp-content\/uploads\/2026\/09\/WhatsApp-Image-2026-09-01-at-11.48.51-AM-1-560x374.jpeg 560w, https:\/\/cuernavaca.gob.mx\/wp-content\/uploads\/2026\/09\/WhatsApp-Image-2026-09-01-at-11.48.51-AM-1.jpeg 1280w\" sizes=\"(max-width: 300px) 100vw, 300px\" \/><\/a>\n\t\t\t<\/dt><\/dl><dl class='gallery-item'>\n\t\t\t<dt class='gallery-icon landscape'>\n\t\t\t\t<a href='https:\/\/cuernavaca.gob.mx\/?attachment_id=62677'><img width=\"300\" height=\"200\" src=\"https:\/\/cuernavaca.gob.mx\/wp-content\/uploads\/2026\/09\/WhatsApp-Image-2026-09-01-at-11.48.51-AM-2-300x200.jpeg\" class=\"attachment-medium size-medium\" alt=\"\" loading=\"lazy\" srcset=\"https:\/\/cuernavaca.gob.mx\/wp-content\/uploads\/2026\/09\/WhatsApp-Image-2026-09-01-at-11.48.51-AM-2-300x200.jpeg 300w, https:\/\/cuernavaca.gob.mx\/wp-content\/uploads\/2026\/09\/WhatsApp-Image-2026-09-01-at-11.48.51-AM-2-1024x683.jpeg 1024w, https:\/\/cuernavaca.gob.mx\/wp-content\/uploads\/2026\/09\/WhatsApp-Image-2026-09-01-at-11.48.51-AM-2-768x512.jpeg 768w, https:\/\/cuernavaca.gob.mx\/wp-content\/uploads\/2026\/09\/WhatsApp-Image-2026-09-01-at-11.48.51-AM-2-600x400.jpeg 600w, https:\/\/cuernavaca.gob.mx\/wp-content\/uploads\/2026\/09\/WhatsApp-Image-2026-09-01-at-11.48.51-AM-2-560x374.jpeg 560w, https:\/\/cuernavaca.gob.mx\/wp-content\/uploads\/2026\/09\/WhatsApp-Image-2026-09-01-at-11.48.51-AM-2.jpeg 1280w\" sizes=\"(max-width: 300px) 100vw, 300px\" \/><\/a>\n\t\t\t<\/dt><\/dl><dl class='gallery-item'>\n\t\t\t<dt class='gallery-icon landscape'>\n\t\t\t\t<a href='https:\/\/cuernavaca.gob.mx\/?attachment_id=62678'><img width=\"300\" height=\"200\" src=\"https:\/\/cuernavaca.gob.mx\/wp-content\/uploads\/2026\/09\/WhatsApp-Image-2026-09-01-at-11.48.51-AM-3-300x200.jpeg\" class=\"attachment-medium size-medium\" alt=\"\" loading=\"lazy\" srcset=\"https:\/\/cuernavaca.gob.mx\/wp-content\/uploads\/2026\/09\/WhatsApp-Image-2026-09-01-at-11.48.51-AM-3-300x200.jpeg 300w, https:\/\/cuernavaca.gob.mx\/wp-content\/uploads\/2026\/09\/WhatsApp-Image-2026-09-01-at-11.48.51-AM-3-1024x683.jpeg 1024w, https:\/\/cuernavaca.gob.mx\/wp-content\/uploads\/2026\/09\/WhatsApp-Image-2026-09-01-at-11.48.51-AM-3-768x512.jpeg 768w, https:\/\/cuernavaca.gob.mx\/wp-content\/uploads\/2026\/09\/WhatsApp-Image-2026-09-01-at-11.48.51-AM-3-600x400.jpeg 600w, https:\/\/cuernavaca.gob.mx\/wp-content\/uploads\/2026\/09\/WhatsApp-Image-2026-09-01-at-11.48.51-AM-3-560x374.jpeg 560w, https:\/\/cuernavaca.gob.mx\/wp-content\/uploads\/2026\/09\/WhatsApp-Image-2026-09-01-at-11.48.51-AM-3.jpeg 1280w\" sizes=\"(max-width: 300px) 100vw, 300px\" \/><\/a>\n\t\t\t<\/dt><\/dl><br style=\"clear: both\" \/><dl class='gallery-item'>\n\t\t\t<dt class='gallery-icon landscape'>\n\t\t\t\t<a href='https:\/\/cuernavaca.gob.mx\/?attachment_id=62679'><img width=\"300\" height=\"200\" src=\"https:\/\/cuernavaca.gob.mx\/wp-content\/uploads\/2026\/09\/WhatsApp-Image-2026-09-01-at-11.48.51-AM-4-300x200.jpeg\" class=\"attachment-medium size-medium\" alt=\"\" loading=\"lazy\" srcset=\"https:\/\/cuernavaca.gob.mx\/wp-content\/uploads\/2026\/09\/WhatsApp-Image-2026-09-01-at-11.48.51-AM-4-300x200.jpeg 300w, https:\/\/cuernavaca.gob.mx\/wp-content\/uploads\/2026\/09\/WhatsApp-Image-2026-09-01-at-11.48.51-AM-4-1024x683.jpeg 1024w, https:\/\/cuernavaca.gob.mx\/wp-content\/uploads\/2026\/09\/WhatsApp-Image-2026-09-01-at-11.48.51-AM-4-768x512.jpeg 768w, https:\/\/cuernavaca.gob.mx\/wp-content\/uploads\/2026\/09\/WhatsApp-Image-2026-09-01-at-11.48.51-AM-4-600x400.jpeg 600w, https:\/\/cuernavaca.gob.mx\/wp-content\/uploads\/2026\/09\/WhatsApp-Image-2026-09-01-at-11.48.51-AM-4-560x374.jpeg 560w, https:\/\/cuernavaca.gob.mx\/wp-content\/uploads\/2026\/09\/WhatsApp-Image-2026-09-01-at-11.48.51-AM-4.jpeg 1280w\" sizes=\"(max-width: 300px) 100vw, 300px\" \/><\/a>\n\t\t\t<\/dt><\/dl><dl class='gallery-item'>\n\t\t\t<dt class='gallery-icon landscape'>\n\t\t\t\t<a href='https:\/\/cuernavaca.gob.mx\/?attachment_id=62680'><img width=\"300\" height=\"200\" src=\"https:\/\/cuernavaca.gob.mx\/wp-content\/uploads\/2026\/09\/WhatsApp-Image-2026-09-01-at-11.48.51-AM-300x200.jpeg\" class=\"attachment-medium size-medium\" alt=\"\" loading=\"lazy\" srcset=\"https:\/\/cuernavaca.gob.mx\/wp-content\/uploads\/2026\/09\/WhatsApp-Image-2026-09-01-at-11.48.51-AM-300x200.jpeg 300w, https:\/\/cuernavaca.gob.mx\/wp-content\/uploads\/2026\/09\/WhatsApp-Image-2026-09-01-at-11.48.51-AM-1024x683.jpeg 1024w, https:\/\/cuernavaca.gob.mx\/wp-content\/uploads\/2026\/09\/WhatsApp-Image-2026-09-01-at-11.48.51-AM-768x512.jpeg 768w, https:\/\/cuernavaca.gob.mx\/wp-content\/uploads\/2026\/09\/WhatsApp-Image-2026-09-01-at-11.48.51-AM-600x400.jpeg 600w, https:\/\/cuernavaca.gob.mx\/wp-content\/uploads\/2026\/09\/WhatsApp-Image-2026-09-01-at-11.48.51-AM-560x374.jpeg 560w, https:\/\/cuernavaca.gob.mx\/wp-content\/uploads\/2026\/09\/WhatsApp-Image-2026-09-01-at-11.48.51-AM.jpeg 1280w\" sizes=\"(max-width: 300px) 100vw, 300px\" \/><\/a>\n\t\t\t<\/dt><\/dl><dl class='gallery-item'>\n\t\t\t<dt class='gallery-icon landscape'>\n\t\t\t\t<a href='https:\/\/cuernavaca.gob.mx\/?attachment_id=62681'><img width=\"300\" height=\"200\" src=\"https:\/\/cuernavaca.gob.mx\/wp-content\/uploads\/2026\/09\/WhatsApp-Image-2026-09-01-at-11.48.52-AM-1-300x200.jpeg\" class=\"attachment-medium size-medium\" alt=\"\" loading=\"lazy\" srcset=\"https:\/\/cuernavaca.gob.mx\/wp-content\/uploads\/2026\/09\/WhatsApp-Image-2026-09-01-at-11.48.52-AM-1-300x200.jpeg 300w, https:\/\/cuernavaca.gob.mx\/wp-content\/uploads\/2026\/09\/WhatsApp-Image-2026-09-01-at-11.48.52-AM-1-1024x683.jpeg 1024w, https:\/\/cuernavaca.gob.mx\/wp-content\/uploads\/2026\/09\/WhatsApp-Image-2026-09-01-at-11.48.52-AM-1-768x512.jpeg 768w, https:\/\/cuernavaca.gob.mx\/wp-content\/uploads\/2026\/09\/WhatsApp-Image-2026-09-01-at-11.48.52-AM-1-600x400.jpeg 600w, https:\/\/cuernavaca.gob.mx\/wp-content\/uploads\/2026\/09\/WhatsApp-Image-2026-09-01-at-11.48.52-AM-1-560x374.jpeg 560w, https:\/\/cuernavaca.gob.mx\/wp-content\/uploads\/2026\/09\/WhatsApp-Image-2026-09-01-at-11.48.52-AM-1.jpeg 1280w\" sizes=\"(max-width: 300px) 100vw, 300px\" \/><\/a>\n\t\t\t<\/dt><\/dl><dl class='gallery-item'>\n\t\t\t<dt class='gallery-icon landscape'>\n\t\t\t\t<a href='https:\/\/cuernavaca.gob.mx\/?attachment_id=62682'><img width=\"300\" height=\"200\" src=\"https:\/\/cuernavaca.gob.mx\/wp-content\/uploads\/2026\/09\/WhatsApp-Image-2026-09-01-at-11.48.52-AM-2-300x200.jpeg\" class=\"attachment-medium size-medium\" alt=\"\" loading=\"lazy\" srcset=\"https:\/\/cuernavaca.gob.mx\/wp-content\/uploads\/2026\/09\/WhatsApp-Image-2026-09-01-at-11.48.52-AM-2-300x200.jpeg 300w, https:\/\/cuernavaca.gob.mx\/wp-content\/uploads\/2026\/09\/WhatsApp-Image-2026-09-01-at-11.48.52-AM-2-1024x683.jpeg 1024w, https:\/\/cuernavaca.gob.mx\/wp-content\/uploads\/2026\/09\/WhatsApp-Image-2026-09-01-at-11.48.52-AM-2-768x512.jpeg 768w, https:\/\/cuernavaca.gob.mx\/wp-content\/uploads\/2026\/09\/WhatsApp-Image-2026-09-01-at-11.48.52-AM-2-600x400.jpeg 600w, https:\/\/cuernavaca.gob.mx\/wp-content\/uploads\/2026\/09\/WhatsApp-Image-2026-09-01-at-11.48.52-AM-2-560x374.jpeg 560w, https:\/\/cuernavaca.gob.mx\/wp-content\/uploads\/2026\/09\/WhatsApp-Image-2026-09-01-at-11.48.52-AM-2.jpeg 1280w\" sizes=\"(max-width: 300px) 100vw, 300px\" \/><\/a>\n\t\t\t<\/dt><\/dl><br style=\"clear: both\" \/><dl class='gallery-item'>\n\t\t\t<dt class='gallery-icon landscape'>\n\t\t\t\t<a href='https:\/\/cuernavaca.gob.mx\/?attachment_id=62683'><img width=\"300\" height=\"200\" src=\"https:\/\/cuernavaca.gob.mx\/wp-content\/uploads\/2026\/09\/WhatsApp-Image-2026-09-01-at-11.48.52-AM-3-300x200.jpeg\" class=\"attachment-medium size-medium\" alt=\"\" loading=\"lazy\" srcset=\"https:\/\/cuernavaca.gob.mx\/wp-content\/uploads\/2026\/09\/WhatsApp-Image-2026-09-01-at-11.48.52-AM-3-300x200.jpeg 300w, https:\/\/cuernavaca.gob.mx\/wp-content\/uploads\/2026\/09\/WhatsApp-Image-2026-09-01-at-11.48.52-AM-3-1024x683.jpeg 1024w, https:\/\/cuernavaca.gob.mx\/wp-content\/uploads\/2026\/09\/WhatsApp-Image-2026-09-01-at-11.48.52-AM-3-768x512.jpeg 768w, https:\/\/cuernavaca.gob.mx\/wp-content\/uploads\/2026\/09\/WhatsApp-Image-2026-09-01-at-11.48.52-AM-3-600x400.jpeg 600w, https:\/\/cuernavaca.gob.mx\/wp-content\/uploads\/2026\/09\/WhatsApp-Image-2026-09-01-at-11.48.52-AM-3-560x374.jpeg 560w, https:\/\/cuernavaca.gob.mx\/wp-content\/uploads\/2026\/09\/WhatsApp-Image-2026-09-01-at-11.48.52-AM-3.jpeg 1280w\" sizes=\"(max-width: 300px) 100vw, 300px\" \/><\/a>\n\t\t\t<\/dt><\/dl><dl class='gallery-item'>\n\t\t\t<dt class='gallery-icon landscape'>\n\t\t\t\t<a href='https:\/\/cuernavaca.gob.mx\/?attachment_id=62684'><img width=\"300\" height=\"200\" src=\"https:\/\/cuernavaca.gob.mx\/wp-content\/uploads\/2026\/09\/WhatsApp-Image-2026-09-01-at-11.48.52-AM-4-300x200.jpeg\" class=\"attachment-medium size-medium\" alt=\"\" loading=\"lazy\" srcset=\"https:\/\/cuernavaca.gob.mx\/wp-content\/uploads\/2026\/09\/WhatsApp-Image-2026-09-01-at-11.48.52-AM-4-300x200.jpeg 300w, https:\/\/cuernavaca.gob.mx\/wp-content\/uploads\/2026\/09\/WhatsApp-Image-2026-09-01-at-11.48.52-AM-4-1024x683.jpeg 1024w, https:\/\/cuernavaca.gob.mx\/wp-content\/uploads\/2026\/09\/WhatsApp-Image-2026-09-01-at-11.48.52-AM-4-768x512.jpeg 768w, https:\/\/cuernavaca.gob.mx\/wp-content\/uploads\/2026\/09\/WhatsApp-Image-2026-09-01-at-11.48.52-AM-4-600x400.jpeg 600w, https:\/\/cuernavaca.gob.mx\/wp-content\/uploads\/2026\/09\/WhatsApp-Image-2026-09-01-at-11.48.52-AM-4-560x374.jpeg 560w, https:\/\/cuernavaca.gob.mx\/wp-content\/uploads\/2026\/09\/WhatsApp-Image-2026-09-01-at-11.48.52-AM-4.jpeg 1280w\" sizes=\"(max-width: 300px) 100vw, 300px\" \/><\/a>\n\t\t\t<\/dt><\/dl><dl class='gallery-item'>\n\t\t\t<dt class='gallery-icon landscape'>\n\t\t\t\t<a href='https:\/\/cuernavaca.gob.mx\/?attachment_id=62685'><img width=\"300\" height=\"200\" src=\"https:\/\/cuernavaca.gob.mx\/wp-content\/uploads\/2026\/09\/WhatsApp-Image-2026-09-01-at-11.48.52-AM-5-300x200.jpeg\" class=\"attachment-medium size-medium\" alt=\"\" loading=\"lazy\" srcset=\"https:\/\/cuernavaca.gob.mx\/wp-content\/uploads\/2026\/09\/WhatsApp-Image-2026-09-01-at-11.48.52-AM-5-300x200.jpeg 300w, https:\/\/cuernavaca.gob.mx\/wp-content\/uploads\/2026\/09\/WhatsApp-Image-2026-09-01-at-11.48.52-AM-5-1024x683.jpeg 1024w, https:\/\/cuernavaca.gob.mx\/wp-content\/uploads\/2026\/09\/WhatsApp-Image-2026-09-01-at-11.48.52-AM-5-768x512.jpeg 768w, https:\/\/cuernavaca.gob.mx\/wp-content\/uploads\/2026\/09\/WhatsApp-Image-2026-09-01-at-11.48.52-AM-5-600x400.jpeg 600w, https:\/\/cuernavaca.gob.mx\/wp-content\/uploads\/2026\/09\/WhatsApp-Image-2026-09-01-at-11.48.52-AM-5-560x374.jpeg 560w, https:\/\/cuernavaca.gob.mx\/wp-content\/uploads\/2026\/09\/WhatsApp-Image-2026-09-01-at-11.48.52-AM-5.jpeg 1280w\" sizes=\"(max-width: 300px) 100vw, 300px\" \/><\/a>\n\t\t\t<\/dt><\/dl>\n\t\t\t<br style='clear: both' \/>\n\t\t<\/div>\n\n","protected":false},"excerpt":{"rendered":"<p>\u2022 Durante la ceremonia de honores a la bandera en la sede Papagayo, el alcalde de Cuernavaca convoc\u00f3 a las y los servidores p\u00fablicos a trabajar con responsabilidad, amabilidad y sentido de bien com\u00fan El presidente municipal de Cuernavaca, Jos\u00e9 Luis Uri\u00f3stegui Salgado, encabez\u00f3 este martes, en la sede Papagayo del Ayuntamiento capitalino, la ceremonia [&hellip;]<\/p>\n","protected":false},"author":1,"featured_media":62682,"comment_status":"closed","ping_status":"open","sticky":false,"template":"","format":"standard","meta":[],"categories":[862,20],"tags":[],"aioseo_notices":[],"_links":{"self":[{"href":"https:\/\/cuernavaca.gob.mx\/index.php?rest_route=\/wp\/v2\/posts\/62674"}],"collection":[{"href":"https:\/\/cuernavaca.gob.mx\/index.php?rest_route=\/wp\/v2\/posts"}],"about":[{"href":"https:\/\/cuernavaca.gob.mx\/index.php?rest_route=\/wp\/v2\/types\/post"}],"author":[{"embeddable":true,"href":"https:\/\/cuernavaca.gob.mx\/index.php?rest_route=\/wp\/v2\/users\/1"}],"replies":[{"embeddable":true,"href":"https:\/\/cuernavaca.gob.mx\/index.php?rest_route=%2Fwp%2Fv2%2Fcomments&post=62674"}],"version-history":[{"count":1,"href":"https:\/\/cuernavaca.gob.mx\/index.php?rest_route=\/wp\/v2\/posts\/62674\/revisions"}],"predecessor-version":[{"id":62686,"href":"https:\/\/cuernavaca.gob.mx\/index.php?rest_route=\/wp\/v2\/posts\/62674\/revisions\/62686"}],"wp:featuredmedia":[{"embeddable":true,"href":"https:\/\/cuernavaca.gob.mx\/index.php?rest_route=\/wp\/v2\/media\/62682"}],"wp:attachment":[{"href":"https:\/\/cuernavaca.gob.mx\/index.php?rest_route=%2Fwp%2Fv2%2Fmedia&parent=62674"}],"wp:term":[{"taxonomy":"category","embeddable":true,"href":"https:\/\/cuernavaca.gob.mx\/index.php?rest_route=%2Fwp%2Fv2%2Fcategories&post=62674"},{"taxonomy":"post_tag","embeddable":true,"href":"https:\/\/cuernavaca.gob.mx\/index.php?rest_route=%2Fwp%2Fv2%2Ftags&post=62674"}],"curies":[{"name":"wp","href":"https:\/\/api.w.org\/{rel}","templated":true}]}}