{"id":62687,"date":"2026-09-01T12:41:43","date_gmt":"2026-09-01T18:41:43","guid":{"rendered":"https:\/\/cuernavaca.gob.mx\/?p=62687"},"modified":"2026-09-01T12:41:43","modified_gmt":"2026-09-01T18:41:43","slug":"b1491-01-09-26-nuevo-mes-nuevas-oportunidades-de-crecimiento-el-imc-presenta-su-cartelera-de-septiembre","status":"publish","type":"post","link":"https:\/\/cuernavaca.gob.mx\/?p=62687","title":{"rendered":"B1491 01\/09\/26 NUEVO MES, NUEVAS OPORTUNIDADES DE CRECIMIENTO: EL IMC PRESENTA SU CARTELERA DE SEPTIEMBRE"},"content":{"rendered":"<p><strong>\u2022 Una agenda gratuita con actividades dise\u00f1adas para fortalecer conocimientos, habilidades y bienestar, acercando nuevas experiencias a las mujeres de Cuernavaca<\/strong><\/p>\n<p>Con el prop\u00f3sito de mantener espacios de aprendizaje, participaci\u00f3n y desarrollo para las mujeres de Cuernavaca, el Gobierno Municipal, a trav\u00e9s del Instituto de la Mujer de Cuernavaca (IMC), presenta su Cartelera de Actividades de Septiembre, una programaci\u00f3n que re\u00fane talleres y actividades gratuitas dise\u00f1adas para atender distintos intereses y necesidades de las participantes, tanto en las instalaciones del Instituto como en distintos puntos de la ciudad.<\/p>\n<p>La agenda contempla talleres de emprendimiento, medicina tradicional y herbolaria, tecnolog\u00edas dom\u00e9sticas, as\u00ed como actividades de activaci\u00f3n f\u00edsica, yoga, asesor\u00eda nutricional, acompa\u00f1amiento tanatol\u00f3gico, salud emocional y lectura con perspectiva de g\u00e9nero. Con esta diversidad de propuestas, el IMC busca que cada participante encuentre opciones acordes con sus intereses y pueda incorporar nuevos conocimientos y herramientas a su vida cotidiana.<\/p>\n<p>En materia de autonom\u00eda econ\u00f3mica, el Programa de Fortalecimiento de la Autonom\u00eda Econ\u00f3mica de las Mujeres (FAEM) mantiene una oferta de talleres orientados al desarrollo de habilidades productivas y conocimientos que pueden convertirse en alternativas de autoempleo. La programaci\u00f3n incluye capacitaciones pr\u00e1cticas en distintas \u00e1reas, desde la elaboraci\u00f3n de productos hasta conocimientos relacionados con tecnolog\u00edas dom\u00e9sticas, permitiendo que las participantes puedan desarrollar habilidades \u00fatiles para su vida diaria y, en algunos casos, convertirlas en una alternativa para generar ingresos y fortalecer sus proyectos personales.<\/p>\n<p>La programaci\u00f3n de septiembre contempla distintas l\u00edneas de trabajo del Instituto, desde la atenci\u00f3n y el acompa\u00f1amiento hasta la capacitaci\u00f3n, la salud y el fortalecimiento de la autonom\u00eda econ\u00f3mica. Esta variedad permite ofrecer alternativas para mujeres con diferentes intereses y necesidades, consolidando al IMC como un espacio abierto a su participaci\u00f3n y acercando actividades que pueden aportar herramientas para distintos \u00e1mbitos de su vida.<\/p>\n<p>La Cartelera IMC Septiembre podr\u00e1 consultarse a trav\u00e9s de la p\u00e1gina oficial de Facebook del Instituto de la Mujer de Cuernavaca, donde estar\u00e1n disponibles las fechas, horarios y requisitos de cada actividad. Para mayores informes e inscripciones, las interesadas pueden comunicarse v\u00eda WhatsApp al 777 367 44 47.<\/p>\n<p>Con esta programaci\u00f3n, el Ayuntamiento de Cuernavaca, encabezado por el presidente municipal Jos\u00e9 Luis Uri\u00f3stegui Salgado, mantiene el impulso a espacios que acercan herramientas y servicios a las mujeres, fortaleciendo desde distintos \u00e1mbitos su participaci\u00f3n, autonom\u00eda y ejercicio de derechos.<\/p>\n\n\t\t<style type=\"text\/css\">\n\t\t\t#gallery-1 {\n\t\t\t\tmargin: auto;\n\t\t\t}\n\t\t\t#gallery-1 .gallery-item {\n\t\t\t\tfloat: left;\n\t\t\t\tmargin-top: 10px;\n\t\t\t\ttext-align: center;\n\t\t\t\twidth: 33%;\n\t\t\t}\n\t\t\t#gallery-1 img {\n\t\t\t\tborder: 2px solid #cfcfcf;\n\t\t\t}\n\t\t\t#gallery-1 .gallery-caption {\n\t\t\t\tmargin-left: 0;\n\t\t\t}\n\t\t\t\/* see gallery_shortcode() in wp-includes\/media.php *\/\n\t\t<\/style>\n\t\t<div id='gallery-1' class='gallery galleryid-62687 gallery-columns-3 gallery-size-thumbnail'><dl class='gallery-item'>\n\t\t\t<dt class='gallery-icon portrait'>\n\t\t\t\t<a href='https:\/\/cuernavaca.gob.mx\/?attachment_id=62688'><img width=\"150\" height=\"150\" src=\"https:\/\/cuernavaca.gob.mx\/wp-content\/uploads\/2026\/09\/EL-IMC-PRESENTA-SU-CARTELERA-DE-SEPTIEMBRE-150x150.jpg\" class=\"attachment-thumbnail size-thumbnail\" alt=\"\" loading=\"lazy\" \/><\/a>\n\t\t\t<\/dt><\/dl>\n\t\t\t<br style='clear: both' \/>\n\t\t<\/div>\n\n<p>&nbsp;<\/p>\n","protected":false},"excerpt":{"rendered":"<p>\u2022 Una agenda gratuita con actividades dise\u00f1adas para fortalecer conocimientos, habilidades y bienestar, acercando nuevas experiencias a las mujeres de Cuernavaca Con el prop\u00f3sito de mantener espacios de aprendizaje, participaci\u00f3n y desarrollo para las mujeres de Cuernavaca, el Gobierno Municipal, a trav\u00e9s del Instituto de la Mujer de Cuernavaca (IMC), presenta su Cartelera de Actividades [&hellip;]<\/p>\n","protected":false},"author":1,"featured_media":62688,"comment_status":"closed","ping_status":"open","sticky":false,"template":"","format":"standard","meta":[],"categories":[280],"tags":[],"aioseo_notices":[],"_links":{"self":[{"href":"https:\/\/cuernavaca.gob.mx\/index.php?rest_route=\/wp\/v2\/posts\/62687"}],"collection":[{"href":"https:\/\/cuernavaca.gob.mx\/index.php?rest_route=\/wp\/v2\/posts"}],"about":[{"href":"https:\/\/cuernavaca.gob.mx\/index.php?rest_route=\/wp\/v2\/types\/post"}],"author":[{"embeddable":true,"href":"https:\/\/cuernavaca.gob.mx\/index.php?rest_route=\/wp\/v2\/users\/1"}],"replies":[{"embeddable":true,"href":"https:\/\/cuernavaca.gob.mx\/index.php?rest_route=%2Fwp%2Fv2%2Fcomments&post=62687"}],"version-history":[{"count":1,"href":"https:\/\/cuernavaca.gob.mx\/index.php?rest_route=\/wp\/v2\/posts\/62687\/revisions"}],"predecessor-version":[{"id":62689,"href":"https:\/\/cuernavaca.gob.mx\/index.php?rest_route=\/wp\/v2\/posts\/62687\/revisions\/62689"}],"wp:featuredmedia":[{"embeddable":true,"href":"https:\/\/cuernavaca.gob.mx\/index.php?rest_route=\/wp\/v2\/media\/62688"}],"wp:attachment":[{"href":"https:\/\/cuernavaca.gob.mx\/index.php?rest_route=%2Fwp%2Fv2%2Fmedia&parent=62687"}],"wp:term":[{"taxonomy":"category","embeddable":true,"href":"https:\/\/cuernavaca.gob.mx\/index.php?rest_route=%2Fwp%2Fv2%2Fcategories&post=62687"},{"taxonomy":"post_tag","embeddable":true,"href":"https:\/\/cuernavaca.gob.mx\/index.php?rest_route=%2Fwp%2Fv2%2Ftags&post=62687"}],"curies":[{"name":"wp","href":"https:\/\/api.w.org\/{rel}","templated":true}]}}