{"id":62699,"date":"2026-09-02T09:00:39","date_gmt":"2026-09-02T15:00:39","guid":{"rendered":"https:\/\/cuernavaca.gob.mx\/?p=62699"},"modified":"2026-09-02T14:33:06","modified_gmt":"2026-09-02T20:33:06","slug":"b1493-02-09-26-cuernavaca-invita-a-disfrutar-su-cartelera-cultural-en-el-museo-de-la-ciudad-durante-el-mes-de-septiembre","status":"publish","type":"post","link":"https:\/\/cuernavaca.gob.mx\/?p=62699","title":{"rendered":"B1493 02\/09\/26 CUERNAVACA INVITA A DISFRUTAR SU CARTELERA CULTURAL EN EL MUSEO DE LA CIUDAD DURANTE EL MES DE SEPTIEMBRE"},"content":{"rendered":"<p><strong>\u2022 La programaci\u00f3n re\u00fane propuestas de distintos artistas y disciplinas, con entrada gratuita para acercar nuevas experiencias creativas a la ciudadan\u00ed<\/strong><\/p>\n<p>El Ayuntamiento de Cuernavaca, a trav\u00e9s del Instituto de Cultura de Cuernavaca, adscrito a la Secretar\u00eda de Desarrollo Humano y Participaci\u00f3n Social (SDHyPS), invita a la ciudadan\u00eda y visitantes a conocer y disfrutar la cartelera cultural del Museo de la Ciudad de Cuernavaca (MuCiC) durante septiembre, que actualmente cuenta con seis exposiciones de distintas t\u00e9cnicas, estilos y expresiones art\u00edsticas.<\/p>\n<p>Entre las propuestas se encuentra \u201cTraves\u00eda Gr\u00e1fica: Flor Minor 1991-2025\u201d, una retrospectiva que re\u00fane m\u00e1s de tres d\u00e9cadas de trayectoria de la artista gr\u00e1fica mexicana. La muestra se presenta en las salas 5, 5A y 5B de la planta alta y ofrece un recorrido por parte de su producci\u00f3n gr\u00e1fica.<\/p>\n<p>Tambi\u00e9n se presenta la exposici\u00f3n colectiva \u201cMiradas entre fuego y nieve. Paisajes de la Tierra Fr\u00eda de los Volcanes\u201d, integrada por obras de 19 artistas vinculados con la regi\u00f3n suroriente del Estado de M\u00e9xico. Estar\u00e1 presente en las salas Rafael Cauduro y Sal\u00f3n Blanco, donde el p\u00fablico puede aproximarse a distintas representaciones de los paisajes volc\u00e1nicos.<\/p>\n<p>En la planta baja, la Sala 8 alberga la exposici\u00f3n pict\u00f3rica \u201cEl rostro de la divinidad\u201d, de No\u00e9 Parra Argumedo, mientras que en la planta alta, las salas 1 y 2 presentan \u201cAnatom\u00eda del dibujo\u201d, una muestra que re\u00fane diferentes aproximaciones a esta disciplina art\u00edstica.<\/p>\n<p>La oferta se complementa con \u201cHundidas para arriba\u201d, de Fernanda Barcel\u00f3, Katerina Guti\u00e9rrez y Mara Santiba\u00f1ez Artigas, bajo la curadur\u00eda de Jos\u00e9 de Nordenflycht, ubicada en las salas 3, 4 y 5 de la planta alta.<\/p>\n<p>Asimismo, en las salas 1, 2 y 3 de la planta baja se encuentra \u201cAyer y hoy. La Gr\u00e1fica en Morelos\u201d, una exposici\u00f3n colectiva que ofrece una mirada a la producci\u00f3n gr\u00e1fica vinculada con el estado.<\/p>\n<p>El Museo de la Ciudad de Cuernavaca mantiene entrada gratuita y puede visitarse de martes a viernes, de 10:00 a 17:00 horas, y s\u00e1bados y domingos, de 10:00 a 15:00 horas.<\/p>\n<p>De esta manera, el Ayuntamiento de Cuernavaca refrenda su compromiso de acercar la cultura y las expresiones art\u00edsticas a la poblaci\u00f3n, generando espacios de acceso libre que contribuyan a la formaci\u00f3n de p\u00fablicos y al fortalecimiento de la vida cultural de la ciudad.<\/p>\n\n\t\t<style type=\"text\/css\">\n\t\t\t#gallery-1 {\n\t\t\t\tmargin: auto;\n\t\t\t}\n\t\t\t#gallery-1 .gallery-item {\n\t\t\t\tfloat: left;\n\t\t\t\tmargin-top: 10px;\n\t\t\t\ttext-align: center;\n\t\t\t\twidth: 33%;\n\t\t\t}\n\t\t\t#gallery-1 img {\n\t\t\t\tborder: 2px solid #cfcfcf;\n\t\t\t}\n\t\t\t#gallery-1 .gallery-caption {\n\t\t\t\tmargin-left: 0;\n\t\t\t}\n\t\t\t\/* see gallery_shortcode() in wp-includes\/media.php *\/\n\t\t<\/style>\n\t\t<div id='gallery-1' class='gallery galleryid-62699 gallery-columns-3 gallery-size-thumbnail'><dl class='gallery-item'>\n\t\t\t<dt class='gallery-icon portrait'>\n\t\t\t\t<a href='https:\/\/cuernavaca.gob.mx\/?attachment_id=62700'><img width=\"150\" height=\"150\" src=\"https:\/\/cuernavaca.gob.mx\/wp-content\/uploads\/2026\/09\/CUERNAVACA-INVITA-A-DISFRUTAR-SU-CARTELERA-CULTURAL-EN-EL-MUSEO-DE-LA-CIUDAD-DURANTE-EL-MES-DE-SEPTIEMBRE-150x150.jpg\" class=\"attachment-thumbnail size-thumbnail\" alt=\"\" loading=\"lazy\" \/><\/a>\n\t\t\t<\/dt><\/dl>\n\t\t\t<br style='clear: both' \/>\n\t\t<\/div>\n\n","protected":false},"excerpt":{"rendered":"<p>\u2022 La programaci\u00f3n re\u00fane propuestas de distintos artistas y disciplinas, con entrada gratuita para acercar nuevas experiencias creativas a la ciudadan\u00ed El Ayuntamiento de Cuernavaca, a trav\u00e9s del Instituto de Cultura de Cuernavaca, adscrito a la Secretar\u00eda de Desarrollo Humano y Participaci\u00f3n Social (SDHyPS), invita a la ciudadan\u00eda y visitantes a conocer y disfrutar la [&hellip;]<\/p>\n","protected":false},"author":1,"featured_media":62700,"comment_status":"closed","ping_status":"open","sticky":false,"template":"","format":"standard","meta":[],"categories":[2292],"tags":[],"aioseo_notices":[],"_links":{"self":[{"href":"https:\/\/cuernavaca.gob.mx\/index.php?rest_route=\/wp\/v2\/posts\/62699"}],"collection":[{"href":"https:\/\/cuernavaca.gob.mx\/index.php?rest_route=\/wp\/v2\/posts"}],"about":[{"href":"https:\/\/cuernavaca.gob.mx\/index.php?rest_route=\/wp\/v2\/types\/post"}],"author":[{"embeddable":true,"href":"https:\/\/cuernavaca.gob.mx\/index.php?rest_route=\/wp\/v2\/users\/1"}],"replies":[{"embeddable":true,"href":"https:\/\/cuernavaca.gob.mx\/index.php?rest_route=%2Fwp%2Fv2%2Fcomments&post=62699"}],"version-history":[{"count":1,"href":"https:\/\/cuernavaca.gob.mx\/index.php?rest_route=\/wp\/v2\/posts\/62699\/revisions"}],"predecessor-version":[{"id":62701,"href":"https:\/\/cuernavaca.gob.mx\/index.php?rest_route=\/wp\/v2\/posts\/62699\/revisions\/62701"}],"wp:featuredmedia":[{"embeddable":true,"href":"https:\/\/cuernavaca.gob.mx\/index.php?rest_route=\/wp\/v2\/media\/62700"}],"wp:attachment":[{"href":"https:\/\/cuernavaca.gob.mx\/index.php?rest_route=%2Fwp%2Fv2%2Fmedia&parent=62699"}],"wp:term":[{"taxonomy":"category","embeddable":true,"href":"https:\/\/cuernavaca.gob.mx\/index.php?rest_route=%2Fwp%2Fv2%2Fcategories&post=62699"},{"taxonomy":"post_tag","embeddable":true,"href":"https:\/\/cuernavaca.gob.mx\/index.php?rest_route=%2Fwp%2Fv2%2Ftags&post=62699"}],"curies":[{"name":"wp","href":"https:\/\/api.w.org\/{rel}","templated":true}]}}