{"id":62709,"date":"2026-09-03T08:49:44","date_gmt":"2026-09-03T14:49:44","guid":{"rendered":"https:\/\/cuernavaca.gob.mx\/?p=62709"},"modified":"2026-09-03T09:56:58","modified_gmt":"2026-09-03T15:56:58","slug":"b1495-03-09-26-cuernavaca-hace-del-turismo-una-estrategia-permanente-de-promocion-y-cultura","status":"publish","type":"post","link":"https:\/\/cuernavaca.gob.mx\/?p=62709","title":{"rendered":"B1495 03\/09\/26 CUERNAVACA HACE DEL TURISMO UNA ESTRATEGIA PERMANENTE DE PROMOCI\u00d3N Y CULTURA"},"content":{"rendered":"<p><strong>* El Ayuntamiento articula eventos, capacitaci\u00f3n y trabajo con el sector para atraer visitantes, dinamizar la econom\u00eda y posicionar a la capital morelense como destino durante todo el a\u00f1o<\/strong><\/p>\n<p>Cuernavaca avanza en una estrategia tur\u00edstica de largo plazo que articula promoci\u00f3n, cultura, identidad, capacitaci\u00f3n y coordinaci\u00f3n con el sector, con el prop\u00f3sito de ampliar la oferta para visitantes y posicionar a la capital morelense como un destino activo durante todo el a\u00f1o, afirm\u00f3 el presidente municipal, Jos\u00e9 Luis Uri\u00f3stegui Salgado, durante la segunda sesi\u00f3n ordinaria del Consejo Consultivo de Turismo (COCTUR).<\/p>\n<p>En el Parque Tlaltenango, el alcalde explic\u00f3 que esta visi\u00f3n se refleja en actividades como la quinta edici\u00f3n del Festival Cultural de Verano, realizada del 24 de julio al 2 de agosto, con una programaci\u00f3n art\u00edstica y cultural gratuita en distintos puntos de la ciudad. Se\u00f1al\u00f3 que el objetivo es darle continuidad a\u00f1o con a\u00f1o hasta convertirlo en un referente nacional.<\/p>\n<p>Tambi\u00e9n resalt\u00f3 la planeaci\u00f3n de la Feria de la Primavera, que se llevar\u00e1 a cabo durante Semana Santa y contar\u00e1 con la participaci\u00f3n del COCTUR. A ello se suman acciones para promover la identidad local, como la Glorieta de la Identidad, dedicada a los 12 pueblos originarios de Cuauhn\u00e1huac, y el libro \u201cPrimavera Eterna. De historia y cr\u00f3nica de Cuernavaca\u201d, elaborado por el Consejo de Cronistas del Ayuntamiento, en colaboraci\u00f3n con el INAH Morelos y acad\u00e9micos.<\/p>\n<p>Por su parte, el secretario de Desarrollo Econ\u00f3mico y Turismo y secretario t\u00e9cnico del COCTUR, Marcos Manuel Su\u00e1rez Gerard, inform\u00f3 que las capacitaciones han beneficiado a 230 prestadores de servicios tur\u00edsticos en temas como anfitrion\u00eda tur\u00edstica, inteligencia artificial aplicada a negocios y turismo, desarrollo de productos gastron\u00f3micos y turismo de romance. Agreg\u00f3 que estas acciones buscan mejorar la competitividad y productividad del sector.<\/p>\n<p>Asimismo, destac\u00f3 el respaldo a eventos de alcance nacional e internacional, como el arranque de la temporada de chiles en nogada, y el dise\u00f1o de la Gu\u00eda Mapa de Cuernavaca, herramienta de promoci\u00f3n que permitir\u00e1 orientar a visitantes y dar mayor visibilidad a la oferta tur\u00edstica de la ciudad.<\/p>\n<p>A su vez, el secretario de Turismo del Gobierno del Estado, Daniel Altafi Valladares, refrend\u00f3 la coordinaci\u00f3n con el Ayuntamiento de Cuernavaca para desarrollar proyectos en favor del sector, entre ellos Rutas M\u00e1gicas de Color, que este a\u00f1o transform\u00f3 la imagen urbana de la calle Vicente Guerrero. Adem\u00e1s reconoci\u00f3 las facilidades otorgadas por el municipio para avanzar en los tr\u00e1mites relacionados con la construcci\u00f3n del pr\u00f3ximo Centro de Convenciones.<\/p>\n<p>Durante la sesi\u00f3n, integrantes del COCTUR compartieron acciones y propuestas que contribuyen a diversificar la oferta tur\u00edstica de la capital morelense, entre ellas Sabor es Morelos y los recorridos de leyendas por sitios emblem\u00e1ticos e hist\u00f3ricos que se realizan con motivo del D\u00eda de Muertos. Entre las nuevas alternativas planteadas se encuentra el turismo m\u00e9dico, con potencial para atraer visitantes de otras ciudades y estados y ampliar las opciones de Cuernavaca para distintos perfiles de viajeros.<\/p>\n<p>Finalmente, Jos\u00e9 Luis Uri\u00f3stegui Salgado convoc\u00f3 a las y los integrantes del Consejo a sumarse a la difusi\u00f3n de las actividades y atractivos de Cuernavaca desde sus redes sociales, con el prop\u00f3sito de ampliar su alcance, atraer nuevos visitantes y mantener una agenda tur\u00edstica activa durante todo el a\u00f1o.<\/p>\n<p><img loading=\"lazy\" class=\"alignnone size-medium wp-image-62710\" src=\"https:\/\/cuernavaca.gob.mx\/wp-content\/uploads\/2026\/09\/CUERNAVACA-HACE-DEL-TURISMO-UNA-ESTRATEGIA-PERMANENTE-DE-PROMOCIO\u0301N-Y-CULTURA-1-300x200.jpg\" alt=\"\" width=\"300\" height=\"200\" srcset=\"https:\/\/cuernavaca.gob.mx\/wp-content\/uploads\/2026\/09\/CUERNAVACA-HACE-DEL-TURISMO-UNA-ESTRATEGIA-PERMANENTE-DE-PROMOCIO\u0301N-Y-CULTURA-1-300x200.jpg 300w, https:\/\/cuernavaca.gob.mx\/wp-content\/uploads\/2026\/09\/CUERNAVACA-HACE-DEL-TURISMO-UNA-ESTRATEGIA-PERMANENTE-DE-PROMOCIO\u0301N-Y-CULTURA-1-1024x683.jpg 1024w, https:\/\/cuernavaca.gob.mx\/wp-content\/uploads\/2026\/09\/CUERNAVACA-HACE-DEL-TURISMO-UNA-ESTRATEGIA-PERMANENTE-DE-PROMOCIO\u0301N-Y-CULTURA-1-768x512.jpg 768w, https:\/\/cuernavaca.gob.mx\/wp-content\/uploads\/2026\/09\/CUERNAVACA-HACE-DEL-TURISMO-UNA-ESTRATEGIA-PERMANENTE-DE-PROMOCIO\u0301N-Y-CULTURA-1-600x400.jpg 600w, https:\/\/cuernavaca.gob.mx\/wp-content\/uploads\/2026\/09\/CUERNAVACA-HACE-DEL-TURISMO-UNA-ESTRATEGIA-PERMANENTE-DE-PROMOCIO\u0301N-Y-CULTURA-1-560x374.jpg 560w, https:\/\/cuernavaca.gob.mx\/wp-content\/uploads\/2026\/09\/CUERNAVACA-HACE-DEL-TURISMO-UNA-ESTRATEGIA-PERMANENTE-DE-PROMOCIO\u0301N-Y-CULTURA-1.jpg 1280w\" sizes=\"(max-width: 300px) 100vw, 300px\" \/> <img loading=\"lazy\" class=\"alignnone size-medium wp-image-62711\" src=\"https:\/\/cuernavaca.gob.mx\/wp-content\/uploads\/2026\/09\/CUERNAVACA-HACE-DEL-TURISMO-UNA-ESTRATEGIA-PERMANENTE-DE-PROMOCIO\u0301N-Y-CULTURA-2-300x200.jpg\" alt=\"\" width=\"300\" height=\"200\" srcset=\"https:\/\/cuernavaca.gob.mx\/wp-content\/uploads\/2026\/09\/CUERNAVACA-HACE-DEL-TURISMO-UNA-ESTRATEGIA-PERMANENTE-DE-PROMOCIO\u0301N-Y-CULTURA-2-300x200.jpg 300w, https:\/\/cuernavaca.gob.mx\/wp-content\/uploads\/2026\/09\/CUERNAVACA-HACE-DEL-TURISMO-UNA-ESTRATEGIA-PERMANENTE-DE-PROMOCIO\u0301N-Y-CULTURA-2-1024x683.jpg 1024w, https:\/\/cuernavaca.gob.mx\/wp-content\/uploads\/2026\/09\/CUERNAVACA-HACE-DEL-TURISMO-UNA-ESTRATEGIA-PERMANENTE-DE-PROMOCIO\u0301N-Y-CULTURA-2-768x512.jpg 768w, https:\/\/cuernavaca.gob.mx\/wp-content\/uploads\/2026\/09\/CUERNAVACA-HACE-DEL-TURISMO-UNA-ESTRATEGIA-PERMANENTE-DE-PROMOCIO\u0301N-Y-CULTURA-2-600x400.jpg 600w, https:\/\/cuernavaca.gob.mx\/wp-content\/uploads\/2026\/09\/CUERNAVACA-HACE-DEL-TURISMO-UNA-ESTRATEGIA-PERMANENTE-DE-PROMOCIO\u0301N-Y-CULTURA-2-560x374.jpg 560w, https:\/\/cuernavaca.gob.mx\/wp-content\/uploads\/2026\/09\/CUERNAVACA-HACE-DEL-TURISMO-UNA-ESTRATEGIA-PERMANENTE-DE-PROMOCIO\u0301N-Y-CULTURA-2.jpg 1280w\" sizes=\"(max-width: 300px) 100vw, 300px\" \/> <img loading=\"lazy\" class=\"alignnone size-medium wp-image-62712\" src=\"https:\/\/cuernavaca.gob.mx\/wp-content\/uploads\/2026\/09\/CUERNAVACA-HACE-DEL-TURISMO-UNA-ESTRATEGIA-PERMANENTE-DE-PROMOCIO\u0301N-Y-CULTURA-3-300x200.jpg\" alt=\"\" width=\"300\" height=\"200\" srcset=\"https:\/\/cuernavaca.gob.mx\/wp-content\/uploads\/2026\/09\/CUERNAVACA-HACE-DEL-TURISMO-UNA-ESTRATEGIA-PERMANENTE-DE-PROMOCIO\u0301N-Y-CULTURA-3-300x200.jpg 300w, https:\/\/cuernavaca.gob.mx\/wp-content\/uploads\/2026\/09\/CUERNAVACA-HACE-DEL-TURISMO-UNA-ESTRATEGIA-PERMANENTE-DE-PROMOCIO\u0301N-Y-CULTURA-3-1024x683.jpg 1024w, https:\/\/cuernavaca.gob.mx\/wp-content\/uploads\/2026\/09\/CUERNAVACA-HACE-DEL-TURISMO-UNA-ESTRATEGIA-PERMANENTE-DE-PROMOCIO\u0301N-Y-CULTURA-3-768x512.jpg 768w, https:\/\/cuernavaca.gob.mx\/wp-content\/uploads\/2026\/09\/CUERNAVACA-HACE-DEL-TURISMO-UNA-ESTRATEGIA-PERMANENTE-DE-PROMOCIO\u0301N-Y-CULTURA-3-600x400.jpg 600w, https:\/\/cuernavaca.gob.mx\/wp-content\/uploads\/2026\/09\/CUERNAVACA-HACE-DEL-TURISMO-UNA-ESTRATEGIA-PERMANENTE-DE-PROMOCIO\u0301N-Y-CULTURA-3-560x374.jpg 560w, https:\/\/cuernavaca.gob.mx\/wp-content\/uploads\/2026\/09\/CUERNAVACA-HACE-DEL-TURISMO-UNA-ESTRATEGIA-PERMANENTE-DE-PROMOCIO\u0301N-Y-CULTURA-3.jpg 1280w\" sizes=\"(max-width: 300px) 100vw, 300px\" \/> <img loading=\"lazy\" class=\"alignnone size-medium wp-image-62718\" src=\"https:\/\/cuernavaca.gob.mx\/wp-content\/uploads\/2026\/09\/CUERNAVACA-HACE-DEL-TURISMO-UNA-ESTRATEGIA-PERMANENTE-DE-PROMOCIO\u0301N-Y-CULTURA-10-300x200.jpg\" alt=\"\" width=\"300\" height=\"200\" srcset=\"https:\/\/cuernavaca.gob.mx\/wp-content\/uploads\/2026\/09\/CUERNAVACA-HACE-DEL-TURISMO-UNA-ESTRATEGIA-PERMANENTE-DE-PROMOCIO\u0301N-Y-CULTURA-10-300x200.jpg 300w, https:\/\/cuernavaca.gob.mx\/wp-content\/uploads\/2026\/09\/CUERNAVACA-HACE-DEL-TURISMO-UNA-ESTRATEGIA-PERMANENTE-DE-PROMOCIO\u0301N-Y-CULTURA-10-1024x683.jpg 1024w, https:\/\/cuernavaca.gob.mx\/wp-content\/uploads\/2026\/09\/CUERNAVACA-HACE-DEL-TURISMO-UNA-ESTRATEGIA-PERMANENTE-DE-PROMOCIO\u0301N-Y-CULTURA-10-768x512.jpg 768w, https:\/\/cuernavaca.gob.mx\/wp-content\/uploads\/2026\/09\/CUERNAVACA-HACE-DEL-TURISMO-UNA-ESTRATEGIA-PERMANENTE-DE-PROMOCIO\u0301N-Y-CULTURA-10-600x400.jpg 600w, https:\/\/cuernavaca.gob.mx\/wp-content\/uploads\/2026\/09\/CUERNAVACA-HACE-DEL-TURISMO-UNA-ESTRATEGIA-PERMANENTE-DE-PROMOCIO\u0301N-Y-CULTURA-10-560x374.jpg 560w, https:\/\/cuernavaca.gob.mx\/wp-content\/uploads\/2026\/09\/CUERNAVACA-HACE-DEL-TURISMO-UNA-ESTRATEGIA-PERMANENTE-DE-PROMOCIO\u0301N-Y-CULTURA-10.jpg 1280w\" sizes=\"(max-width: 300px) 100vw, 300px\" \/> <img loading=\"lazy\" class=\"alignnone size-medium wp-image-62717\" src=\"https:\/\/cuernavaca.gob.mx\/wp-content\/uploads\/2026\/09\/CUERNAVACA-HACE-DEL-TURISMO-UNA-ESTRATEGIA-PERMANENTE-DE-PROMOCIO\u0301N-Y-CULTURA-9-300x200.jpg\" alt=\"\" width=\"300\" height=\"200\" srcset=\"https:\/\/cuernavaca.gob.mx\/wp-content\/uploads\/2026\/09\/CUERNAVACA-HACE-DEL-TURISMO-UNA-ESTRATEGIA-PERMANENTE-DE-PROMOCIO\u0301N-Y-CULTURA-9-300x200.jpg 300w, https:\/\/cuernavaca.gob.mx\/wp-content\/uploads\/2026\/09\/CUERNAVACA-HACE-DEL-TURISMO-UNA-ESTRATEGIA-PERMANENTE-DE-PROMOCIO\u0301N-Y-CULTURA-9-1024x683.jpg 1024w, https:\/\/cuernavaca.gob.mx\/wp-content\/uploads\/2026\/09\/CUERNAVACA-HACE-DEL-TURISMO-UNA-ESTRATEGIA-PERMANENTE-DE-PROMOCIO\u0301N-Y-CULTURA-9-768x512.jpg 768w, https:\/\/cuernavaca.gob.mx\/wp-content\/uploads\/2026\/09\/CUERNAVACA-HACE-DEL-TURISMO-UNA-ESTRATEGIA-PERMANENTE-DE-PROMOCIO\u0301N-Y-CULTURA-9-600x400.jpg 600w, https:\/\/cuernavaca.gob.mx\/wp-content\/uploads\/2026\/09\/CUERNAVACA-HACE-DEL-TURISMO-UNA-ESTRATEGIA-PERMANENTE-DE-PROMOCIO\u0301N-Y-CULTURA-9-560x374.jpg 560w, https:\/\/cuernavaca.gob.mx\/wp-content\/uploads\/2026\/09\/CUERNAVACA-HACE-DEL-TURISMO-UNA-ESTRATEGIA-PERMANENTE-DE-PROMOCIO\u0301N-Y-CULTURA-9.jpg 1280w\" sizes=\"(max-width: 300px) 100vw, 300px\" \/> <img loading=\"lazy\" class=\"alignnone size-medium wp-image-62716\" src=\"https:\/\/cuernavaca.gob.mx\/wp-content\/uploads\/2026\/09\/CUERNAVACA-HACE-DEL-TURISMO-UNA-ESTRATEGIA-PERMANENTE-DE-PROMOCIO\u0301N-Y-CULTURA-8-300x200.jpg\" alt=\"\" width=\"300\" height=\"200\" srcset=\"https:\/\/cuernavaca.gob.mx\/wp-content\/uploads\/2026\/09\/CUERNAVACA-HACE-DEL-TURISMO-UNA-ESTRATEGIA-PERMANENTE-DE-PROMOCIO\u0301N-Y-CULTURA-8-300x200.jpg 300w, https:\/\/cuernavaca.gob.mx\/wp-content\/uploads\/2026\/09\/CUERNAVACA-HACE-DEL-TURISMO-UNA-ESTRATEGIA-PERMANENTE-DE-PROMOCIO\u0301N-Y-CULTURA-8-1024x683.jpg 1024w, https:\/\/cuernavaca.gob.mx\/wp-content\/uploads\/2026\/09\/CUERNAVACA-HACE-DEL-TURISMO-UNA-ESTRATEGIA-PERMANENTE-DE-PROMOCIO\u0301N-Y-CULTURA-8-768x512.jpg 768w, https:\/\/cuernavaca.gob.mx\/wp-content\/uploads\/2026\/09\/CUERNAVACA-HACE-DEL-TURISMO-UNA-ESTRATEGIA-PERMANENTE-DE-PROMOCIO\u0301N-Y-CULTURA-8-1536x1024.jpg 1536w, https:\/\/cuernavaca.gob.mx\/wp-content\/uploads\/2026\/09\/CUERNAVACA-HACE-DEL-TURISMO-UNA-ESTRATEGIA-PERMANENTE-DE-PROMOCIO\u0301N-Y-CULTURA-8-600x400.jpg 600w, https:\/\/cuernavaca.gob.mx\/wp-content\/uploads\/2026\/09\/CUERNAVACA-HACE-DEL-TURISMO-UNA-ESTRATEGIA-PERMANENTE-DE-PROMOCIO\u0301N-Y-CULTURA-8-560x373.jpg 560w, https:\/\/cuernavaca.gob.mx\/wp-content\/uploads\/2026\/09\/CUERNAVACA-HACE-DEL-TURISMO-UNA-ESTRATEGIA-PERMANENTE-DE-PROMOCIO\u0301N-Y-CULTURA-8.jpg 1599w\" sizes=\"(max-width: 300px) 100vw, 300px\" \/> <img loading=\"lazy\" class=\"alignnone size-medium wp-image-62715\" src=\"https:\/\/cuernavaca.gob.mx\/wp-content\/uploads\/2026\/09\/CUERNAVACA-HACE-DEL-TURISMO-UNA-ESTRATEGIA-PERMANENTE-DE-PROMOCIO\u0301N-Y-CULTURA-7-300x200.jpg\" alt=\"\" width=\"300\" height=\"200\" srcset=\"https:\/\/cuernavaca.gob.mx\/wp-content\/uploads\/2026\/09\/CUERNAVACA-HACE-DEL-TURISMO-UNA-ESTRATEGIA-PERMANENTE-DE-PROMOCIO\u0301N-Y-CULTURA-7-300x200.jpg 300w, https:\/\/cuernavaca.gob.mx\/wp-content\/uploads\/2026\/09\/CUERNAVACA-HACE-DEL-TURISMO-UNA-ESTRATEGIA-PERMANENTE-DE-PROMOCIO\u0301N-Y-CULTURA-7-1024x683.jpg 1024w, https:\/\/cuernavaca.gob.mx\/wp-content\/uploads\/2026\/09\/CUERNAVACA-HACE-DEL-TURISMO-UNA-ESTRATEGIA-PERMANENTE-DE-PROMOCIO\u0301N-Y-CULTURA-7-768x512.jpg 768w, https:\/\/cuernavaca.gob.mx\/wp-content\/uploads\/2026\/09\/CUERNAVACA-HACE-DEL-TURISMO-UNA-ESTRATEGIA-PERMANENTE-DE-PROMOCIO\u0301N-Y-CULTURA-7-1536x1024.jpg 1536w, https:\/\/cuernavaca.gob.mx\/wp-content\/uploads\/2026\/09\/CUERNAVACA-HACE-DEL-TURISMO-UNA-ESTRATEGIA-PERMANENTE-DE-PROMOCIO\u0301N-Y-CULTURA-7-600x400.jpg 600w, https:\/\/cuernavaca.gob.mx\/wp-content\/uploads\/2026\/09\/CUERNAVACA-HACE-DEL-TURISMO-UNA-ESTRATEGIA-PERMANENTE-DE-PROMOCIO\u0301N-Y-CULTURA-7-560x373.jpg 560w, https:\/\/cuernavaca.gob.mx\/wp-content\/uploads\/2026\/09\/CUERNAVACA-HACE-DEL-TURISMO-UNA-ESTRATEGIA-PERMANENTE-DE-PROMOCIO\u0301N-Y-CULTURA-7.jpg 1599w\" sizes=\"(max-width: 300px) 100vw, 300px\" \/> <img loading=\"lazy\" class=\"alignnone size-medium wp-image-62713\" src=\"https:\/\/cuernavaca.gob.mx\/wp-content\/uploads\/2026\/09\/CUERNAVACA-HACE-DEL-TURISMO-UNA-ESTRATEGIA-PERMANENTE-DE-PROMOCIO\u0301N-Y-CULTURA-4-300x200.jpg\" alt=\"\" width=\"300\" height=\"200\" srcset=\"https:\/\/cuernavaca.gob.mx\/wp-content\/uploads\/2026\/09\/CUERNAVACA-HACE-DEL-TURISMO-UNA-ESTRATEGIA-PERMANENTE-DE-PROMOCIO\u0301N-Y-CULTURA-4-300x200.jpg 300w, https:\/\/cuernavaca.gob.mx\/wp-content\/uploads\/2026\/09\/CUERNAVACA-HACE-DEL-TURISMO-UNA-ESTRATEGIA-PERMANENTE-DE-PROMOCIO\u0301N-Y-CULTURA-4-1024x683.jpg 1024w, https:\/\/cuernavaca.gob.mx\/wp-content\/uploads\/2026\/09\/CUERNAVACA-HACE-DEL-TURISMO-UNA-ESTRATEGIA-PERMANENTE-DE-PROMOCIO\u0301N-Y-CULTURA-4-768x512.jpg 768w, https:\/\/cuernavaca.gob.mx\/wp-content\/uploads\/2026\/09\/CUERNAVACA-HACE-DEL-TURISMO-UNA-ESTRATEGIA-PERMANENTE-DE-PROMOCIO\u0301N-Y-CULTURA-4-600x400.jpg 600w, https:\/\/cuernavaca.gob.mx\/wp-content\/uploads\/2026\/09\/CUERNAVACA-HACE-DEL-TURISMO-UNA-ESTRATEGIA-PERMANENTE-DE-PROMOCIO\u0301N-Y-CULTURA-4-560x374.jpg 560w, https:\/\/cuernavaca.gob.mx\/wp-content\/uploads\/2026\/09\/CUERNAVACA-HACE-DEL-TURISMO-UNA-ESTRATEGIA-PERMANENTE-DE-PROMOCIO\u0301N-Y-CULTURA-4.jpg 1280w\" sizes=\"(max-width: 300px) 100vw, 300px\" \/><\/p>\n","protected":false},"excerpt":{"rendered":"<p>* El Ayuntamiento articula eventos, capacitaci\u00f3n y trabajo con el sector para atraer visitantes, dinamizar la econom\u00eda y posicionar a la capital morelense como destino durante todo el a\u00f1o Cuernavaca avanza en una estrategia tur\u00edstica de largo plazo que articula promoci\u00f3n, cultura, identidad, capacitaci\u00f3n y coordinaci\u00f3n con el sector, con el prop\u00f3sito de ampliar la [&hellip;]<\/p>\n","protected":false},"author":1,"featured_media":62716,"comment_status":"closed","ping_status":"open","sticky":false,"template":"","format":"standard","meta":[],"categories":[2294],"tags":[],"aioseo_notices":[],"_links":{"self":[{"href":"https:\/\/cuernavaca.gob.mx\/index.php?rest_route=\/wp\/v2\/posts\/62709"}],"collection":[{"href":"https:\/\/cuernavaca.gob.mx\/index.php?rest_route=\/wp\/v2\/posts"}],"about":[{"href":"https:\/\/cuernavaca.gob.mx\/index.php?rest_route=\/wp\/v2\/types\/post"}],"author":[{"embeddable":true,"href":"https:\/\/cuernavaca.gob.mx\/index.php?rest_route=\/wp\/v2\/users\/1"}],"replies":[{"embeddable":true,"href":"https:\/\/cuernavaca.gob.mx\/index.php?rest_route=%2Fwp%2Fv2%2Fcomments&post=62709"}],"version-history":[{"count":2,"href":"https:\/\/cuernavaca.gob.mx\/index.php?rest_route=\/wp\/v2\/posts\/62709\/revisions"}],"predecessor-version":[{"id":62720,"href":"https:\/\/cuernavaca.gob.mx\/index.php?rest_route=\/wp\/v2\/posts\/62709\/revisions\/62720"}],"wp:featuredmedia":[{"embeddable":true,"href":"https:\/\/cuernavaca.gob.mx\/index.php?rest_route=\/wp\/v2\/media\/62716"}],"wp:attachment":[{"href":"https:\/\/cuernavaca.gob.mx\/index.php?rest_route=%2Fwp%2Fv2%2Fmedia&parent=62709"}],"wp:term":[{"taxonomy":"category","embeddable":true,"href":"https:\/\/cuernavaca.gob.mx\/index.php?rest_route=%2Fwp%2Fv2%2Fcategories&post=62709"},{"taxonomy":"post_tag","embeddable":true,"href":"https:\/\/cuernavaca.gob.mx\/index.php?rest_route=%2Fwp%2Fv2%2Ftags&post=62709"}],"curies":[{"name":"wp","href":"https:\/\/api.w.org\/{rel}","templated":true}]}}