{"id":62721,"date":"2026-09-03T10:05:42","date_gmt":"2026-09-03T16:05:42","guid":{"rendered":"https:\/\/cuernavaca.gob.mx\/?p=62721"},"modified":"2026-09-03T14:22:11","modified_gmt":"2026-09-03T20:22:11","slug":"b1496-03-09-26-cuernavaca-impulsa-la-autonomia-de-personas-adultas-mayores-mediante-el-taller-de-uso-basico-de-celular","status":"publish","type":"post","link":"https:\/\/cuernavaca.gob.mx\/?p=62721","title":{"rendered":"B1496 03\/09\/26 CUERNAVACA IMPULSA LA AUTONOM\u00cdA DE PERSONAS ADULTAS MAYORES MEDIANTE EL TALLER DE USO B\u00c1SICO DE CELULAR"},"content":{"rendered":"<p><strong>* La capacitaci\u00f3n acerc\u00f3 conocimientos pr\u00e1cticos para facilitar la comunicaci\u00f3n, resolver actividades cotidianas y aprovechar las posibilidades que ofrecen las nuevas tecnolog\u00edas<\/strong><\/p>\n<p>Con el prop\u00f3sito de contribuir a la inclusi\u00f3n digital y brindar herramientas que faciliten la comunicaci\u00f3n y las actividades cotidianas de las personas adultas mayores, el Ayuntamiento de Cuernavaca, a trav\u00e9s del Instituto de Cultura de Cuernavaca, adscrito a la Secretar\u00eda de Desarrollo Humano y Participaci\u00f3n Social (SDHyPS), llev\u00f3 a cabo el taller &#8220;Uso b\u00e1sico de celular para Adultos Mayores&#8221;.<\/p>\n<p>Esta actividad, dise\u00f1ada en coordinaci\u00f3n con el COMVIVE de San Crist\u00f3bal, representa un espacio de aprendizaje pr\u00e1ctico y accesible, en el que las y los participantes tuvieron la oportunidad de conocer y fortalecer sus habilidades en el uso de tel\u00e9fonos inteligentes, resolver dudas y adquirir conocimientos que les permitan aprovechar de manera eficiente las herramientas tecnol\u00f3gicas disponibles.<\/p>\n<p>Durante las sesiones, las personas adultas mayores asistentes abordaron temas relacionados con la configuraci\u00f3n b\u00e1sica de sus dispositivos, el acceso y uso de aplicaciones, la toma y organizaci\u00f3n de fotograf\u00edas, la navegaci\u00f3n por internet y otras funciones que contribuyen a incrementar su independencia y autonom\u00eda para facilitar distintas actividades de la vida diaria.<\/p>\n<p>Asimismo, durante el taller se brind\u00f3 un espacio en el que cada participante pudo resolver sus inquietudes directamente con la instructora y avanzar a su propio ritmo en el aprendizaje de las herramientas digitales.<\/p>\n<p>La capacitaci\u00f3n tambi\u00e9n permiti\u00f3 generar un ambiente de acompa\u00f1amiento y convivencia que fortaleci\u00f3 el tejido social en la comunidad, as\u00ed como la creaci\u00f3n de redes de apoyo para construir y fortalecer lazos sociales que brinden un mayor soporte emocional y contribuyan a una mejor calidad de vida<\/p>\n<p>Con este tipo de acciones, el Ayuntamiento de Cuernavaca contin\u00faa impulsando actividades que promueven la inclusi\u00f3n, el aprendizaje permanente y la participaci\u00f3n activa de todos los sectores de la poblaci\u00f3n, contribuyendo al desarrollo comunitario en las colonias y generando espacios donde las personas puedan adquirir conocimientos pr\u00e1cticos que contribuyan a mejorar su calidad de vida.<\/p>\n\n\t\t<style type=\"text\/css\">\n\t\t\t#gallery-1 {\n\t\t\t\tmargin: auto;\n\t\t\t}\n\t\t\t#gallery-1 .gallery-item {\n\t\t\t\tfloat: left;\n\t\t\t\tmargin-top: 10px;\n\t\t\t\ttext-align: center;\n\t\t\t\twidth: 33%;\n\t\t\t}\n\t\t\t#gallery-1 img {\n\t\t\t\tborder: 2px solid #cfcfcf;\n\t\t\t}\n\t\t\t#gallery-1 .gallery-caption {\n\t\t\t\tmargin-left: 0;\n\t\t\t}\n\t\t\t\/* see gallery_shortcode() in wp-includes\/media.php *\/\n\t\t<\/style>\n\t\t<div id='gallery-1' class='gallery galleryid-62721 gallery-columns-3 gallery-size-thumbnail'><dl class='gallery-item'>\n\t\t\t<dt class='gallery-icon landscape'>\n\t\t\t\t<a href='https:\/\/cuernavaca.gob.mx\/?attachment_id=62731'><img width=\"150\" height=\"150\" src=\"https:\/\/cuernavaca.gob.mx\/wp-content\/uploads\/2026\/09\/CUERNAVACA-IMPULSA-LA-AUTONOMI\u0301A-DE-PERSONAS-ADULTAS-MAYORES-MEDIANTE-EL-TALLER-DE-USO-BA\u0301SICO-DE-CELULAR-1-1-150x150.jpg\" class=\"attachment-thumbnail size-thumbnail\" alt=\"\" loading=\"lazy\" \/><\/a>\n\t\t\t<\/dt><\/dl><dl class='gallery-item'>\n\t\t\t<dt class='gallery-icon portrait'>\n\t\t\t\t<a href='https:\/\/cuernavaca.gob.mx\/?attachment_id=62732'><img width=\"150\" height=\"150\" src=\"https:\/\/cuernavaca.gob.mx\/wp-content\/uploads\/2026\/09\/CUERNAVACA-IMPULSA-LA-AUTONOMI\u0301A-DE-PERSONAS-ADULTAS-MAYORES-MEDIANTE-EL-TALLER-DE-USO-BA\u0301SICO-DE-CELULAR-2-1-150x150.jpg\" class=\"attachment-thumbnail size-thumbnail\" alt=\"\" loading=\"lazy\" \/><\/a>\n\t\t\t<\/dt><\/dl><dl class='gallery-item'>\n\t\t\t<dt class='gallery-icon portrait'>\n\t\t\t\t<a href='https:\/\/cuernavaca.gob.mx\/?attachment_id=62733'><img width=\"150\" height=\"150\" src=\"https:\/\/cuernavaca.gob.mx\/wp-content\/uploads\/2026\/09\/CUERNAVACA-IMPULSA-LA-AUTONOMI\u0301A-DE-PERSONAS-ADULTAS-MAYORES-MEDIANTE-EL-TALLER-DE-USO-BA\u0301SICO-DE-CELULAR-3-1-150x150.jpg\" class=\"attachment-thumbnail size-thumbnail\" alt=\"\" loading=\"lazy\" \/><\/a>\n\t\t\t<\/dt><\/dl><br style=\"clear: both\" \/><dl class='gallery-item'>\n\t\t\t<dt class='gallery-icon landscape'>\n\t\t\t\t<a href='https:\/\/cuernavaca.gob.mx\/?attachment_id=62734'><img width=\"150\" height=\"150\" src=\"https:\/\/cuernavaca.gob.mx\/wp-content\/uploads\/2026\/09\/CUERNAVACA-IMPULSA-LA-AUTONOMI\u0301A-DE-PERSONAS-ADULTAS-MAYORES-MEDIANTE-EL-TALLER-DE-USO-BA\u0301SICO-DE-CELULAR-4-1-150x150.jpg\" class=\"attachment-thumbnail size-thumbnail\" alt=\"\" loading=\"lazy\" \/><\/a>\n\t\t\t<\/dt><\/dl><dl class='gallery-item'>\n\t\t\t<dt class='gallery-icon landscape'>\n\t\t\t\t<a href='https:\/\/cuernavaca.gob.mx\/?attachment_id=62735'><img width=\"150\" height=\"150\" src=\"https:\/\/cuernavaca.gob.mx\/wp-content\/uploads\/2026\/09\/CUERNAVACA-IMPULSA-LA-AUTONOMI\u0301A-DE-PERSONAS-ADULTAS-MAYORES-MEDIANTE-EL-TALLER-DE-USO-BA\u0301SICO-DE-CELULAR-5-1-150x150.jpg\" class=\"attachment-thumbnail size-thumbnail\" alt=\"\" loading=\"lazy\" \/><\/a>\n\t\t\t<\/dt><\/dl><dl class='gallery-item'>\n\t\t\t<dt class='gallery-icon portrait'>\n\t\t\t\t<a href='https:\/\/cuernavaca.gob.mx\/?attachment_id=62736'><img width=\"150\" height=\"150\" src=\"https:\/\/cuernavaca.gob.mx\/wp-content\/uploads\/2026\/09\/CUERNAVACA-IMPULSA-LA-AUTONOMI\u0301A-DE-PERSONAS-ADULTAS-MAYORES-MEDIANTE-EL-TALLER-DE-USO-BA\u0301SICO-DE-CELULAR-6-1-150x150.jpg\" class=\"attachment-thumbnail size-thumbnail\" alt=\"\" loading=\"lazy\" \/><\/a>\n\t\t\t<\/dt><\/dl><br style=\"clear: both\" \/><dl class='gallery-item'>\n\t\t\t<dt class='gallery-icon landscape'>\n\t\t\t\t<a href='https:\/\/cuernavaca.gob.mx\/?attachment_id=62737'><img width=\"150\" height=\"150\" src=\"https:\/\/cuernavaca.gob.mx\/wp-content\/uploads\/2026\/09\/CUERNAVACA-IMPULSA-LA-AUTONOMI\u0301A-DE-PERSONAS-ADULTAS-MAYORES-MEDIANTE-EL-TALLER-DE-USO-BA\u0301SICO-DE-CELULAR-7-1-150x150.jpg\" class=\"attachment-thumbnail size-thumbnail\" alt=\"\" loading=\"lazy\" \/><\/a>\n\t\t\t<\/dt><\/dl><dl class='gallery-item'>\n\t\t\t<dt class='gallery-icon portrait'>\n\t\t\t\t<a href='https:\/\/cuernavaca.gob.mx\/?attachment_id=62738'><img width=\"150\" height=\"150\" src=\"https:\/\/cuernavaca.gob.mx\/wp-content\/uploads\/2026\/09\/CUERNAVACA-IMPULSA-LA-AUTONOMI\u0301A-DE-PERSONAS-ADULTAS-MAYORES-MEDIANTE-EL-TALLER-DE-USO-BA\u0301SICO-DE-CELULAR-8-150x150.jpg\" class=\"attachment-thumbnail size-thumbnail\" alt=\"\" loading=\"lazy\" \/><\/a>\n\t\t\t<\/dt><\/dl><dl class='gallery-item'>\n\t\t\t<dt class='gallery-icon portrait'>\n\t\t\t\t<a href='https:\/\/cuernavaca.gob.mx\/?attachment_id=62739'><img width=\"150\" height=\"150\" src=\"https:\/\/cuernavaca.gob.mx\/wp-content\/uploads\/2026\/09\/CUERNAVACA-IMPULSA-LA-AUTONOMI\u0301A-DE-PERSONAS-ADULTAS-MAYORES-MEDIANTE-EL-TALLER-DE-USO-BA\u0301SICO-DE-CELULAR-9-150x150.jpg\" class=\"attachment-thumbnail size-thumbnail\" alt=\"\" loading=\"lazy\" \/><\/a>\n\t\t\t<\/dt><\/dl><br style=\"clear: both\" \/><dl class='gallery-item'>\n\t\t\t<dt class='gallery-icon portrait'>\n\t\t\t\t<a href='https:\/\/cuernavaca.gob.mx\/?attachment_id=62740'><img width=\"150\" height=\"150\" src=\"https:\/\/cuernavaca.gob.mx\/wp-content\/uploads\/2026\/09\/CUERNAVACA-IMPULSA-LA-AUTONOMI\u0301A-DE-PERSONAS-ADULTAS-MAYORES-MEDIANTE-EL-TALLER-DE-USO-BA\u0301SICO-DE-CELULAR-10-150x150.jpg\" class=\"attachment-thumbnail size-thumbnail\" alt=\"\" loading=\"lazy\" \/><\/a>\n\t\t\t<\/dt><\/dl>\n\t\t\t<br style='clear: both' \/>\n\t\t<\/div>\n\n","protected":false},"excerpt":{"rendered":"<p>* La capacitaci\u00f3n acerc\u00f3 conocimientos pr\u00e1cticos para facilitar la comunicaci\u00f3n, resolver actividades cotidianas y aprovechar las posibilidades que ofrecen las nuevas tecnolog\u00edas Con el prop\u00f3sito de contribuir a la inclusi\u00f3n digital y brindar herramientas que faciliten la comunicaci\u00f3n y las actividades cotidianas de las personas adultas mayores, el Ayuntamiento de Cuernavaca, a trav\u00e9s del Instituto [&hellip;]<\/p>\n","protected":false},"author":1,"featured_media":62731,"comment_status":"closed","ping_status":"open","sticky":false,"template":"","format":"standard","meta":[],"categories":[862],"tags":[],"aioseo_notices":[],"_links":{"self":[{"href":"https:\/\/cuernavaca.gob.mx\/index.php?rest_route=\/wp\/v2\/posts\/62721"}],"collection":[{"href":"https:\/\/cuernavaca.gob.mx\/index.php?rest_route=\/wp\/v2\/posts"}],"about":[{"href":"https:\/\/cuernavaca.gob.mx\/index.php?rest_route=\/wp\/v2\/types\/post"}],"author":[{"embeddable":true,"href":"https:\/\/cuernavaca.gob.mx\/index.php?rest_route=\/wp\/v2\/users\/1"}],"replies":[{"embeddable":true,"href":"https:\/\/cuernavaca.gob.mx\/index.php?rest_route=%2Fwp%2Fv2%2Fcomments&post=62721"}],"version-history":[{"count":3,"href":"https:\/\/cuernavaca.gob.mx\/index.php?rest_route=\/wp\/v2\/posts\/62721\/revisions"}],"predecessor-version":[{"id":62741,"href":"https:\/\/cuernavaca.gob.mx\/index.php?rest_route=\/wp\/v2\/posts\/62721\/revisions\/62741"}],"wp:featuredmedia":[{"embeddable":true,"href":"https:\/\/cuernavaca.gob.mx\/index.php?rest_route=\/wp\/v2\/media\/62731"}],"wp:attachment":[{"href":"https:\/\/cuernavaca.gob.mx\/index.php?rest_route=%2Fwp%2Fv2%2Fmedia&parent=62721"}],"wp:term":[{"taxonomy":"category","embeddable":true,"href":"https:\/\/cuernavaca.gob.mx\/index.php?rest_route=%2Fwp%2Fv2%2Fcategories&post=62721"},{"taxonomy":"post_tag","embeddable":true,"href":"https:\/\/cuernavaca.gob.mx\/index.php?rest_route=%2Fwp%2Fv2%2Ftags&post=62721"}],"curies":[{"name":"wp","href":"https:\/\/api.w.org\/{rel}","templated":true}]}}