{"id":62743,"date":"2026-09-04T06:58:27","date_gmt":"2026-09-04T12:58:27","guid":{"rendered":"https:\/\/cuernavaca.gob.mx\/?p=62743"},"modified":"2026-09-04T10:20:40","modified_gmt":"2026-09-04T16:20:40","slug":"seprac-fortalece-la-profesionalizacion-policial-para-la-atencion-de-personas-adolescentes","status":"publish","type":"post","link":"https:\/\/cuernavaca.gob.mx\/?p=62743","title":{"rendered":"B1498 SEPRAC FORTALECE LA PROFESIONALIZACI\u00d3N POLICIAL PARA LA ATENCI\u00d3N DE PERSONAS ADOLESCENTES"},"content":{"rendered":"<p><strong>\u2022 La capacitaci\u00f3n especializada promueve una actuaci\u00f3n policial responsable, apegada a la legalidad y con enfoque de derechos humanos<\/strong><\/p>\n<p>Con el objetivo de fortalecer la profesionalizaci\u00f3n y capacidad operativa de su personal, la Secretar\u00eda de Protecci\u00f3n y Auxilio Ciudadano (SEPRAC), por medio de la Direcci\u00f3n General de Prevenci\u00f3n Social de la Violencia, inici\u00f3 una certificaci\u00f3n con el \u201cSeminario de Actuaci\u00f3n Policial en el Contacto, Detenci\u00f3n y Aseguramiento de Personas Adolescentes\u201d, en coordinaci\u00f3n con el Tribunal Unitario de Justicia Penal para Adolescentes del Estado de Morelos (TUJPA), a trav\u00e9s de su Escuela Judicial.<\/p>\n<p>Esta certificaci\u00f3n tiene como prop\u00f3sito actualizar los conocimientos del personal policial y perfeccionar las t\u00e9cnicas de actuaci\u00f3n durante los procedimientos que involucren a personas adolescentes, privilegiando en todo momento la legalidad, el cumplimiento de los protocolos de actuaci\u00f3n, el respeto irrestricto a los derechos humanos y la observancia del inter\u00e9s superior de la ni\u00f1ez.<\/p>\n<p>En el seminario participa personal operativo y administrativo de la SEPRAC, que recibe herramientas y conocimientos especializados para responder de manera adecuada ante situaciones que requieran el contacto, la detenci\u00f3n o el aseguramiento de personas adolescentes, atendiendo las disposiciones legales aplicables y los principios que rigen la actuaci\u00f3n de las instituciones de seguridad p\u00fablica.<\/p>\n<p>La capacitaci\u00f3n est\u00e1 a cargo del juez Said Omar Olivares, con la participaci\u00f3n y acompa\u00f1amiento de la magistrada presidenta del TUJPA, Adriana Pineda, como parte de las acciones de coordinaci\u00f3n interinstitucional orientadas a fortalecer la formaci\u00f3n y profesionalizaci\u00f3n de las y los servidores p\u00fablicos.<\/p>\n<p>Con estas acciones, la SEPRAC refrenda su compromiso con una polic\u00eda profesional, capacitada y respetuosa de los derechos humanos, fortaleciendo las competencias de su personal para brindar una atenci\u00f3n responsable, adecuada y apegada a derecho, especialmente en aquellos procedimientos que involucren a ni\u00f1as, ni\u00f1os y adolescentes.<\/p>\n\n\t\t<style type=\"text\/css\">\n\t\t\t#gallery-1 {\n\t\t\t\tmargin: auto;\n\t\t\t}\n\t\t\t#gallery-1 .gallery-item {\n\t\t\t\tfloat: left;\n\t\t\t\tmargin-top: 10px;\n\t\t\t\ttext-align: center;\n\t\t\t\twidth: 33%;\n\t\t\t}\n\t\t\t#gallery-1 img {\n\t\t\t\tborder: 2px solid #cfcfcf;\n\t\t\t}\n\t\t\t#gallery-1 .gallery-caption {\n\t\t\t\tmargin-left: 0;\n\t\t\t}\n\t\t\t\/* see gallery_shortcode() in wp-includes\/media.php *\/\n\t\t<\/style>\n\t\t<div id='gallery-1' class='gallery galleryid-62743 gallery-columns-3 gallery-size-thumbnail'><dl class='gallery-item'>\n\t\t\t<dt class='gallery-icon landscape'>\n\t\t\t\t<a href='https:\/\/cuernavaca.gob.mx\/?attachment_id=62744'><img width=\"150\" height=\"150\" src=\"https:\/\/cuernavaca.gob.mx\/wp-content\/uploads\/2026\/09\/SEPRAC-FORTALECE-LA-PROFESIONALIZACIO\u0301N-POLICIAL-PARA-LA-ATENCIO\u0301N-DE-PERSONAS-ADOLESCENTES-1-150x150.jpg\" class=\"attachment-thumbnail size-thumbnail\" alt=\"\" loading=\"lazy\" \/><\/a>\n\t\t\t<\/dt><\/dl><dl class='gallery-item'>\n\t\t\t<dt class='gallery-icon landscape'>\n\t\t\t\t<a href='https:\/\/cuernavaca.gob.mx\/?attachment_id=62745'><img width=\"150\" height=\"150\" src=\"https:\/\/cuernavaca.gob.mx\/wp-content\/uploads\/2026\/09\/SEPRAC-FORTALECE-LA-PROFESIONALIZACIO\u0301N-POLICIAL-PARA-LA-ATENCIO\u0301N-DE-PERSONAS-ADOLESCENTES-2-150x150.jpg\" class=\"attachment-thumbnail size-thumbnail\" alt=\"\" loading=\"lazy\" \/><\/a>\n\t\t\t<\/dt><\/dl><dl class='gallery-item'>\n\t\t\t<dt class='gallery-icon landscape'>\n\t\t\t\t<a href='https:\/\/cuernavaca.gob.mx\/?attachment_id=62746'><img width=\"150\" height=\"150\" src=\"https:\/\/cuernavaca.gob.mx\/wp-content\/uploads\/2026\/09\/SEPRAC-FORTALECE-LA-PROFESIONALIZACIO\u0301N-POLICIAL-PARA-LA-ATENCIO\u0301N-DE-PERSONAS-ADOLESCENTES-3-150x150.jpg\" class=\"attachment-thumbnail size-thumbnail\" alt=\"\" loading=\"lazy\" \/><\/a>\n\t\t\t<\/dt><\/dl><br style=\"clear: both\" \/><dl class='gallery-item'>\n\t\t\t<dt class='gallery-icon landscape'>\n\t\t\t\t<a href='https:\/\/cuernavaca.gob.mx\/?attachment_id=62747'><img width=\"150\" height=\"150\" src=\"https:\/\/cuernavaca.gob.mx\/wp-content\/uploads\/2026\/09\/SEPRAC-FORTALECE-LA-PROFESIONALIZACIO\u0301N-POLICIAL-PARA-LA-ATENCIO\u0301N-DE-PERSONAS-ADOLESCENTES-4-150x150.jpg\" class=\"attachment-thumbnail size-thumbnail\" alt=\"\" loading=\"lazy\" \/><\/a>\n\t\t\t<\/dt><\/dl><dl class='gallery-item'>\n\t\t\t<dt class='gallery-icon landscape'>\n\t\t\t\t<a href='https:\/\/cuernavaca.gob.mx\/?attachment_id=62748'><img width=\"150\" height=\"150\" src=\"https:\/\/cuernavaca.gob.mx\/wp-content\/uploads\/2026\/09\/SEPRAC-FORTALECE-LA-PROFESIONALIZACIO\u0301N-POLICIAL-PARA-LA-ATENCIO\u0301N-DE-PERSONAS-ADOLESCENTES-5-150x150.jpg\" class=\"attachment-thumbnail size-thumbnail\" alt=\"\" loading=\"lazy\" \/><\/a>\n\t\t\t<\/dt><\/dl><dl class='gallery-item'>\n\t\t\t<dt class='gallery-icon landscape'>\n\t\t\t\t<a href='https:\/\/cuernavaca.gob.mx\/?attachment_id=62749'><img width=\"150\" height=\"150\" src=\"https:\/\/cuernavaca.gob.mx\/wp-content\/uploads\/2026\/09\/SEPRAC-FORTALECE-LA-PROFESIONALIZACIO\u0301N-POLICIAL-PARA-LA-ATENCIO\u0301N-DE-PERSONAS-ADOLESCENTES-6-150x150.jpg\" class=\"attachment-thumbnail size-thumbnail\" alt=\"\" loading=\"lazy\" \/><\/a>\n\t\t\t<\/dt><\/dl><br style=\"clear: both\" \/><dl class='gallery-item'>\n\t\t\t<dt class='gallery-icon landscape'>\n\t\t\t\t<a href='https:\/\/cuernavaca.gob.mx\/?attachment_id=62750'><img width=\"150\" height=\"150\" src=\"https:\/\/cuernavaca.gob.mx\/wp-content\/uploads\/2026\/09\/SEPRAC-FORTALECE-LA-PROFESIONALIZACIO\u0301N-POLICIAL-PARA-LA-ATENCIO\u0301N-DE-PERSONAS-ADOLESCENTES-7-150x150.jpg\" class=\"attachment-thumbnail size-thumbnail\" alt=\"\" loading=\"lazy\" \/><\/a>\n\t\t\t<\/dt><\/dl><dl class='gallery-item'>\n\t\t\t<dt class='gallery-icon landscape'>\n\t\t\t\t<a href='https:\/\/cuernavaca.gob.mx\/?attachment_id=62751'><img width=\"150\" height=\"150\" src=\"https:\/\/cuernavaca.gob.mx\/wp-content\/uploads\/2026\/09\/SEPRAC-FORTALECE-LA-PROFESIONALIZACIO\u0301N-POLICIAL-PARA-LA-ATENCIO\u0301N-DE-PERSONAS-ADOLESCENTES-8-150x150.jpg\" class=\"attachment-thumbnail size-thumbnail\" alt=\"\" loading=\"lazy\" \/><\/a>\n\t\t\t<\/dt><\/dl>\n\t\t\t<br style='clear: both' \/>\n\t\t<\/div>\n\n","protected":false},"excerpt":{"rendered":"<p>\u2022 La capacitaci\u00f3n especializada promueve una actuaci\u00f3n policial responsable, apegada a la legalidad y con enfoque de derechos humanos Con el objetivo de fortalecer la profesionalizaci\u00f3n y capacidad operativa de su personal, la Secretar\u00eda de Protecci\u00f3n y Auxilio Ciudadano (SEPRAC), por medio de la Direcci\u00f3n General de Prevenci\u00f3n Social de la Violencia, inici\u00f3 una certificaci\u00f3n [&hellip;]<\/p>\n","protected":false},"author":1,"featured_media":62749,"comment_status":"closed","ping_status":"open","sticky":false,"template":"","format":"standard","meta":[],"categories":[17],"tags":[],"aioseo_notices":[],"_links":{"self":[{"href":"https:\/\/cuernavaca.gob.mx\/index.php?rest_route=\/wp\/v2\/posts\/62743"}],"collection":[{"href":"https:\/\/cuernavaca.gob.mx\/index.php?rest_route=\/wp\/v2\/posts"}],"about":[{"href":"https:\/\/cuernavaca.gob.mx\/index.php?rest_route=\/wp\/v2\/types\/post"}],"author":[{"embeddable":true,"href":"https:\/\/cuernavaca.gob.mx\/index.php?rest_route=\/wp\/v2\/users\/1"}],"replies":[{"embeddable":true,"href":"https:\/\/cuernavaca.gob.mx\/index.php?rest_route=%2Fwp%2Fv2%2Fcomments&post=62743"}],"version-history":[{"count":3,"href":"https:\/\/cuernavaca.gob.mx\/index.php?rest_route=\/wp\/v2\/posts\/62743\/revisions"}],"predecessor-version":[{"id":62777,"href":"https:\/\/cuernavaca.gob.mx\/index.php?rest_route=\/wp\/v2\/posts\/62743\/revisions\/62777"}],"wp:featuredmedia":[{"embeddable":true,"href":"https:\/\/cuernavaca.gob.mx\/index.php?rest_route=\/wp\/v2\/media\/62749"}],"wp:attachment":[{"href":"https:\/\/cuernavaca.gob.mx\/index.php?rest_route=%2Fwp%2Fv2%2Fmedia&parent=62743"}],"wp:term":[{"taxonomy":"category","embeddable":true,"href":"https:\/\/cuernavaca.gob.mx\/index.php?rest_route=%2Fwp%2Fv2%2Fcategories&post=62743"},{"taxonomy":"post_tag","embeddable":true,"href":"https:\/\/cuernavaca.gob.mx\/index.php?rest_route=%2Fwp%2Fv2%2Ftags&post=62743"}],"curies":[{"name":"wp","href":"https:\/\/api.w.org\/{rel}","templated":true}]}}