{"id":62753,"date":"2026-09-04T07:05:36","date_gmt":"2026-09-04T13:05:36","guid":{"rendered":"https:\/\/cuernavaca.gob.mx\/?p=62753"},"modified":"2026-09-04T10:25:31","modified_gmt":"2026-09-04T16:25:31","slug":"cuernavaca-impulsa-el-talento-local-con-la-presentacion-de-la-agrupacion-rascatripas-de-la-montana-en-el-centro-historico","status":"publish","type":"post","link":"https:\/\/cuernavaca.gob.mx\/?p=62753","title":{"rendered":"B1499 CUERNAVACA IMPULSA EL TALENTO LOCAL CON LA PRESENTACI\u00d3N DE LA AGRUPACI\u00d3N RASCATRIPAS DE LA MONTA\u00d1A EN EL CENTRO HIST\u00d3RICO"},"content":{"rendered":"<p><strong>\u2022 El concierto se realizar\u00e1 este domingo 6 de septiembre a las 17:00 horas, como parte del inicio de los festejos del mes patrio<\/strong><\/p>\n<p>El Ayuntamiento de Cuernavaca, a trav\u00e9s de la Secretar\u00eda de Desarrollo Econ\u00f3mico y Turismo (SDEyT), invita a la ciudadan\u00eda a formar parte del inicio de los festejos del mes patrio, que tendr\u00e1n como escenario el emblem\u00e1tico Kiosco del Centro Hist\u00f3rico, con la presentaci\u00f3n de la agrupaci\u00f3n musical morelense Rascatripas de la Monta\u00f1a.<\/p>\n<p>Con una potente fusi\u00f3n de ritmos y g\u00e9neros de la m\u00fasica folcl\u00f3rica mexicana, que combina la tradici\u00f3n sonora con una marcada identidad popular, Rascatripas de la Monta\u00f1a se ha consolidado como una de las propuestas musicales m\u00e1s frescas y representativas de la escena morelense actual.<\/p>\n<p>El director de Festejos y Ferias Tradicionales del municipio, Crist\u00f3bal Vargas Morales, destac\u00f3 que la generaci\u00f3n de espacios para las y los j\u00f3venes permite impulsar el talento local y fortalecer la participaci\u00f3n de nuevas generaciones en las actividades culturales del municipio.<\/p>\n<p>La cita ser\u00e1 este domingo 6 de septiembre a las 17:00 horas, con una propuesta musical que permitir\u00e1 al p\u00fablico disfrutar de la fusi\u00f3n de sonidos tradicionales mexicanos y ritmos latinoamericanos, como parte del ambiente festivo que acompa\u00f1ar\u00e1 el inicio de las celebraciones patrias.<\/p>\n<p>Con esta actividad, el Gobierno Municipal, en coordinaci\u00f3n con la Unidad Regional de Culturas Vivas Morelos, refrenda su compromiso con la promoci\u00f3n del talento local y la generaci\u00f3n de espacios para que las nuevas generaciones encuentren en el arte y la cultura una v\u00eda de expresi\u00f3n, convivencia y construcci\u00f3n de una ciudad de paz, cultura y talento.<\/p>\n\n\t\t<style type=\"text\/css\">\n\t\t\t#gallery-1 {\n\t\t\t\tmargin: auto;\n\t\t\t}\n\t\t\t#gallery-1 .gallery-item {\n\t\t\t\tfloat: left;\n\t\t\t\tmargin-top: 10px;\n\t\t\t\ttext-align: center;\n\t\t\t\twidth: 33%;\n\t\t\t}\n\t\t\t#gallery-1 img {\n\t\t\t\tborder: 2px solid #cfcfcf;\n\t\t\t}\n\t\t\t#gallery-1 .gallery-caption {\n\t\t\t\tmargin-left: 0;\n\t\t\t}\n\t\t\t\/* see gallery_shortcode() in wp-includes\/media.php *\/\n\t\t<\/style>\n\t\t<div id='gallery-1' class='gallery galleryid-62753 gallery-columns-3 gallery-size-thumbnail'><dl class='gallery-item'>\n\t\t\t<dt class='gallery-icon landscape'>\n\t\t\t\t<a href='https:\/\/cuernavaca.gob.mx\/?attachment_id=62754'><img width=\"150\" height=\"150\" src=\"https:\/\/cuernavaca.gob.mx\/wp-content\/uploads\/2026\/09\/CUERNAVACA-IMPULSA-EL-TALENTO-LOCAL-CON-LA-PRESENTACIO\u0301N-DE-LA-AGRUPACIO\u0301N-RASCATRIPAS-DE-LA-MONTAN\u0303A-EN-EL-CENTRO-HISTO\u0301RICO-1-150x150.jpg\" class=\"attachment-thumbnail size-thumbnail\" alt=\"\" loading=\"lazy\" srcset=\"https:\/\/cuernavaca.gob.mx\/wp-content\/uploads\/2026\/09\/CUERNAVACA-IMPULSA-EL-TALENTO-LOCAL-CON-LA-PRESENTACIO\u0301N-DE-LA-AGRUPACIO\u0301N-RASCATRIPAS-DE-LA-MONTAN\u0303A-EN-EL-CENTRO-HISTO\u0301RICO-1-150x150.jpg 150w, https:\/\/cuernavaca.gob.mx\/wp-content\/uploads\/2026\/09\/CUERNAVACA-IMPULSA-EL-TALENTO-LOCAL-CON-LA-PRESENTACIO\u0301N-DE-LA-AGRUPACIO\u0301N-RASCATRIPAS-DE-LA-MONTAN\u0303A-EN-EL-CENTRO-HISTO\u0301RICO-1-300x300.jpg 300w, https:\/\/cuernavaca.gob.mx\/wp-content\/uploads\/2026\/09\/CUERNAVACA-IMPULSA-EL-TALENTO-LOCAL-CON-LA-PRESENTACIO\u0301N-DE-LA-AGRUPACIO\u0301N-RASCATRIPAS-DE-LA-MONTAN\u0303A-EN-EL-CENTRO-HISTO\u0301RICO-1-1024x1024.jpg 1024w, https:\/\/cuernavaca.gob.mx\/wp-content\/uploads\/2026\/09\/CUERNAVACA-IMPULSA-EL-TALENTO-LOCAL-CON-LA-PRESENTACIO\u0301N-DE-LA-AGRUPACIO\u0301N-RASCATRIPAS-DE-LA-MONTAN\u0303A-EN-EL-CENTRO-HISTO\u0301RICO-1-768x768.jpg 768w, https:\/\/cuernavaca.gob.mx\/wp-content\/uploads\/2026\/09\/CUERNAVACA-IMPULSA-EL-TALENTO-LOCAL-CON-LA-PRESENTACIO\u0301N-DE-LA-AGRUPACIO\u0301N-RASCATRIPAS-DE-LA-MONTAN\u0303A-EN-EL-CENTRO-HISTO\u0301RICO-1-1536x1536.jpg 1536w, https:\/\/cuernavaca.gob.mx\/wp-content\/uploads\/2026\/09\/CUERNAVACA-IMPULSA-EL-TALENTO-LOCAL-CON-LA-PRESENTACIO\u0301N-DE-LA-AGRUPACIO\u0301N-RASCATRIPAS-DE-LA-MONTAN\u0303A-EN-EL-CENTRO-HISTO\u0301RICO-1-600x600.jpg 600w, https:\/\/cuernavaca.gob.mx\/wp-content\/uploads\/2026\/09\/CUERNAVACA-IMPULSA-EL-TALENTO-LOCAL-CON-LA-PRESENTACIO\u0301N-DE-LA-AGRUPACIO\u0301N-RASCATRIPAS-DE-LA-MONTAN\u0303A-EN-EL-CENTRO-HISTO\u0301RICO-1-560x560.jpg 560w, https:\/\/cuernavaca.gob.mx\/wp-content\/uploads\/2026\/09\/CUERNAVACA-IMPULSA-EL-TALENTO-LOCAL-CON-LA-PRESENTACIO\u0301N-DE-LA-AGRUPACIO\u0301N-RASCATRIPAS-DE-LA-MONTAN\u0303A-EN-EL-CENTRO-HISTO\u0301RICO-1.jpg 1600w\" sizes=\"(max-width: 150px) 100vw, 150px\" \/><\/a>\n\t\t\t<\/dt><\/dl><dl class='gallery-item'>\n\t\t\t<dt class='gallery-icon landscape'>\n\t\t\t\t<a href='https:\/\/cuernavaca.gob.mx\/?attachment_id=62755'><img width=\"150\" height=\"150\" src=\"https:\/\/cuernavaca.gob.mx\/wp-content\/uploads\/2026\/09\/CUERNAVACA-IMPULSA-EL-TALENTO-LOCAL-CON-LA-PRESENTACIO\u0301N-DE-LA-AGRUPACIO\u0301N-RASCATRIPAS-DE-LA-MONTAN\u0303A-EN-EL-CENTRO-HISTO\u0301RICO-2-150x150.jpg\" class=\"attachment-thumbnail size-thumbnail\" alt=\"\" loading=\"lazy\" \/><\/a>\n\t\t\t<\/dt><\/dl>\n\t\t\t<br style='clear: both' \/>\n\t\t<\/div>\n\n<p>&nbsp;<\/p>\n","protected":false},"excerpt":{"rendered":"<p>\u2022 El concierto se realizar\u00e1 este domingo 6 de septiembre a las 17:00 horas, como parte del inicio de los festejos del mes patrio El Ayuntamiento de Cuernavaca, a trav\u00e9s de la Secretar\u00eda de Desarrollo Econ\u00f3mico y Turismo (SDEyT), invita a la ciudadan\u00eda a formar parte del inicio de los festejos del mes patrio, que [&hellip;]<\/p>\n","protected":false},"author":1,"featured_media":62754,"comment_status":"closed","ping_status":"open","sticky":false,"template":"","format":"standard","meta":[],"categories":[2292],"tags":[],"aioseo_notices":[],"_links":{"self":[{"href":"https:\/\/cuernavaca.gob.mx\/index.php?rest_route=\/wp\/v2\/posts\/62753"}],"collection":[{"href":"https:\/\/cuernavaca.gob.mx\/index.php?rest_route=\/wp\/v2\/posts"}],"about":[{"href":"https:\/\/cuernavaca.gob.mx\/index.php?rest_route=\/wp\/v2\/types\/post"}],"author":[{"embeddable":true,"href":"https:\/\/cuernavaca.gob.mx\/index.php?rest_route=\/wp\/v2\/users\/1"}],"replies":[{"embeddable":true,"href":"https:\/\/cuernavaca.gob.mx\/index.php?rest_route=%2Fwp%2Fv2%2Fcomments&post=62753"}],"version-history":[{"count":3,"href":"https:\/\/cuernavaca.gob.mx\/index.php?rest_route=\/wp\/v2\/posts\/62753\/revisions"}],"predecessor-version":[{"id":62779,"href":"https:\/\/cuernavaca.gob.mx\/index.php?rest_route=\/wp\/v2\/posts\/62753\/revisions\/62779"}],"wp:featuredmedia":[{"embeddable":true,"href":"https:\/\/cuernavaca.gob.mx\/index.php?rest_route=\/wp\/v2\/media\/62754"}],"wp:attachment":[{"href":"https:\/\/cuernavaca.gob.mx\/index.php?rest_route=%2Fwp%2Fv2%2Fmedia&parent=62753"}],"wp:term":[{"taxonomy":"category","embeddable":true,"href":"https:\/\/cuernavaca.gob.mx\/index.php?rest_route=%2Fwp%2Fv2%2Fcategories&post=62753"},{"taxonomy":"post_tag","embeddable":true,"href":"https:\/\/cuernavaca.gob.mx\/index.php?rest_route=%2Fwp%2Fv2%2Ftags&post=62753"}],"curies":[{"name":"wp","href":"https:\/\/api.w.org\/{rel}","templated":true}]}}