{"id":62758,"date":"2026-09-04T07:11:09","date_gmt":"2026-09-04T13:11:09","guid":{"rendered":"https:\/\/cuernavaca.gob.mx\/?p=62758"},"modified":"2026-09-04T10:18:23","modified_gmt":"2026-09-04T16:18:23","slug":"cuernavaca-invita-a-ninas-ninos-y-adolescentes-a-sumar-su-voz-al-sipinna","status":"publish","type":"post","link":"https:\/\/cuernavaca.gob.mx\/?p=62758","title":{"rendered":"F309 CUERNAVACA INVITA A NI\u00d1AS, NI\u00d1OS Y ADOLESCENTES A SUMAR SU VOZ AL SIPINNA"},"content":{"rendered":"<p>El Ayuntamiento de Cuernavaca, a trav\u00e9s de la Secretar\u00eda Ejecutiva del Sistema de Protecci\u00f3n Integral de Ni\u00f1as, Ni\u00f1os y Adolescentes (SIPINNA), convoca a ni\u00f1as, ni\u00f1os y adolescentes de entre 7 y 15 a\u00f1os del municipio a participar en el proceso para integrar las nuevas representaciones ante este sistema, con el prop\u00f3sito de incorporar sus opiniones y propuestas en los asuntos relacionados con sus derechos.<\/p>\n<p>Las y los participantes podr\u00e1n formar parte de las sesiones del SIPINNA, expresar sus opiniones, plantear ideas y proyectos sobre situaciones que les afectan, as\u00ed como en beneficio de la infancia y adolescencia de Cuernavaca. De esta manera, tendr\u00e1n participaci\u00f3n en un espacio institucional donde sus aportaciones ser\u00e1n escuchadas y consideradas.<\/p>\n<p>Para participar se requiere contar con la aprobaci\u00f3n, autorizaci\u00f3n y acompa\u00f1amiento de la madre, padre, tutora y\/o tutor, adem\u00e1s de tener inter\u00e9s en los derechos de ni\u00f1as, ni\u00f1os y adolescentes. El periodo de inscripci\u00f3n ser\u00e1 del 3 al 18 de septiembre.<\/p>\n<p>Las propuestas deber\u00e1n presentarse en la oficina de la Secretar\u00eda Ejecutiva de Protecci\u00f3n de Ni\u00f1as, Ni\u00f1os y Adolescentes de Cuernavaca, ubicada en la sede Papagayo del Ayuntamiento, en calle Motolin\u00eda n\u00famero 2, colonia Centro.<\/p>\n\n\t\t<style type=\"text\/css\">\n\t\t\t#gallery-1 {\n\t\t\t\tmargin: auto;\n\t\t\t}\n\t\t\t#gallery-1 .gallery-item {\n\t\t\t\tfloat: left;\n\t\t\t\tmargin-top: 10px;\n\t\t\t\ttext-align: center;\n\t\t\t\twidth: 33%;\n\t\t\t}\n\t\t\t#gallery-1 img {\n\t\t\t\tborder: 2px solid #cfcfcf;\n\t\t\t}\n\t\t\t#gallery-1 .gallery-caption {\n\t\t\t\tmargin-left: 0;\n\t\t\t}\n\t\t\t\/* see gallery_shortcode() in wp-includes\/media.php *\/\n\t\t<\/style>\n\t\t<div id='gallery-1' class='gallery galleryid-62758 gallery-columns-3 gallery-size-thumbnail'><dl class='gallery-item'>\n\t\t\t<dt class='gallery-icon portrait'>\n\t\t\t\t<a href='https:\/\/cuernavaca.gob.mx\/?attachment_id=62759'><img width=\"150\" height=\"150\" src=\"https:\/\/cuernavaca.gob.mx\/wp-content\/uploads\/2026\/09\/CUERNAVACA-INVITA-A-NIN\u0303AS-NIN\u0303OS-Y-ADOLESCENTES-A-SUMAR-SU-VOZ-AL-SIPINNA-150x150.jpg\" class=\"attachment-thumbnail size-thumbnail\" alt=\"\" loading=\"lazy\" \/><\/a>\n\t\t\t<\/dt><\/dl>\n\t\t\t<br style='clear: both' \/>\n\t\t<\/div>\n\n","protected":false},"excerpt":{"rendered":"<p>El Ayuntamiento de Cuernavaca, a trav\u00e9s de la Secretar\u00eda Ejecutiva del Sistema de Protecci\u00f3n Integral de Ni\u00f1as, Ni\u00f1os y Adolescentes (SIPINNA), convoca a ni\u00f1as, ni\u00f1os y adolescentes de entre 7 y 15 a\u00f1os del municipio a participar en el proceso para integrar las nuevas representaciones ante este sistema, con el prop\u00f3sito de incorporar sus opiniones [&hellip;]<\/p>\n","protected":false},"author":1,"featured_media":62759,"comment_status":"closed","ping_status":"open","sticky":false,"template":"","format":"standard","meta":[],"categories":[20],"tags":[],"aioseo_notices":[],"_links":{"self":[{"href":"https:\/\/cuernavaca.gob.mx\/index.php?rest_route=\/wp\/v2\/posts\/62758"}],"collection":[{"href":"https:\/\/cuernavaca.gob.mx\/index.php?rest_route=\/wp\/v2\/posts"}],"about":[{"href":"https:\/\/cuernavaca.gob.mx\/index.php?rest_route=\/wp\/v2\/types\/post"}],"author":[{"embeddable":true,"href":"https:\/\/cuernavaca.gob.mx\/index.php?rest_route=\/wp\/v2\/users\/1"}],"replies":[{"embeddable":true,"href":"https:\/\/cuernavaca.gob.mx\/index.php?rest_route=%2Fwp%2Fv2%2Fcomments&post=62758"}],"version-history":[{"count":3,"href":"https:\/\/cuernavaca.gob.mx\/index.php?rest_route=\/wp\/v2\/posts\/62758\/revisions"}],"predecessor-version":[{"id":62774,"href":"https:\/\/cuernavaca.gob.mx\/index.php?rest_route=\/wp\/v2\/posts\/62758\/revisions\/62774"}],"wp:featuredmedia":[{"embeddable":true,"href":"https:\/\/cuernavaca.gob.mx\/index.php?rest_route=\/wp\/v2\/media\/62759"}],"wp:attachment":[{"href":"https:\/\/cuernavaca.gob.mx\/index.php?rest_route=%2Fwp%2Fv2%2Fmedia&parent=62758"}],"wp:term":[{"taxonomy":"category","embeddable":true,"href":"https:\/\/cuernavaca.gob.mx\/index.php?rest_route=%2Fwp%2Fv2%2Fcategories&post=62758"},{"taxonomy":"post_tag","embeddable":true,"href":"https:\/\/cuernavaca.gob.mx\/index.php?rest_route=%2Fwp%2Fv2%2Ftags&post=62758"}],"curies":[{"name":"wp","href":"https:\/\/api.w.org\/{rel}","templated":true}]}}